{"id":61714,"date":"2025-11-30T06:53:07","date_gmt":"2025-11-30T06:53:07","guid":{"rendered":"https:\/\/www.europesays.com\/lv\/61714\/"},"modified":"2025-11-30T06:53:07","modified_gmt":"2025-11-30T06:53:07","slug":"sakas-pardziedi-mani-otra-sezona-dalibnieki-gatavojas-rokmuzikas-izaicinajumam-lente-lv","status":"publish","type":"post","link":"https:\/\/www.europesays.com\/lv\/61714\/","title":{"rendered":"S\u0101kas \u00abP\u0101rdziedi mani!\u00bb otr\u0101 sezona: dal\u012bbnieki gatavojas rokm\u016bzikas izaicin\u0101jumam\u00a0\u2014\u00a0Lente.lv"},"content":{"rendered":"<p>Atgrie\u017eas iem\u012b\u013cotais muzik\u0101lais izaicin\u0101jums: S\u0101kas \u00abP\u0101rdziedi mani!\u00bb otr\u0101 sezona ar rokm\u016bzikas p\u0101rbaud\u012bjumu<\/p>\n<p>M\u016bzikas cien\u012bt\u0101jus Latvij\u0101 priec\u0113 zi\u0146a par to, ka Latvijas Sabiedriskais medijs (LSM) atjauno savu iecien\u012bto muzik\u0101lo \u0161ovu \u00abP\u0101rdziedi mani!\u00bb ar otro sezonu, kas start\u0113 jau \u0161\u012bs sestdienas vakar\u0101. \u0160oreiz skat\u012bt\u0101jus sagaida asto\u0146i drosm\u012bgi dal\u012bbnieki, kuri gatavi mesties izaicin\u0101jum\u0101 izpild\u012bt dziesmas da\u017e\u0101dos m\u016bzikas \u017eanros, neierobe\u017eojot sevi ierastaj\u0101 komforta zon\u0101. Turkl\u0101t, at\u0161\u0137ir\u012bb\u0101 no iepriek\u0161\u0113j\u0101s sezonas, \u0161\u012b gada fin\u0101ls tiks transl\u0113ts tie\u0161raid\u0113, pie\u0161\u0137irot notikumam \u012bpa\u0161u svin\u012bgumu un spriedzi.<\/p>\n<p>Rokm\u016bzikas ener\u0123ija atkl\u0101j jauno \u00abP\u0101rdziedi mani!\u00bb sezonu<\/p>\n<p>Pirm\u0101 t\u0113ma, kas liks dal\u012bbniekiem atkl\u0101t savu talantu un gatav\u012bbu eksperiment\u0113t, ir rokm\u016bzika. \u0160is \u017eanrs neprasa vien talant\u012bgu vok\u0101lu, bet ar\u012b sp\u0113c\u012bgu skatuves t\u0113lu un drosm\u012bgu attieksmi. K\u0101 atkl\u0101jusi viena no \u0161ova dal\u012bbniec\u0113m, Alise Haijima, gatavo\u0161an\u0101s rokam prasa ar\u012b fizisku sagatavot\u012bbu un p\u0101rliec\u012bbu par sevi. &#8220;Man ir \u013coti specifisks t\u0113rps uz \u0161o gabalu \u2013 ze\u0137ubikses, apavi un viss kop\u0101,&#8221; vi\u0146a dal\u0101s pieredz\u0113, piebilstot, ka s\u0101kotn\u0113ji m\u0113\u0123in\u0101jumos dejojusi parastos apavos, ta\u010du TV m\u0113\u0123in\u0101jumos sapratusi, ka nepiecie\u0161ami \u012bpa\u0161i apavi, lai justos p\u0101rliecino\u0161i uz skatuves. T\u0101p\u0113c vi\u0146a speci\u0101li staig\u0101jusi \u0161ajos apavos, lai ieg\u016btu nepiecie\u0161amo dro\u0161\u012bbas saj\u016btu. <\/p>\n<p>Cits dal\u012bbnieks, Art\u016brs U\u0161k\u0101ns, uzsver, ka \u0161ovs ir lieliska iesp\u0113ja m\u0101c\u012bties un att\u012bst\u012bties. Vi\u0146\u0161 ironiski piebilst, ka m\u0101c\u012b\u0161an\u0101s esot lielisks veids, k\u0101 att\u0101lin\u0101ties no demences, uzsverot kognit\u012bv\u0101s slodzes noz\u012bmi. Savuk\u0101rt Rolands \u010ce, viens no spilgt\u0101kajiem Latvijas reperiem, atz\u012bst, ka priek\u0161\u0101 v\u0113l daudz izaicin\u0101jumu un nezin\u0101mais sag\u0101d\u0101 nelielu satraukumu. &#8220;Es nezinu, notur\u0113t noti, kas gan v\u0113l cits? V\u0113l nekas nav s\u0101cies, viss sliktais v\u0113l tikai priek\u0161\u0101,&#8221; vi\u0146\u0161 sprie\u017e, piebilstot, ka m\u0113\u0123in\u0101jumi m\u0101j\u0101s norit bez kritikas, jo atsauksmes v\u0113l nav dzird\u0113tas.<\/p>\n<p>Dal\u012bbnieku daudzveid\u012bba un ekspertu v\u0113rt\u0113jums<\/p>\n<p>\u0160\u012bgada \u00abP\u0101rdziedi mani!\u00bb otraj\u0101 sezon\u0101 piedal\u0101s asto\u0146i sabiedr\u012bb\u0101 paz\u012bstami m\u016bzi\u0137i, kuru vid\u016b ir gan r&#8217;n&#8217;b un popm\u016bzikas izpild\u012bt\u0101ja Alise Haijima, dzied\u0101t\u0101ja Antra Stafecka, latgalie\u0161u m\u016bzi\u0137is Art\u016brs U\u0161k\u0101ns, jaunais talants Emilija, Latvijas Nacion\u0101l\u0101s operas solists J\u0101nis Apeinis, aktrise Raimonda Vazdika, m\u016bzi\u0137is Ralfs Eilands un reperis Rolands \u010ce. \u0160\u0101da dal\u012bbnieku amplit\u016bda sola aizraujo\u0161us priek\u0161nesumus un da\u017e\u0101du muzik\u0101lo stilu paraugdemonstr\u0113jumus.<\/p>\n<p>K\u0101 ierasts, m\u0101kslinieku sniegumu v\u0113rt\u0113s pieredz\u0113ju\u0161i m\u016bzikas profesion\u0101\u013ci \u2013 dzied\u0101t\u0101ja Marija Naumova un Andris Freidenfelds. Vi\u0146iem katr\u0101 raid\u012bjum\u0101 pievienosies tre\u0161ais eksperts, kur\u0161 ir konkr\u0113t\u0101 \u017eanra profesion\u0101lis, lai sniegtu dzi\u013c\u0101ku anal\u012bzi un v\u0113rt\u0113jumu. Ekspertu uzdevums b\u016bs ne tikai nov\u0113rt\u0113t tehnisko izpild\u012bjumu, bet ar\u012b m\u0101kslinieku sp\u0113ju izk\u0101pt no savas komforta zonas un risk\u0113t, lai p\u0101rsteigtu sevi un skat\u012bt\u0101jus. Papildus ekspertu v\u0113rt\u0113jumam, ar\u012b skat\u012bt\u0101jiem tiks dota iesp\u0113ja balsot par saviem favor\u012btiem, t\u0101d\u0113j\u0101di veicinot interakt\u012bvu un iesaisto\u0161u skat\u012b\u0161an\u0101s pieredzi.<\/p>\n<p>Jaunas v\u0113smas un grandioza fin\u0101la tie\u0161raide<\/p>\n<p>\u00abMums ir jauna skatuve. Liel\u0101ka, grandioz\u0101ka. Lai m\u0113s var\u0113tu visas rado\u0161\u0101s idejas \u012bstenot v\u0113l ko\u0161\u0101k,\u00bb st\u0101sta \u0161ova rado\u0161\u0101 re\u017eisore Zane Garga\u017eina, uzsverot, ka \u0161is ir jauns v\u0113riens \u0161ovam. &#8221; pati p\u0113d\u0113j\u0101 epizode mums b\u016bs tie\u0161raid\u0113,&#8221; vi\u0146a piebilst, nor\u0101dot uz gaid\u0101mo lielo fin\u0101lu, kas sol\u0101s b\u016bt \u012bpa\u0161i aizraujo\u0161s. \u0160\u012b tie\u0161raide b\u016bs kulmin\u0101cija asto\u0146\u0101m ned\u0113\u013c\u0101m, kuru laik\u0101 skat\u012bt\u0101ji redz\u0113s asto\u0146us da\u017e\u0101dus m\u016bzikas \u017eanrus, katru ned\u0113\u013cu velt\u012btu citai t\u0113mai.<\/p>\n<p>\u0160ova vad\u012bt\u0101jas lom\u0101 atkal redzama aktrise un re\u017eisore Marija Linarte, kura guvusi pla\u0161u atpaz\u012bstam\u012bbu gan te\u0101tra, gan telev\u012bzijas projektos. Vi\u0146a r\u016bp\u0113sies par pat\u012bkamu un atrakt\u012bvu atmosf\u0113ru raid\u012bjuma laik\u0101. \u00abP\u0101rdziedi mani!\u00bb otr\u0101 sezona sola neaizmirstamu muzik\u0101lu ce\u013cojumu, kur\u0101 katrs dal\u012bbnieks liks liet\u0101 visu savu talantu un drosmi, lai iekarotu skat\u012bt\u0101ju un ekspertu simp\u0101tijas.<\/p>\n","protected":false},"excerpt":{"rendered":"Atgrie\u017eas iem\u012b\u013cotais muzik\u0101lais izaicin\u0101jums: S\u0101kas \u00abP\u0101rdziedi mani!\u00bb otr\u0101 sezona ar rokm\u016bzikas p\u0101rbaud\u012bjumu M\u016bzikas cien\u012bt\u0101jus Latvij\u0101 priec\u0113 zi\u0146a par&hellip;\n","protected":false},"author":2,"featured_media":61715,"comment_status":"","ping_status":"","sticky":false,"template":"","format":"standard","meta":{"footnotes":""},"categories":[5],"tags":[10209,23,28,29,32,33,22,30,31,35,39,38,36,37,34,12700,40,2745,20,16258,26,27,7207,24,25,21],"class_list":{"0":"post-61714","1":"post","2":"type-post","3":"status-publish","4":"format-standard","5":"has-post-thumbnail","7":"category-aktualitates","8":"tag-pardziedi-mani","9":"tag-aktualitates","10":"tag-breaking-news","11":"tag-breakingnews","12":"tag-featured-news","13":"tag-featurednews","14":"tag-headlines","15":"tag-latest-news","16":"tag-latestnews","17":"tag-latvia","18":"tag-latvian","19":"tag-latviesu","20":"tag-latviesu-valoda","21":"tag-latviesuvaloda","22":"tag-latvija","23":"tag-latvijas-sabiedriskais-medijs","24":"tag-lv","25":"tag-muzikas-sovs","26":"tag-news","27":"tag-otra-sezona","28":"tag-popularakas-zinas","29":"tag-popularakaszinas","30":"tag-rokmuzika","31":"tag-top-stories","32":"tag-topstories","33":"tag-zinas"},"share_on_mastodon":{"url":"https:\/\/pubeurope.com\/@lv\/115637335045313910","error":""},"_links":{"self":[{"href":"https:\/\/www.europesays.com\/lv\/wp-json\/wp\/v2\/posts\/61714","targetHints":{"allow":["GET"]}}],"collection":[{"href":"https:\/\/www.europesays.com\/lv\/wp-json\/wp\/v2\/posts"}],"about":[{"href":"https:\/\/www.europesays.com\/lv\/wp-json\/wp\/v2\/types\/post"}],"author":[{"embeddable":true,"href":"https:\/\/www.europesays.com\/lv\/wp-json\/wp\/v2\/users\/2"}],"replies":[{"embeddable":true,"href":"https:\/\/www.europesays.com\/lv\/wp-json\/wp\/v2\/comments?post=61714"}],"version-history":[{"count":0,"href":"https:\/\/www.europesays.com\/lv\/wp-json\/wp\/v2\/posts\/61714\/revisions"}],"wp:featuredmedia":[{"embeddable":true,"href":"https:\/\/www.europesays.com\/lv\/wp-json\/wp\/v2\/media\/61715"}],"wp:attachment":[{"href":"https:\/\/www.europesays.com\/lv\/wp-json\/wp\/v2\/media?parent=61714"}],"wp:term":[{"taxonomy":"category","embeddable":true,"href":"https:\/\/www.europesays.com\/lv\/wp-json\/wp\/v2\/categories?post=61714"},{"taxonomy":"post_tag","embeddable":true,"href":"https:\/\/www.europesays.com\/lv\/wp-json\/wp\/v2\/tags?post=61714"}],"curies":[{"name":"wp","href":"https:\/\/api.w.org\/{rel}","templated":true}]}}