{"id":61724,"date":"2025-11-30T07:02:07","date_gmt":"2025-11-30T07:02:07","guid":{"rendered":"https:\/\/www.europesays.com\/lv\/61724\/"},"modified":"2025-11-30T07:02:07","modified_gmt":"2025-11-30T07:02:07","slug":"rekordlieli-pardosanas-apjomi-un-strategiski-soli-nakotnei-lente-lv","status":"publish","type":"post","link":"https:\/\/www.europesays.com\/lv\/61724\/","title":{"rendered":"rekordlieli p\u0101rdo\u0161anas apjomi un strat\u0113\u0123iski so\u013ci n\u0101kotnei\u00a0\u2014\u00a0Lente.lv"},"content":{"rendered":"<p>Tesla atg\u016bst sp\u0113kus: rekordlielie p\u0101rdo\u0161anas apjomi un n\u0101kotnes perspekt\u012bvas<\/p>\n<p>P\u0113c vair\u0101kiem krituma periodiem, Tesla beidzot demonstr\u0113 iespaid\u012bgu sniegumu, sasniedzot rekordlielu pieg\u0101d\u0101to automa\u0161\u012bnu skaitu. Tre\u0161aj\u0101 ceturksn\u012b uz\u0146\u0113mums klientiem pieg\u0101d\u0101jis 497 099 elektroauto, kas par 7,4% p\u0101rsniedz pag\u0101ju\u0161\u0101 gada rezult\u0101tus (462 890 vien\u012bbas). \u0160is r\u0101d\u012bt\u0101js ir \u012bpa\u0161i svar\u012bgs Tesla, kas darbojas p\u0113c tie\u0161\u0101s p\u0101rdo\u0161anas mode\u013ca, jo tas faktiski atspogu\u013co re\u0101los p\u0101rdo\u0161anas apjomus.<\/p>\n<p>Piepras\u012bjums bija tik liels, ka Tesla sp\u0113ja izp\u0101rdot visus savus eso\u0161os kr\u0101jumus, lai gan sara\u017eoto automa\u0161\u012bnu skaits bija nedaudz maz\u0101ks \u2013 447 450 vien\u012bbas. Tas ir par 5% maz\u0101k nek\u0101 iepriek\u0161\u0113j\u0101 gada tre\u0161aj\u0101 ceturksn\u012b (469 796 vien\u012bbas). No sara\u017eotaj\u0101m automa\u0161\u012bn\u0101m 435 826 bija Model 3 un Model Y, bet atliku\u0161\u0101s 11 624 bija Model S, Model X un Cybertruck. J\u0101atz\u012bm\u0113, ka Model 3 un Model Y veidoja iev\u0113rojamu da\u013cu jeb aptuveni 97% no kop\u0113j\u0101 pieg\u0101\u017eu apjoma (481 166 vien\u012bbas), savuk\u0101rt Model S, Model X un maz\u0101k piepras\u012btais Cybertruck kop\u0101 sast\u0101d\u012bja 15 933 pieg\u0101des.<\/p>\n<p>Rekordlielais piepras\u012bjums un strat\u0113\u0123iskie l\u0113mumi<\/p>\n<p>Intens\u012bvais piepras\u012bjums piespieda Tesla veikt straujas korekcijas sav\u0101 strat\u0113\u0123ij\u0101. Tika paaugstin\u0101tas l\u012bzinga cenas ceturk\u0161\u0146a vid\u016b, k\u0101 ar\u012b p\u0101rtrauktas da\u017eas akcijas, kas darboj\u0101s t\u0101 s\u0101kum\u0101. \u0160ie so\u013ci liecina par sp\u0113c\u012bgu pirc\u0113ju uztic\u012bbu z\u012bmolam un t\u0101 produktiem.<\/p>\n<p>Vald\u012bbas atbalsts un konkur\u0113tsp\u0113jas izaicin\u0101jumi<\/p>\n<p>Bloomberg anal\u012bti\u0137i bija prognoz\u0113ju\u0161i krietni pietic\u012bg\u0101kus rezult\u0101tus, vid\u0113ji 439 600 automa\u0161\u012bnas. Galvenais faktors, kas veicin\u0101ja elektroauto p\u0101rdo\u0161anu ASV, bija feder\u0101l\u0101 nodok\u013cu atlaide 7 500 USD apm\u0113r\u0101, kas tie\u0161i samazin\u0101ja automa\u0161\u012bnas cenu pirkuma br\u012bd\u012b. Tesla 7,4% gada pieaugums ir noz\u012bm\u012bgs atspaids gad\u0101, ko l\u012bdz \u0161im ietekm\u0113jusi Ilona Maska politisk\u0101 aktivit\u0101te un tirgus sv\u0101rst\u012bbas elektroauto segment\u0101.<\/p>\n<p>Uz\u0146\u0113mums guva pilnv\u0113rt\u012bgu labumu no nodok\u013cu atvieglojumiem, pat atliekot da\u017eu paredz\u0113to mode\u013cu izlai\u0161anu uz ceturto ceturksni, kad valsts atbalsts vairs neb\u016bs pieejams. Tom\u0113r konkurence k\u013c\u016bst arvien s\u012bv\u0101ka. Piem\u0113ram, Hyundai ir samazin\u0101jis savu Model Y konkurenta, 2026. gada Ioniq 5, cenu l\u012bdz pat 9 800 USD. Lai kompens\u0113tu nodok\u013cu atvieglojumu zaud\u0113jumu klientiem ceturtaj\u0101 ceturksn\u012b, Tesla ieviesa 6 500 USD l\u012bzinga atlaidi. T\u0101pat tika prezent\u0113tas divas jaunas Model Y versijas.<\/p>\n<p>Pieejamas k\u013cuva Model Y Performance 2026. gada versija, ko bija iesp\u0113jams pas\u016bt\u012bt v\u0113l pirms nodok\u013cu atvieglojumu beig\u0101m. Klientiem, kuri nepasp\u0113ja veikt pirkumu l\u012bdz 30. septembrim, Tesla pied\u0101v\u0101ja bezmaksas kr\u0101sas, salona apdares un vilk\u0161anas komplekta uzlabojumus. Turkl\u0101t uz\u0146\u0113mums uzs\u0101ka vispieejam\u0101k\u0101s Model Y versijas masveida ra\u017eo\u0161anu, kuras cena b\u016bs tuva tai, ko pirc\u0113ji maks\u0101ja par \u0161o krosoveru, ieskaitot nodok\u013cu atlaides. Tom\u0113r \u0161\u012b so\u013ca pan\u0101kumi nav garant\u0113ti, jo l\u012bdz\u012bgs eksperiments ar Cybertruck RWD neattaisnoj\u0101s un tika klusi iz\u0146emts no ra\u017eo\u0161anas.<\/p>\n<p>Glob\u0101l\u0101 aina un n\u0101kotnes prognozes<\/p>\n<p>Neskatoties uz pan\u0101kumiem ASV, situ\u0101cija citos tirgos ir iev\u0113rojami v\u0101j\u0101ka. Eirop\u0101 Tesla ir zaud\u0113jusi 37% no saviem p\u0101rdo\u0161anas apjomiem gada s\u0101kum\u0101 sal\u012bdzin\u0101jum\u0101 ar iepriek\u0161\u0113jo gadu. Ar\u012b \u0136\u012bn\u0101 uz\u0146\u0113mumam kl\u0101jas gr\u016bti, saskaroties ar sp\u0113c\u012bgu viet\u0113jo ra\u017eot\u0101ju, piem\u0113ram, BYD un Geely, konkurenci.<\/p>\n<p>Anal\u012bti\u0137i br\u012bdina, ka p\u0113c nodok\u013cu atvieglojumu beig\u0101m ASV tirgus var\u0113tu strauji atdzist. Ilons Masks ir atzinis, ka komp\u0101nijai b\u016bs j\u0101p\u0101rvar\u0113t \u201cda\u017ei sare\u017e\u0123\u012bti ceturk\u0161\u0146i\u201d, ta\u010du vi\u0146\u0161 uzskata, ka atvese\u013co\u0161anos nodro\u0161in\u0101s m\u0101ksl\u012bg\u0101 intelekta (MI) projektu att\u012bst\u012bba, \u012bpa\u0161i Robotaxi un humano\u012bdie roboti. Vi\u0146a prognozes liecina, ka l\u012bdz 2025. gada beig\u0101m 50% ASV iedz\u012bvot\u0101ju var\u0113tu b\u016bt pieejams Robotaxi pakalpojums, kas pa\u0161laik darbojas tikai Ostin\u0101 un Sanfrancisko.<\/p>\n<p>Tesla gal\u012bgos finan\u0161u rezult\u0101tus par tre\u0161o ceturksni publiskos 22. oktobr\u012b. Tad k\u013c\u016bs skaidrs, k\u0101 rekordlielie p\u0101rdo\u0161anas apjomi ir ietekm\u0113ju\u0161i uz\u0146\u0113muma ienes\u012bgumu un k\u0101di ir t\u0101 pl\u0101ni attiec\u012bb\u0101 uz turpm\u0101kajiem mode\u013ciem.<\/p>\n","protected":false},"excerpt":{"rendered":"Tesla atg\u016bst sp\u0113kus: rekordlielie p\u0101rdo\u0161anas apjomi un n\u0101kotnes perspekt\u012bvas P\u0113c vair\u0101kiem krituma periodiem, Tesla beidzot demonstr\u0113 iespaid\u012bgu sniegumu,&hellip;\n","protected":false},"author":2,"featured_media":61725,"comment_status":"","ping_status":"","sticky":false,"template":"","format":"standard","meta":{"footnotes":""},"categories":[16],"tags":[1473,77,76,7267,14221,35,39,38,36,37,34,40,4601,14219],"class_list":{"0":"post-61724","1":"post","2":"type-post","3":"status-publish","4":"format-standard","5":"has-post-thumbnail","7":"category-bizness","8":"tag-automobilu-rupnieciba","9":"tag-bizness","10":"tag-business","11":"tag-elektroauto-tirgus","12":"tag-ilona-maska-uznemumi","13":"tag-latvia","14":"tag-latvian","15":"tag-latviesu","16":"tag-latviesu-valoda","17":"tag-latviesuvaloda","18":"tag-latvija","19":"tag-lv","20":"tag-nodoklu-atvieglojumi","21":"tag-tesla-pardosana"},"share_on_mastodon":{"url":"https:\/\/pubeurope.com\/@lv\/115637370439162359","error":""},"_links":{"self":[{"href":"https:\/\/www.europesays.com\/lv\/wp-json\/wp\/v2\/posts\/61724","targetHints":{"allow":["GET"]}}],"collection":[{"href":"https:\/\/www.europesays.com\/lv\/wp-json\/wp\/v2\/posts"}],"about":[{"href":"https:\/\/www.europesays.com\/lv\/wp-json\/wp\/v2\/types\/post"}],"author":[{"embeddable":true,"href":"https:\/\/www.europesays.com\/lv\/wp-json\/wp\/v2\/users\/2"}],"replies":[{"embeddable":true,"href":"https:\/\/www.europesays.com\/lv\/wp-json\/wp\/v2\/comments?post=61724"}],"version-history":[{"count":0,"href":"https:\/\/www.europesays.com\/lv\/wp-json\/wp\/v2\/posts\/61724\/revisions"}],"wp:featuredmedia":[{"embeddable":true,"href":"https:\/\/www.europesays.com\/lv\/wp-json\/wp\/v2\/media\/61725"}],"wp:attachment":[{"href":"https:\/\/www.europesays.com\/lv\/wp-json\/wp\/v2\/media?parent=61724"}],"wp:term":[{"taxonomy":"category","embeddable":true,"href":"https:\/\/www.europesays.com\/lv\/wp-json\/wp\/v2\/categories?post=61724"},{"taxonomy":"post_tag","embeddable":true,"href":"https:\/\/www.europesays.com\/lv\/wp-json\/wp\/v2\/tags?post=61724"}],"curies":[{"name":"wp","href":"https:\/\/api.w.org\/{rel}","templated":true}]}}