{"id":61736,"date":"2025-11-30T07:21:07","date_gmt":"2025-11-30T07:21:07","guid":{"rendered":"https:\/\/www.europesays.com\/lv\/61736\/"},"modified":"2025-11-30T07:21:07","modified_gmt":"2025-11-30T07:21:07","slug":"lietuva-pec-ievainojuma-macibas-poligona-miris-belgijas-karavirs","status":"publish","type":"post","link":"https:\/\/www.europesays.com\/lv\/61736\/","title":{"rendered":"Lietuv\u0101 p\u0113c ievainojuma m\u0101c\u012bb\u0101s poligon\u0101 miris Be\u013c\u0123ijas karav\u012brs"},"content":{"rendered":"<p><a href=\"https:\/\/www.apollo.lv\/term\/570900\/karavirs\" class=\"topicLink\" target=\"_blank\" rel=\"nofollow noopener\">Karav\u012brs<\/a> tika ievainots artil\u0113rijas m\u0101c\u012bb\u0101s. P\u0113c pirm\u0101s pal\u012bdz\u012bbas snieg\u0161anas notikuma viet\u0101 cietu\u0161o steidzami nog\u0101d\u0101ja slimn\u012bc\u0101, kur medi\u0137i diennakti c\u012bn\u012bj\u0101s par vi\u0146a dz\u012bv\u012bbu. Diem\u017e\u0113l, karav\u012brs neizdz\u012bvoja.<\/p>\n<p>&#8220;Izsak\u0101m visdzi\u013c\u0101ko l\u012bdzj\u016bt\u012bbu boj\u0101g\u0101ju\u0161\u0101 karav\u012bra \u0123imenei, vi\u0146a kol\u0113\u0123iem un m\u016bsu tuvajai sabiedrotajai Be\u013c\u0123ijai,&#8221; pazi\u0146oja Lietuvas Aizsardz\u012bbas ministrija.<\/p>\n<p>Be\u013c\u0123ijas karav\u012brs dien\u0113ja NATO daudznacion\u0101laj\u0101 kaujas grup\u0101, kas izvietota Rukl\u0101.<\/p>\n<p>Be\u013c\u0123ijas Feder\u0101l\u0101 prokurat\u016bra pazi\u0146oja, ka s\u0101kusi izmekl\u0113t \u0161o smago negad\u012bjumu, piebilstot, ka &#8220;\u0161aj\u0101 izmekl\u0113\u0161anas posm\u0101&#8221; t\u0101 nek\u0101du pla\u0161\u0101ku inform\u0101ciju nesniegs. Ar\u012b Aizsardz\u012bbas ministrija ir s\u0101kusi iek\u0161\u0113jo izmekl\u0113\u0161anu, lai noskaidrotu prec\u012bzus negad\u012bjuma apst\u0101k\u013cus.<\/p>\n<p>Kop\u0161 vasaras Lietuv\u0101 izvietoti gandr\u012bz 200 karav\u012bru no Be\u013c\u0123ijas, v\u0113sta zi\u0146u a\u0123ent\u016bra &#8220;Belga&#8221;.<\/p>\n","protected":false},"excerpt":{"rendered":"Karav\u012brs tika ievainots artil\u0113rijas m\u0101c\u012bb\u0101s. P\u0113c pirm\u0101s pal\u012bdz\u012bbas snieg\u0161anas notikuma viet\u0101 cietu\u0161o steidzami nog\u0101d\u0101ja slimn\u012bc\u0101, kur medi\u0137i diennakti&hellip;\n","protected":false},"author":2,"featured_media":61737,"comment_status":"","ping_status":"","sticky":false,"template":"","format":"standard","meta":{"footnotes":""},"categories":[14],"tags":[23,57,2532,28,29,32,33,22,16265,30,31,35,39,38,36,37,34,1464,40,20,26,27,24,25,54,55,56,21,58],"class_list":{"0":"post-61736","1":"post","2":"type-post","3":"status-publish","4":"format-standard","5":"has-post-thumbnail","7":"category-zinas-no-arvalstim","8":"tag-aktualitates","9":"tag-arvalstim","10":"tag-belgija","11":"tag-breaking-news","12":"tag-breakingnews","13":"tag-featured-news","14":"tag-featurednews","15":"tag-headlines","16":"tag-karavirs","17":"tag-latest-news","18":"tag-latestnews","19":"tag-latvia","20":"tag-latvian","21":"tag-latviesu","22":"tag-latviesu-valoda","23":"tag-latviesuvaloda","24":"tag-latvija","25":"tag-lietuva","26":"tag-lv","27":"tag-news","28":"tag-popularakas-zinas","29":"tag-popularakaszinas","30":"tag-top-stories","31":"tag-topstories","32":"tag-world","33":"tag-world-news","34":"tag-worldnews","35":"tag-zinas","36":"tag-zinas-no-arvalstim"},"share_on_mastodon":{"url":"https:\/\/pubeurope.com\/@lv\/115637445132616302","error":""},"_links":{"self":[{"href":"https:\/\/www.europesays.com\/lv\/wp-json\/wp\/v2\/posts\/61736","targetHints":{"allow":["GET"]}}],"collection":[{"href":"https:\/\/www.europesays.com\/lv\/wp-json\/wp\/v2\/posts"}],"about":[{"href":"https:\/\/www.europesays.com\/lv\/wp-json\/wp\/v2\/types\/post"}],"author":[{"embeddable":true,"href":"https:\/\/www.europesays.com\/lv\/wp-json\/wp\/v2\/users\/2"}],"replies":[{"embeddable":true,"href":"https:\/\/www.europesays.com\/lv\/wp-json\/wp\/v2\/comments?post=61736"}],"version-history":[{"count":0,"href":"https:\/\/www.europesays.com\/lv\/wp-json\/wp\/v2\/posts\/61736\/revisions"}],"wp:featuredmedia":[{"embeddable":true,"href":"https:\/\/www.europesays.com\/lv\/wp-json\/wp\/v2\/media\/61737"}],"wp:attachment":[{"href":"https:\/\/www.europesays.com\/lv\/wp-json\/wp\/v2\/media?parent=61736"}],"wp:term":[{"taxonomy":"category","embeddable":true,"href":"https:\/\/www.europesays.com\/lv\/wp-json\/wp\/v2\/categories?post=61736"},{"taxonomy":"post_tag","embeddable":true,"href":"https:\/\/www.europesays.com\/lv\/wp-json\/wp\/v2\/tags?post=61736"}],"curies":[{"name":"wp","href":"https:\/\/api.w.org\/{rel}","templated":true}]}}