{"id":61738,"date":"2025-11-30T07:23:07","date_gmt":"2025-11-30T07:23:07","guid":{"rendered":"https:\/\/www.europesays.com\/lv\/61738\/"},"modified":"2025-11-30T07:23:07","modified_gmt":"2025-11-30T07:23:07","slug":"vietejie-iedzivotaji-pieprasa-skaidrakus-noteikumus-un-dialogu-lente-lv","status":"publish","type":"post","link":"https:\/\/www.europesays.com\/lv\/61738\/","title":{"rendered":"Viet\u0113jie iedz\u012bvot\u0101ji pieprasa skaidr\u0101kus noteikumus un dialogu\u00a0\u2014\u00a0Lente.lv"},"content":{"rendered":"<p>Jauns pl\u0101ns Tei\u010du rezerv\u0101t\u0101: Viet\u0113jie iedz\u012bvot\u0101ji ilgojas p\u0113c skaidr\u012bbas un dialoga<\/p>\n<p>Tei\u010du dabas rezerv\u0101ts, Latvijas liel\u0101k\u0101 un viena no vissavald\u012bt\u0101kaj\u0101m teritorij\u0101m, gatavojas ieviest jaunu dabas aizsardz\u012bbas pl\u0101nu, kas cer risin\u0101t gadiem ilgu\u0161\u0101s nesaska\u0146as ar apk\u0101rt\u0113jo iedz\u012bvot\u0101ju kopienu. Jau gadu desmitiem stingrie noteikumi, kas paredz\u0113ti, lai saglab\u0101tu \u0161\u012bs unik\u0101l\u0101s ekosist\u0113mas, rada iev\u0113rojamus ierobe\u017eojumus zemes \u012bpa\u0161niekiem, lauksaimniekiem un viet\u0113jiem iedz\u012bvot\u0101jiem. Vi\u0146i pau\u017e neapmierin\u0101t\u012bbu ar eso\u0161o situ\u0101ciju un cer, ka jaunais pl\u0101ns nodro\u0161in\u0101s liel\u0101ku prognoz\u0113jam\u012bbu un atv\u0113rtu diskusiju.<\/p>\n<p>Iedz\u012bvot\u0101ju ba\u017eas un cer\u012bbas<\/p>\n<p>Galvenais viet\u0113jo iedz\u012bvot\u0101ju satraukums ir par stingrajiem regul\u0113jumiem, kas bie\u017ei vien \u0161\u0137iet neskaidri un ierobe\u017eojo\u0161i vi\u0146u ikdienas dz\u012bv\u0113 un saimnieciskaj\u0101 darb\u012bb\u0101. Lai gan Tei\u010du purvs ir patiesi v\u0113rt\u012bga un neaizst\u0101jama dabas teritorija, kur\u0101 m\u012bt retas sugas un kas ir noz\u012bm\u012bga migr\u0113jo\u0161o putnu atp\u016btas vieta, iedz\u012bvot\u0101ji alkst p\u0113c skaidr\u0101kas inform\u0101cijas un iesp\u0113jas paust savus apsv\u0113rumus. Vi\u0146i cer, ka jaunais dabas aizsardz\u012bbas pl\u0101ns, kura izstr\u0101de ir nosl\u0113guma posm\u0101 un par kuru notiek sabiedrisk\u0101s apsprie\u0161anas, sp\u0113s rast l\u012bdzsvaru starp stingro dabas aizsardz\u012bbu un cilv\u0113ku vajadz\u012bb\u0101m.<\/p>\n<p>Dialoga noz\u012bme un turpm\u0101kie so\u013ci<\/p>\n<p>Dabas aizsardz\u012bbas p\u0101rvalde akt\u012bvi aicina iedz\u012bvot\u0101jus, zemes \u012bpa\u0161niekus un citus interesentus iesaist\u012bties jaun\u0101 pl\u0101na izstr\u0101d\u0113. Lai gan iepriek\u0161\u0113j\u0101 gada septembr\u012b viet\u0113jiem iedz\u012bvot\u0101jiem tika dota ierobe\u017eota iesp\u0113ja las\u012bt dz\u0113rvenes rezerv\u0101ta noteikt\u0101s zon\u0101s, tas ir tikai viens piem\u0113rs tam, k\u0101 var\u0113tu risin\u0101ties dialogs. Pl\u0101nots, ka inform\u0101cijas san\u0101ksmes notiks 27. novembr\u012b Ata\u0161ien\u0113 un Barkav\u0101, kur ikvienam b\u016bs iesp\u0113ja iepaz\u012bties ar pl\u0101na gaitu un sniegt savus priek\u0161likumus rakstiski l\u012bdz 31. decembrim. \u0160is ir svar\u012bgs solis pretim skaidr\u0101kiem noteikumiem un lab\u0101kai sapratnei starp dabas sargiem un viet\u0113jiem iedz\u012bvot\u0101jiem, lai nodro\u0161in\u0101tu Tei\u010du dabas rezerv\u0101ta ilgtermi\u0146a saglab\u0101\u0161anu, vienlaikus respekt\u0113jot cilv\u0113ku intereses.<\/p>\n","protected":false},"excerpt":{"rendered":"Jauns pl\u0101ns Tei\u010du rezerv\u0101t\u0101: Viet\u0113jie iedz\u012bvot\u0101ji ilgojas p\u0113c skaidr\u012bbas un dialoga Tei\u010du dabas rezerv\u0101ts, Latvijas liel\u0101k\u0101 un viena&hellip;\n","protected":false},"author":2,"featured_media":61739,"comment_status":"","ping_status":"","sticky":false,"template":"","format":"standard","meta":{"footnotes":""},"categories":[5],"tags":[23,28,29,16267,16269,32,33,22,30,31,35,39,38,36,37,34,40,20,26,27,4154,16266,24,25,16268,21],"class_list":{"0":"post-61738","1":"post","2":"type-post","3":"status-publish","4":"format-standard","5":"has-post-thumbnail","7":"category-aktualitates","8":"tag-aktualitates","9":"tag-breaking-news","10":"tag-breakingnews","11":"tag-dabas-aizsardzibas-plans","12":"tag-dabas-saglabasana","13":"tag-featured-news","14":"tag-featurednews","15":"tag-headlines","16":"tag-latest-news","17":"tag-latestnews","18":"tag-latvia","19":"tag-latvian","20":"tag-latviesu","21":"tag-latviesu-valoda","22":"tag-latviesuvaloda","23":"tag-latvija","24":"tag-lv","25":"tag-news","26":"tag-popularakas-zinas","27":"tag-popularakaszinas","28":"tag-saimnieciska-darbiba","29":"tag-teicu-dabas-rezervats","30":"tag-top-stories","31":"tag-topstories","32":"tag-vietejie-iedzivotaji","33":"tag-zinas"},"share_on_mastodon":{"url":"https:\/\/pubeurope.com\/@lv\/115637453030938318","error":""},"_links":{"self":[{"href":"https:\/\/www.europesays.com\/lv\/wp-json\/wp\/v2\/posts\/61738","targetHints":{"allow":["GET"]}}],"collection":[{"href":"https:\/\/www.europesays.com\/lv\/wp-json\/wp\/v2\/posts"}],"about":[{"href":"https:\/\/www.europesays.com\/lv\/wp-json\/wp\/v2\/types\/post"}],"author":[{"embeddable":true,"href":"https:\/\/www.europesays.com\/lv\/wp-json\/wp\/v2\/users\/2"}],"replies":[{"embeddable":true,"href":"https:\/\/www.europesays.com\/lv\/wp-json\/wp\/v2\/comments?post=61738"}],"version-history":[{"count":0,"href":"https:\/\/www.europesays.com\/lv\/wp-json\/wp\/v2\/posts\/61738\/revisions"}],"wp:featuredmedia":[{"embeddable":true,"href":"https:\/\/www.europesays.com\/lv\/wp-json\/wp\/v2\/media\/61739"}],"wp:attachment":[{"href":"https:\/\/www.europesays.com\/lv\/wp-json\/wp\/v2\/media?parent=61738"}],"wp:term":[{"taxonomy":"category","embeddable":true,"href":"https:\/\/www.europesays.com\/lv\/wp-json\/wp\/v2\/categories?post=61738"},{"taxonomy":"post_tag","embeddable":true,"href":"https:\/\/www.europesays.com\/lv\/wp-json\/wp\/v2\/tags?post=61738"}],"curies":[{"name":"wp","href":"https:\/\/api.w.org\/{rel}","templated":true}]}}