{"id":6175,"date":"2025-09-27T10:12:03","date_gmt":"2025-09-27T10:12:03","guid":{"rendered":"https:\/\/www.europesays.com\/lv\/6175\/"},"modified":"2025-09-27T10:12:03","modified_gmt":"2025-09-27T10:12:03","slug":"moldova-svetdien-atkal-bus-izskirsanas-prieksa","status":"publish","type":"post","link":"https:\/\/www.europesays.com\/lv\/6175\/","title":{"rendered":"Moldova sv\u0113tdien atkal b\u016bs iz\u0161\u0137ir\u0161an\u0101s priek\u0161\u0101"},"content":{"rendered":"<p>Maskavai piebalsojis ar\u012b prokrieviski noska\u0146otais biju\u0161ais Moldovas prezidents, soci\u0101listu l\u012bderis Igors Dodons, apgalvojot, ka Sandu un vi\u0146as atbalst\u012bt\u0101ju m\u0113r\u0137is esot ieraut valsti kar\u0101 ar Krieviju.<\/p>\n<p>&#8220;Tas liecina, ka Krievija atkl\u0101ti gatavo pl\u0101nu &#8220;B&#8221;,&#8221; nor\u0101da Panainte. &#8220;Ja PAS ieg\u016bs vair\u0101kumu, tas noz\u012bm\u0113, ka vi\u0146i (krievi) \u0137ersies pie vardarb\u012bbas un inscen\u0113tiem uzbrukumiem. T\u0101 ir iesp\u0113ja, kam tie gatavojas.&#8221;<\/p>\n<p>Pied\u0146estras faktors<\/p>\n<p>Lai gan Ki\u0161i\u0146evas centr\u0101l\u0101s varasiest\u0101des faktiski nekontrol\u0113 Pied\u0146estras re\u0123ionu, kur joproj\u0101m atrodas pusotru t\u016bkstoti v\u012bru liels Krievijas armijas kontingents, tur m\u012bto\u0161ajiem Moldovas pilso\u0146iem ir balssties\u012bbas. Ta\u010du prokrievisko separ\u0101tistu kontrol\u0113taj\u0101 teritorij\u0101 nav iesp\u0113jams ier\u012bkot v\u0113l\u0113\u0161anu iecirk\u0146us, t\u0101p\u0113c iecirk\u0146i, kur var nobalsot Pied\u0146estras iedz\u012bvot\u0101ji, tiek iek\u0101rtoti D\u0146estras labaj\u0101 krast\u0101.<\/p>\n<p>Tom\u0113r Moldovas v\u0113l\u0113\u0161anu komisija noraid\u012bjusi Pied\u0146estras pa\u0161pasludin\u0101to iest\u0101\u017eu pras\u012bbu atv\u0113rt 41 \u0161\u0101du iecirkni un piekritusi tikai 10 iecirk\u0146u iek\u0101rto\u0161anai.<\/p>\n<p>Pied\u0146estras v\u0113l\u0113t\u0101ji tradicion\u0101li balsoju\u0161i par prokrieviskajiem kandid\u0101tiem. Turkl\u0101t Separ\u0101tistu kontrol\u0113taj\u0101 re\u0123ion\u0101 v\u0113l\u0113t\u0101ji ir v\u0113l maz\u0101k pasarg\u0101ti no balsu pirk\u0161anas, ko Moldovas varasiest\u0101des nek\u0101d\u0101 veid\u0101 nesp\u0113j nedz kontrol\u0113t, nedz sod\u012bt.<\/p>\n<p>Iesp\u0113jam\u0101 nestabilit\u0101te<\/p>\n<p>Eksperti nor\u0101da, ka v\u0113l\u0113\u0161an\u0101s iz\u0161\u0137iro\u0161a noz\u012bme b\u016bs v\u0113l\u0113t\u0101ju aktivit\u0101tei, \u012bpa\u0161i rietumvalst\u012bs, kur m\u012bt liela mold\u0101vu diaspora, kas sliecas balsot par PAS, un Pied\u0146estras re\u0123ion\u0101, kas savuk\u0101rt, dom\u0101jams, balsos par prokrieviskaj\u0101m partij\u0101m.<\/p>\n<p>C\u012b\u0146\u0101 par 101 parlamenta deput\u0101ta vietu kopum\u0101 iesaist\u012bju\u0161\u0101s 23 partijas.<\/p>\n<p>Ja v\u0113l\u0113\u0161an\u0101s uzvar\u0113s PAS, ta\u010du nesp\u0113s izc\u012bn\u012bt absol\u016bto vair\u0101kumu, tai var n\u0101kties iesaist\u012bties koal\u012bcij\u0101 ar k\u0101du no partij\u0101m, kas k\u013c\u016bs par krievu &#8220;Trojas zirgu&#8221; vald\u012bb\u0101 un sabot\u0113s t\u0101s centienus integr\u0113ties ES, br\u012bdina eksperti. Pa\u0161a a\u0123ent\u016brai AFP nor\u0101d\u012bjis, ka jebk\u0101da nestabilit\u0101te p\u0113c v\u0113l\u0113\u0161an\u0101m var\u0113tu b\u016bt &#8220;visai \u0113rta Krievijas intere\u0161u \u012bsteno\u0161anai&#8221;.<\/p>\n<p>Lai gan m\u0113r\u0137is iest\u0101ties ES tagad ir iek\u013cauts Moldovas konstit\u016bcij\u0101, eiroskeptiski noska\u0146ota vald\u012bba var nobremz\u0113t iest\u0101\u0161an\u0101s sarunas. Gruzijas piem\u0113rs liecina, ka proeiropeisks kurss nav pats par sevi saprotams un ka Krievija sp\u0113j joproj\u0101m saglab\u0101t savu ietekmi, br\u012bdina britu domn\u012bcas &#8220;Chatham House&#8221; p\u0113tniece Mel\u0101nija Parzonka.<\/p>\n<p>Tom\u0113r daudzus Ki\u0161i\u0146evas iel\u0101s sastaptos mold\u0101vus, ko uzrun\u0101jusi AFP, vilina iesp\u0113jas, ko pied\u0101v\u0101 cie\u0161as saites ar Rietumiem. &#8220;Es v\u0113los lab\u0101ku n\u0101kotni, lai pabeigtu studijas \u0101rzem\u0113s un atgrieztos Moldov\u0101, kas man patiktu,&#8221; saka 21 gadu vec\u0101 L\u012bvija Melnoka.<\/p>\n","protected":false},"excerpt":{"rendered":"Maskavai piebalsojis ar\u012b prokrieviski noska\u0146otais biju\u0161ais Moldovas prezidents, soci\u0101listu l\u012bderis Igors Dodons, apgalvojot, ka Sandu un vi\u0146as atbalst\u012bt\u0101ju&hellip;\n","protected":false},"author":2,"featured_media":6176,"comment_status":"","ping_status":"","sticky":false,"template":"","format":"standard","meta":{"footnotes":""},"categories":[5],"tags":[23,28,29,427,514,32,33,22,234,30,31,35,39,38,36,37,34,40,2723,1453,20,26,27,24,25,2544,21],"class_list":{"0":"post-6175","1":"post","2":"type-post","3":"status-publish","4":"format-standard","5":"has-post-thumbnail","7":"category-aktualitates","8":"tag-aktualitates","9":"tag-breaking-news","10":"tag-breakingnews","11":"tag-eiropa","12":"tag-eiropas-savieniba","13":"tag-featured-news","14":"tag-featurednews","15":"tag-headlines","16":"tag-krievija","17":"tag-latest-news","18":"tag-latestnews","19":"tag-latvia","20":"tag-latvian","21":"tag-latviesu","22":"tag-latviesu-valoda","23":"tag-latviesuvaloda","24":"tag-latvija","25":"tag-lv","26":"tag-maija-sandu","27":"tag-moldova","28":"tag-news","29":"tag-popularakas-zinas","30":"tag-popularakaszinas","31":"tag-top-stories","32":"tag-topstories","33":"tag-velesanas","34":"tag-zinas"},"share_on_mastodon":{"url":"","error":""},"_links":{"self":[{"href":"https:\/\/www.europesays.com\/lv\/wp-json\/wp\/v2\/posts\/6175","targetHints":{"allow":["GET"]}}],"collection":[{"href":"https:\/\/www.europesays.com\/lv\/wp-json\/wp\/v2\/posts"}],"about":[{"href":"https:\/\/www.europesays.com\/lv\/wp-json\/wp\/v2\/types\/post"}],"author":[{"embeddable":true,"href":"https:\/\/www.europesays.com\/lv\/wp-json\/wp\/v2\/users\/2"}],"replies":[{"embeddable":true,"href":"https:\/\/www.europesays.com\/lv\/wp-json\/wp\/v2\/comments?post=6175"}],"version-history":[{"count":0,"href":"https:\/\/www.europesays.com\/lv\/wp-json\/wp\/v2\/posts\/6175\/revisions"}],"wp:featuredmedia":[{"embeddable":true,"href":"https:\/\/www.europesays.com\/lv\/wp-json\/wp\/v2\/media\/6176"}],"wp:attachment":[{"href":"https:\/\/www.europesays.com\/lv\/wp-json\/wp\/v2\/media?parent=6175"}],"wp:term":[{"taxonomy":"category","embeddable":true,"href":"https:\/\/www.europesays.com\/lv\/wp-json\/wp\/v2\/categories?post=6175"},{"taxonomy":"post_tag","embeddable":true,"href":"https:\/\/www.europesays.com\/lv\/wp-json\/wp\/v2\/tags?post=6175"}],"curies":[{"name":"wp","href":"https:\/\/api.w.org\/{rel}","templated":true}]}}