{"id":61754,"date":"2025-11-30T07:42:17","date_gmt":"2025-11-30T07:42:17","guid":{"rendered":"https:\/\/www.europesays.com\/lv\/61754\/"},"modified":"2025-11-30T07:42:17","modified_gmt":"2025-11-30T07:42:17","slug":"mystero-teatris-riga-atklaj-durvis-ar-svecu-gaisma-notiekosu-baroka-muzikas-koncertu-lente-lv","status":"publish","type":"post","link":"https:\/\/www.europesays.com\/lv\/61754\/","title":{"rendered":"Mystero te\u0101tris R\u012bg\u0101 atkl\u0101j durvis ar sve\u010du gaism\u0101 notieko\u0161u baroka m\u016bzikas koncertu\u00a0\u2014\u00a0Lente.lv"},"content":{"rendered":"<p>Jauna koncertu norises vieta R\u012bg\u0101: Mystero te\u0101tris atkl\u0101j durvis baroka m\u016bzikai<\/p>\n<p>R\u012bg\u0101 ien\u0101kusi jauna un intri\u0123\u0113jo\u0161a koncertu norises vieta \u2013 Mystero te\u0101tris. \u0160\u012b unik\u0101l\u0101 telpa piepild\u012bsies ar senu m\u016bziku, pied\u0101v\u0101jot \u012bpa\u0161u pieredzi m\u016bzikas baud\u012bt\u0101jiem. Lai atz\u012bm\u0113tu savu atkl\u0101\u0161anu, Mystero te\u0101tris aicina uz autentisku baroka m\u016bzikas koncertu &#8220;Karaliskais baroks&#8221;, kas norisin\u0101sies sve\u010du gaism\u0101, radot neaizmirstamu un ma\u0123isku atmosf\u0113ru.<\/p>\n<p>Karaliskais baroks Mystero te\u0101tr\u012b: Neparasta piektdienas vakara izklaide<\/p>\n<p>Piektdien, 5. decembr\u012b, plkst. 19:00 ikviens interesents ir aicin\u0101ts uz &#8220;Karalisko baroku&#8221; Mystero te\u0101tr\u012b. Koncerts sol\u0101s b\u016bt ne tikai muzik\u0101ls baud\u012bjums, bet ar\u012b ce\u013cojums laik\u0101 uz baroka \u0113ras grezn\u012bbu un smalkumu. Sve\u010du liesmu mirgo\u0161ana papildin\u0101s muzik\u0101lo baud\u012bjumu, pie\u0161\u0137irot pas\u0101kumam \u012bpa\u0161u nosl\u0113pumain\u012bbu un romantiku, \u013caujot klaus\u012bt\u0101jiem piln\u012bb\u0101 iegrimt skaistaj\u0101 m\u016bzik\u0101.<\/p>\n<p>Mystero te\u0101tris: M\u016bzikas un m\u0101kslas jauna o\u0101ze R\u012bg\u0101<\/p>\n<p>Mystero te\u0101tris pozicion\u0113 sevi k\u0101 telpu, kas rosina izt\u0113li un pied\u0101v\u0101 neierastus kult\u016bras pas\u0101kumus. &#8220;Karaliskais baroks&#8221; ir pirmais solis \u0161aj\u0101 virzien\u0101, demonstr\u0113jot te\u0101tra ap\u0146em\u0161anos iepaz\u012bstin\u0101t r\u012bdziniekus un pils\u0113tas viesus ar augstv\u0113rt\u012bgu m\u0101kslu. \u0160\u012b jaun\u0101 vieta ir apsveicams papildin\u0101jums R\u012bgas kult\u016bras dz\u012bvei, pied\u0101v\u0101jot svaigu elpu un jaunas iesp\u0113jas baud\u012bt dz\u012bv\u0101s m\u016bzikas burv\u012bbu.<\/p>\n","protected":false},"excerpt":{"rendered":"Jauna koncertu norises vieta R\u012bg\u0101: Mystero te\u0101tris atkl\u0101j durvis baroka m\u016bzikai R\u012bg\u0101 ien\u0101kusi jauna un intri\u0123\u0113jo\u0161a koncertu norises&hellip;\n","protected":false},"author":2,"featured_media":61755,"comment_status":"","ping_status":"","sticky":false,"template":"","format":"standard","meta":{"footnotes":""},"categories":[19],"tags":[896,89,90,16279,16278,9448,35,39,38,36,37,34,40,16277],"class_list":{"0":"post-61754","1":"post","2":"type-post","3":"status-publish","4":"format-standard","5":"has-post-thumbnail","7":"category-izklaide","8":"tag-baroka-muzika","9":"tag-entertainment","10":"tag-izklaide","11":"tag-jauna-koncertvieta","12":"tag-karaliskais-baroks","13":"tag-koncerti-riga","14":"tag-latvia","15":"tag-latvian","16":"tag-latviesu","17":"tag-latviesu-valoda","18":"tag-latviesuvaloda","19":"tag-latvija","20":"tag-lv","21":"tag-mystero-teatris"},"share_on_mastodon":{"url":"https:\/\/pubeurope.com\/@lv\/115637527711491060","error":""},"_links":{"self":[{"href":"https:\/\/www.europesays.com\/lv\/wp-json\/wp\/v2\/posts\/61754","targetHints":{"allow":["GET"]}}],"collection":[{"href":"https:\/\/www.europesays.com\/lv\/wp-json\/wp\/v2\/posts"}],"about":[{"href":"https:\/\/www.europesays.com\/lv\/wp-json\/wp\/v2\/types\/post"}],"author":[{"embeddable":true,"href":"https:\/\/www.europesays.com\/lv\/wp-json\/wp\/v2\/users\/2"}],"replies":[{"embeddable":true,"href":"https:\/\/www.europesays.com\/lv\/wp-json\/wp\/v2\/comments?post=61754"}],"version-history":[{"count":0,"href":"https:\/\/www.europesays.com\/lv\/wp-json\/wp\/v2\/posts\/61754\/revisions"}],"wp:featuredmedia":[{"embeddable":true,"href":"https:\/\/www.europesays.com\/lv\/wp-json\/wp\/v2\/media\/61755"}],"wp:attachment":[{"href":"https:\/\/www.europesays.com\/lv\/wp-json\/wp\/v2\/media?parent=61754"}],"wp:term":[{"taxonomy":"category","embeddable":true,"href":"https:\/\/www.europesays.com\/lv\/wp-json\/wp\/v2\/categories?post=61754"},{"taxonomy":"post_tag","embeddable":true,"href":"https:\/\/www.europesays.com\/lv\/wp-json\/wp\/v2\/tags?post=61754"}],"curies":[{"name":"wp","href":"https:\/\/api.w.org\/{rel}","templated":true}]}}