{"id":61766,"date":"2025-11-30T08:04:07","date_gmt":"2025-11-30T08:04:07","guid":{"rendered":"https:\/\/www.europesays.com\/lv\/61766\/"},"modified":"2025-11-30T08:04:07","modified_gmt":"2025-11-30T08:04:07","slug":"video-%e2%9f%a9-kreditreitingu-agenturas-bridina-par-latvijas-pieaugoso-valsts-paradu","status":"publish","type":"post","link":"https:\/\/www.europesays.com\/lv\/61766\/","title":{"rendered":"VIDEO \u27e9 Kred\u012btreitingu a\u0123ent\u016bras br\u012bdina par Latvijas pieaugo\u0161o valsts par\u0101du"},"content":{"rendered":"<p>Rudens Latvij\u0101 ierasti ir bud\u017eeta laiks, un valsts galven\u0101 politikas dokumenta z\u012bm\u0113 ar\u012b pag\u0101ja \u0161\u012b ned\u0113\u013ca. Saeim\u0101 atbild\u012bg\u0101 komisija pabeidza darbu pie attiec\u012bgo likumprojektu sagatavo\u0161anas iz\u0161\u0137iro\u0161ajam balsojumam parlamenta plen\u0101rs\u0113d\u0113, Eiropas Komisija deva savu atzinumu, ka m\u016bsu jaunais t\u0113ri\u0146u pl\u0101ns nep\u0101rk\u0101pj Briseles t\u0113r\u0113\u0161an\u0101s fisk\u0101los, savuk\u0101rt Latvijas vald\u012bba aiz sl\u0113gt\u0101m durv\u012bm iepazin\u0101s ar ikgad\u0113jo zi\u0146ojumu par valsts kred\u012btreitingu.<\/p>\n<p>Attiec\u012bgo r\u0101d\u012bt\u0101ju, proti, kred\u012btreitingu pie\u0161\u0137ir \u012bpa\u0161as a\u0123ent\u016bras, t\u0101 sauktais lielais trijnieks ir &#8220;Standard &amp; Poor\u2019s&#8221;, &#8220;Moody\u2019s&#8221; un &#8220;Fitch&#8221;. \u0160o instit\u016bciju atzinumi ietekm\u0113 gan, piem\u0113ram, \u0101rvalstu investoru v\u0113rt\u0113jumu par k\u0101du iesp\u0113jamu ieguld\u012bjumu vietu, gan procentlikmes, to cik d\u0101rgi vai l\u0113ti vald\u012bba var aiz\u0146emties, lai p\u0101rkredit\u0113tu pa\u0161reiz\u0113j\u0101s saist\u012bb\u0101s, un cik ik gadu b\u016bs j\u0101maks\u0101 procentu maks\u0101jumos.<\/p>\n<p>Te svar\u012bgi piebilst \u2013 n\u0101kotn\u0113, potenci\u0101li p\u0101rsniedzot M\u0101strihtas krit\u0113rijos noteikto 60% robe\u017e\u0161\u0137irtni, iesp\u0113ja iedz\u012bvoties sankcij\u0101s no Briseles.<\/p>\n<p>Vair\u0101k skatieties si\u017eet\u0101!<\/p>\n","protected":false},"excerpt":{"rendered":"Rudens Latvij\u0101 ierasti ir bud\u017eeta laiks, un valsts galven\u0101 politikas dokumenta z\u012bm\u0113 ar\u012b pag\u0101ja \u0161\u012b ned\u0113\u013ca. Saeim\u0101 atbild\u012bg\u0101&hellip;\n","protected":false},"author":2,"featured_media":16775,"comment_status":"","ping_status":"","sticky":false,"template":"","format":"standard","meta":{"footnotes":""},"categories":[12],"tags":[23,28,29,32,33,22,73,30,31,35,39,38,36,37,34,1464,40,20,26,27,24,25,21],"class_list":{"0":"post-61766","1":"post","2":"type-post","3":"status-publish","4":"format-standard","5":"has-post-thumbnail","7":"category-latvija","8":"tag-aktualitates","9":"tag-breaking-news","10":"tag-breakingnews","11":"tag-featured-news","12":"tag-featurednews","13":"tag-headlines","14":"tag-igaunija","15":"tag-latest-news","16":"tag-latestnews","17":"tag-latvia","18":"tag-latvian","19":"tag-latviesu","20":"tag-latviesu-valoda","21":"tag-latviesuvaloda","22":"tag-latvija","23":"tag-lietuva","24":"tag-lv","25":"tag-news","26":"tag-popularakas-zinas","27":"tag-popularakaszinas","28":"tag-top-stories","29":"tag-topstories","30":"tag-zinas"},"share_on_mastodon":{"url":"https:\/\/pubeurope.com\/@lv\/115637614439071627","error":""},"_links":{"self":[{"href":"https:\/\/www.europesays.com\/lv\/wp-json\/wp\/v2\/posts\/61766","targetHints":{"allow":["GET"]}}],"collection":[{"href":"https:\/\/www.europesays.com\/lv\/wp-json\/wp\/v2\/posts"}],"about":[{"href":"https:\/\/www.europesays.com\/lv\/wp-json\/wp\/v2\/types\/post"}],"author":[{"embeddable":true,"href":"https:\/\/www.europesays.com\/lv\/wp-json\/wp\/v2\/users\/2"}],"replies":[{"embeddable":true,"href":"https:\/\/www.europesays.com\/lv\/wp-json\/wp\/v2\/comments?post=61766"}],"version-history":[{"count":0,"href":"https:\/\/www.europesays.com\/lv\/wp-json\/wp\/v2\/posts\/61766\/revisions"}],"wp:featuredmedia":[{"embeddable":true,"href":"https:\/\/www.europesays.com\/lv\/wp-json\/wp\/v2\/media\/16775"}],"wp:attachment":[{"href":"https:\/\/www.europesays.com\/lv\/wp-json\/wp\/v2\/media?parent=61766"}],"wp:term":[{"taxonomy":"category","embeddable":true,"href":"https:\/\/www.europesays.com\/lv\/wp-json\/wp\/v2\/categories?post=61766"},{"taxonomy":"post_tag","embeddable":true,"href":"https:\/\/www.europesays.com\/lv\/wp-json\/wp\/v2\/tags?post=61766"}],"curies":[{"name":"wp","href":"https:\/\/api.w.org\/{rel}","templated":true}]}}