{"id":6177,"date":"2025-09-27T10:16:07","date_gmt":"2025-09-27T10:16:07","guid":{"rendered":"https:\/\/www.europesays.com\/lv\/6177\/"},"modified":"2025-09-27T10:16:07","modified_gmt":"2025-09-27T10:16:07","slug":"polija-padarijusi-stingrakus-nosacijumus-ukrainu-begliem","status":"publish","type":"post","link":"https:\/\/www.europesays.com\/lv\/6177\/","title":{"rendered":"Polija padar\u012bjusi stingr\u0101kus nosac\u012bjumus ukrai\u0146u b\u0113g\u013ciem"},"content":{"rendered":"<p>Polijas prezidents Karols Navrockis ir parakst\u012bjis attiec\u012bgu likumu neilgi pirms 1.oktobra, kad beigtos termi\u0146\u0161 likum\u012bgam pamatojumam, kas \u013cauj Ukrainas pilso\u0146iem str\u0101d\u0101t Polij\u0101, piektdien v\u0113st\u012bja Polijas zi\u0146u a\u0123ent\u016bra PAP, atsaucoties uz prezidenta biroja vad\u012bt\u0101ju.<\/p>\n<p>Viens no jaunajiem nosac\u012bjumiem paredz, ka Ukrainas pilso\u0146i sa\u0146ems soci\u0101los pabalstus, tai skait\u0101 b\u0113rnu pabalstu, tikai tad, ja vi\u0146i str\u0101d\u0101 un maks\u0101 nodok\u013cus Polij\u0101.<\/p>\n<p>Starp jauno lab\u0113ji konservat\u012bvo prezidentu un liber\u0101lo vald\u012bbu bija izc\u0113lies str\u012bds par \u0161o likumu.<\/p>\n<p>Likuma s\u0101kotn\u0113jais projekts izg\u0101z\u0101s, kad Navrockis tam uzlika veto. Vald\u012bba v\u0113l\u0101k piek\u0101p\u0101s b\u0113rnu pabalsta jaut\u0101jum\u0101.<\/p>\n<p>Ja str\u012bds par \u0161o likumu turpin\u0101tos, tad oktobra s\u0101kum\u0101 beigtos termi\u0146\u0161 likum\u012bgam pamatojumam, kas \u013cauj Ukrainas pilso\u0146iem str\u0101d\u0101t Polij\u0101.<\/p>\n<p><a href=\"https:\/\/www.apollo.lv\/term\/555430\/polija\" class=\"topicLink\" target=\"_blank\" rel=\"nofollow noopener\">Polija<\/a> ir viena no svar\u012bg\u0101kaj\u0101m Ukrainas atbalst\u012bt\u0101j\u0101m t\u0101s kar\u0101 pret Krieviju.<\/p>\n","protected":false},"excerpt":{"rendered":"Polijas prezidents Karols Navrockis ir parakst\u012bjis attiec\u012bgu likumu neilgi pirms 1.oktobra, kad beigtos termi\u0146\u0161 likum\u012bgam pamatojumam, kas \u013cauj&hellip;\n","protected":false},"author":2,"featured_media":6178,"comment_status":"","ping_status":"","sticky":false,"template":"","format":"standard","meta":{"footnotes":""},"categories":[14],"tags":[23,57,28,29,32,33,22,74,30,31,35,39,38,36,37,34,40,20,72,26,27,24,25,276,54,55,56,21,58],"class_list":{"0":"post-6177","1":"post","2":"type-post","3":"status-publish","4":"format-standard","5":"has-post-thumbnail","7":"category-zinas-no-arvalstim","8":"tag-aktualitates","9":"tag-arvalstim","10":"tag-breaking-news","11":"tag-breakingnews","12":"tag-featured-news","13":"tag-featurednews","14":"tag-headlines","15":"tag-krievijas-iebrukums-ukraina","16":"tag-latest-news","17":"tag-latestnews","18":"tag-latvia","19":"tag-latvian","20":"tag-latviesu","21":"tag-latviesu-valoda","22":"tag-latviesuvaloda","23":"tag-latvija","24":"tag-lv","25":"tag-news","26":"tag-polija","27":"tag-popularakas-zinas","28":"tag-popularakaszinas","29":"tag-top-stories","30":"tag-topstories","31":"tag-ukraina","32":"tag-world","33":"tag-world-news","34":"tag-worldnews","35":"tag-zinas","36":"tag-zinas-no-arvalstim"},"share_on_mastodon":{"url":"","error":""},"_links":{"self":[{"href":"https:\/\/www.europesays.com\/lv\/wp-json\/wp\/v2\/posts\/6177","targetHints":{"allow":["GET"]}}],"collection":[{"href":"https:\/\/www.europesays.com\/lv\/wp-json\/wp\/v2\/posts"}],"about":[{"href":"https:\/\/www.europesays.com\/lv\/wp-json\/wp\/v2\/types\/post"}],"author":[{"embeddable":true,"href":"https:\/\/www.europesays.com\/lv\/wp-json\/wp\/v2\/users\/2"}],"replies":[{"embeddable":true,"href":"https:\/\/www.europesays.com\/lv\/wp-json\/wp\/v2\/comments?post=6177"}],"version-history":[{"count":0,"href":"https:\/\/www.europesays.com\/lv\/wp-json\/wp\/v2\/posts\/6177\/revisions"}],"wp:featuredmedia":[{"embeddable":true,"href":"https:\/\/www.europesays.com\/lv\/wp-json\/wp\/v2\/media\/6178"}],"wp:attachment":[{"href":"https:\/\/www.europesays.com\/lv\/wp-json\/wp\/v2\/media?parent=6177"}],"wp:term":[{"taxonomy":"category","embeddable":true,"href":"https:\/\/www.europesays.com\/lv\/wp-json\/wp\/v2\/categories?post=6177"},{"taxonomy":"post_tag","embeddable":true,"href":"https:\/\/www.europesays.com\/lv\/wp-json\/wp\/v2\/tags?post=6177"}],"curies":[{"name":"wp","href":"https:\/\/api.w.org\/{rel}","templated":true}]}}