{"id":61804,"date":"2025-11-30T08:51:08","date_gmt":"2025-11-30T08:51:08","guid":{"rendered":"https:\/\/www.europesays.com\/lv\/61804\/"},"modified":"2025-11-30T08:51:08","modified_gmt":"2025-11-30T08:51:08","slug":"biatlona-pk-turpinasies-ar-jaukto-stafesu-sacensibam-ziemas-sports-sportacentrs-com","status":"publish","type":"post","link":"https:\/\/www.europesays.com\/lv\/61804\/","title":{"rendered":"Biatlona PK turpin\u0101sies ar jaukto stafe\u0161u sacens\u012bb\u0101m \u2013 Ziemas sports \u2013 Sportacentrs.com"},"content":{"rendered":"<p>Jauktajai p\u0101ru stafetei pieteikti 24 dueti. Ar 15. numuru start\u0113s Latvijas p\u0101rst\u0101vji Ren\u0101rs Birkent\u0101ls un Estere Volfa. Pag\u0101ju\u0161aj\u0101 gad\u0101 Oberhof\u0101 \u0161\u0101d\u0101 kombin\u0101cijai Latvijai atnesa izc\u012bn\u012btu desmito vietu.<\/p>\n<p>Savuk\u0101rt jauktaj\u0101 stafet\u0113, kur\u0101 start\u0113s divi v\u012bri un divas d\u0101mas Latviju p\u0101rst\u0101v\u0113s Aleksandrs Patrijuks, Edgars Mise, Baiba Bendika un Sanita Buli\u0146a. Latvie\u0161iem n\u0101ksies start\u0113t no grupas beig\u0101m, starp 23 komand\u0101m velkot mugur\u0101 sacens\u012bbu kreklus ar 21. numuru.<\/p>\n<p>Latvijas vado\u0161ais v\u012bru biatlonists Andrejs Rastorgujevs sezonas s\u0101kum\u0101 stafe\u0161u sacens\u012bb\u0101s nepiedal\u0101s. T\u0101 d\u0113\u013c vakardien netika noform\u0113ta v\u012brie\u0161u stafetes komanda.<\/p>\n<p>Sacens\u012bbu tie\u0161raides k\u0101 ierasts tiks demonstr\u0113tas LTV7 tie\u0161aj\u0101s p\u0101rraid\u0113s.<\/p>\n<p>Pasaules kausa pirmais posms biatlon\u0101 Este\u0161und\u0101<\/p>\n<tr>DatumsLaiksDiscipl\u012bna<\/tr>\n<tr class=\"even\">\n<td>29.11.<\/td>\n<td class=\"ralign\">14.15<\/td>\n<td>4&#215;6 km stafete sieviet\u0113m<\/td>\n<\/tr>\n<tr class=\"odd\">\n<td\/>\n<td class=\"ralign\">17.55<\/td>\n<td>4&#215;7.5 km stafete v\u012brie\u0161iem<\/td>\n<\/tr>\n<tr class=\"even\">\n<td>30.11.<\/td>\n<td class=\"ralign\">15.00<\/td>\n<td>Jaukt\u0101 p\u0101ru stafete<\/td>\n<\/tr>\n<tr class=\"odd\">\n<td\/>\n<td class=\"ralign\">17.40<\/td>\n<td>Jaukt\u0101 stafete<\/td>\n<\/tr>\n<tr class=\"even\">\n<td>02.12.<\/td>\n<td class=\"ralign\">16.30<\/td>\n<td>15 km klasika sieviet\u0113m<\/td>\n<\/tr>\n<tr class=\"odd\">\n<td>03.12.<\/td>\n<td class=\"ralign\">16.30<\/td>\n<td>20 km klasika v\u012brie\u0161iem<\/td>\n<\/tr>\n<tr class=\"even\">\n<td>05.12.<\/td>\n<td class=\"ralign\">17.00<\/td>\n<td>7.5 km sprints sieviet\u0113m<\/td>\n<\/tr>\n<tr class=\"odd\">\n<td>06.12.<\/td>\n<td class=\"ralign\">17.30<\/td>\n<td>10 km sprints v\u012brie\u0161iem<\/td>\n<\/tr>\n<tr class=\"even\">\n<td>07.12.<\/td>\n<td class=\"ralign\">14.15<\/td>\n<td>10 km iedz\u012b\u0161ana sieviet\u0113m<\/td>\n<\/tr>\n<tr class=\"odd\">\n<td\/>\n<td class=\"ralign\">16.20<\/td>\n<td>12.5 km iedz\u012b\u0161ana v\u012brie\u0161iem<\/td>\n<\/tr>\n","protected":false},"excerpt":{"rendered":"Jauktajai p\u0101ru stafetei pieteikti 24 dueti. Ar 15. numuru start\u0113s Latvijas p\u0101rst\u0101vji Ren\u0101rs Birkent\u0101ls un Estere Volfa. Pag\u0101ju\u0161aj\u0101&hellip;\n","protected":false},"author":2,"featured_media":61805,"comment_status":"","ping_status":"","sticky":false,"template":"","format":"standard","meta":{"footnotes":""},"categories":[17],"tags":[35,39,38,36,37,34,40,67,620],"class_list":{"0":"post-61804","1":"post","2":"type-post","3":"status-publish","4":"format-standard","5":"has-post-thumbnail","7":"category-sports","8":"tag-latvia","9":"tag-latvian","10":"tag-latviesu","11":"tag-latviesu-valoda","12":"tag-latviesuvaloda","13":"tag-latvija","14":"tag-lv","15":"tag-sports","16":"tag-ziemas-sports"},"share_on_mastodon":{"url":"https:\/\/pubeurope.com\/@lv\/115637799031501463","error":""},"_links":{"self":[{"href":"https:\/\/www.europesays.com\/lv\/wp-json\/wp\/v2\/posts\/61804","targetHints":{"allow":["GET"]}}],"collection":[{"href":"https:\/\/www.europesays.com\/lv\/wp-json\/wp\/v2\/posts"}],"about":[{"href":"https:\/\/www.europesays.com\/lv\/wp-json\/wp\/v2\/types\/post"}],"author":[{"embeddable":true,"href":"https:\/\/www.europesays.com\/lv\/wp-json\/wp\/v2\/users\/2"}],"replies":[{"embeddable":true,"href":"https:\/\/www.europesays.com\/lv\/wp-json\/wp\/v2\/comments?post=61804"}],"version-history":[{"count":0,"href":"https:\/\/www.europesays.com\/lv\/wp-json\/wp\/v2\/posts\/61804\/revisions"}],"wp:featuredmedia":[{"embeddable":true,"href":"https:\/\/www.europesays.com\/lv\/wp-json\/wp\/v2\/media\/61805"}],"wp:attachment":[{"href":"https:\/\/www.europesays.com\/lv\/wp-json\/wp\/v2\/media?parent=61804"}],"wp:term":[{"taxonomy":"category","embeddable":true,"href":"https:\/\/www.europesays.com\/lv\/wp-json\/wp\/v2\/categories?post=61804"},{"taxonomy":"post_tag","embeddable":true,"href":"https:\/\/www.europesays.com\/lv\/wp-json\/wp\/v2\/tags?post=61804"}],"curies":[{"name":"wp","href":"https:\/\/api.w.org\/{rel}","templated":true}]}}