{"id":61814,"date":"2025-11-30T09:08:09","date_gmt":"2025-11-30T09:08:09","guid":{"rendered":"https:\/\/www.europesays.com\/lv\/61814\/"},"modified":"2025-11-30T09:08:09","modified_gmt":"2025-11-30T09:08:09","slug":"artuss-kaimins-sveic-aktieri-andri-keisu-dzimsanas-diena-nra-studija-lente-lv-2","status":"publish","type":"post","link":"https:\/\/www.europesays.com\/lv\/61814\/","title":{"rendered":"Artuss Kaimi\u0146\u0161 sveic aktieri Andri Kei\u0161u dzim\u0161anas dien\u0101 NRA studij\u0101\u00a0\u2014\u00a0Lente.lv"},"content":{"rendered":"<p>V\u0113trainaj\u0101 Latvijas mediju ainav\u0101 k\u0101 \u012bpa\u0161s notikums izc\u0113l\u0101s Artusa Kaimi\u0146a atra\u0161an\u0101s viesu lom\u0101 NRA studij\u0101, kur vi\u0146\u0161 nesen sveica ilggad\u0113jo kol\u0113\u0123i, talant\u012bgo aktieri Andri Kei\u0161u vi\u0146a jubilejas dien\u0101. \u0160is negaid\u012btais pav\u0113rsiens, kur\u0101 politisk\u0101 un sabiedrisk\u0101 darb\u012bba savijas ar personiskiem sveicieniem, pie\u0161\u0137ir dzi\u013cumu un neprognoz\u0113jam\u012bbu Latvijas publiskajai telpai.<\/p>\n<p>Aktiera Jubileja un Neierastais Sveiciens<\/p>\n<p>Andris Kei\u0161s, kas paz\u012bstams ar savu spo\u017eo sniegumu Jaunaj\u0101 R\u012bgas te\u0101tr\u012b un daudzaj\u0101m kino lom\u0101m, nesen atz\u012bm\u0113ja savu 50. un 51. dzim\u0161anas dienu. Vi\u0146a karjera ir bijusi bag\u0101ta ar godalgot\u0101m lom\u0101m, tostarp vair\u0101kk\u0101rt sa\u0146emot Sp\u0113lma\u0146u nakts un Liel\u0101 Kristapa balvas. Tie\u0161i \u0161\u012b jubilejas reize k\u013cuva par iemeslu, lai Artuss Kaimi\u0146\u0161, kur\u0161 pats savulaik bijis aktieris un v\u0113l\u0101k Saeimas deput\u0101ts, vi\u0146u sveiktu \u012bpa\u0161\u0101 veid\u0101. \u0160\u0101ds sveiciens no Kaimi\u0146a puses ir ne tikai personisks \u017eests, bet ar\u012b demonstr\u0113 Kaimi\u0146a sp\u0113ju saglab\u0101t un kopt profesion\u0101l\u0101s un personisk\u0101s attiec\u012bbas pat p\u0113c politisk\u0101s karjeras l\u012bklo\u010diem.<\/p>\n<p>NRA Studijas Lomas un Zi\u0146u Port\u0101la noz\u012bme<\/p>\n<p>NRA.lv studija, kas bie\u017ei vien ir aktu\u0101lo notikumu un diskusiju centrs, \u0161oreiz uz\u0146\u0113ma nevis politi\u0137us vai anal\u012bti\u0137us, bet gan divus m\u0101kslas pasaules p\u0101rst\u0101vjus. Tas uzsver port\u0101la daudzveid\u012bbu un v\u0113lmi pied\u0101v\u0101t las\u012bt\u0101jiem ne tikai politiski un soci\u0101li noz\u012bm\u012bgas zi\u0146as, bet ar\u012b iel\u016bkoties person\u012bg\u0101k\u0101 un emocion\u0101l\u0101 dz\u012bves aspekt\u0101. \u0160\u0101ds saturs sniedz las\u012bt\u0101jiem iesp\u0113ju iepaz\u012bt person\u012bbas aiz publisk\u0101 t\u0113la, pie\u0161\u0137irot zi\u0146\u0101m cilv\u0113cisku un emocion\u0101lu dimensiju. Kaimi\u0146a un Kei\u0161a kop\u012bgais sveiciens Latvijai k\u0101d\u0101 iepriek\u0161\u0113j\u0101 gadadien\u0101 jau ir pier\u0101d\u012bjis vi\u0146u sp\u0113ju rad\u012bt saturiski bag\u0101tus un interesantus projektus.<\/p>\n<p>Kaimi\u0146a un Kei\u0161a Kop\u012bg\u0101 V\u0113sture un T\u0101l\u0101kie Ce\u013ci<\/p>\n<p>Lai gan \u0161is notikums ir nesens, Artuss Kaimi\u0146\u0161 un Andris Kei\u0161s nav sve\u0161i viens otram. Vi\u0146i kop\u0101 ir piedal\u012bju\u0161ies da\u017e\u0101dos projektos, tostarp videodarbojumos, sveicot Latviju dzim\u0161anas dien\u0101. Tas liecina par cie\u0161\u0101m sait\u0113m, kas veidoju\u0161\u0101s gadu gait\u0101. Kam\u0113r Andris Kei\u0161s turpina savu spo\u017eo aktiera karjeru, sa\u0146emot atzin\u012bbu par lom\u0101m te\u0101tr\u012b un kino, Artuss Kaimi\u0146\u0161 p\u0113c Saeimas darb\u012bbas ir atgriezies pie sav\u0101m sakn\u0113m, demonstr\u0113jot savu person\u012bbu un viedokli da\u017e\u0101dos mediju form\u0101tos. Vi\u0146a kl\u0101tb\u016btne NRA studij\u0101, sveicot kol\u0113\u0123i, ir apliecin\u0101jums tam, ka cilv\u0113cisk\u0101s attiec\u012bbas un savstarp\u0113jais atbalsts paliek \u013coti svar\u012bgi, neatkar\u012bgi no profesijas vai publisk\u0101s lomas.<\/p>\n<p>Nosl\u0113gums: Cilv\u0113ciskums Mediju Telp\u0101<\/p>\n<p>\u0160\u0101ds notikums ir pat\u012bkams atg\u0101din\u0101jums par to, ka aiz publiskajiem t\u0113liem sl\u0113pjas cilv\u0113ki ar sav\u0101m emocij\u0101m, draudz\u012bb\u0101m un atbalstu. Artusa Kaimi\u0146a un Andra Kei\u0161a tik\u0161an\u0101s NRA studij\u0101 ir ne tikai sveiciens dzim\u0161anas dien\u0101, bet ar\u012b apliecin\u0101jums tam, ka profesion\u0101l\u0101s un personisk\u0101s saites var stiprin\u0101ties un kopt pat dinamisk\u0101 un bie\u017ei vien skarbi main\u012bg\u0101 mediju vid\u0113. Tas pie\u0161\u0137ir v\u0113rt\u012bbu ne tikai pa\u0161iem m\u0101ksliniekiem, bet ar\u012b visai Latvijas kult\u016bras un mediju telpai, kur\u0101 \u0161\u0101di cilv\u0113ciski un sirsn\u012bgi br\u012b\u017ei ir \u012bpa\u0161i v\u0113rt\u012bgi.<\/p>\n","protected":false},"excerpt":{"rendered":"V\u0113trainaj\u0101 Latvijas mediju ainav\u0101 k\u0101 \u012bpa\u0161s notikums izc\u0113l\u0101s Artusa Kaimi\u0146a atra\u0161an\u0101s viesu lom\u0101 NRA studij\u0101, kur vi\u0146\u0161 nesen&hellip;\n","protected":false},"author":2,"featured_media":61815,"comment_status":"","ping_status":"","sticky":false,"template":"","format":"standard","meta":{"footnotes":""},"categories":[19],"tags":[5391,12335,5626,89,90,35,39,38,36,37,34,16196,40,16195],"class_list":{"0":"post-61814","1":"post","2":"type-post","3":"status-publish","4":"format-standard","5":"has-post-thumbnail","7":"category-izklaide","8":"tag-andris-keiss","9":"tag-artuss-kaimins","10":"tag-dzimsanas-diena","11":"tag-entertainment","12":"tag-izklaide","13":"tag-latvia","14":"tag-latvian","15":"tag-latviesu","16":"tag-latviesu-valoda","17":"tag-latviesuvaloda","18":"tag-latvija","19":"tag-latvijas-aktieri","20":"tag-lv","21":"tag-nra-studija"},"share_on_mastodon":{"url":"https:\/\/pubeurope.com\/@lv\/115637865856335170","error":""},"_links":{"self":[{"href":"https:\/\/www.europesays.com\/lv\/wp-json\/wp\/v2\/posts\/61814","targetHints":{"allow":["GET"]}}],"collection":[{"href":"https:\/\/www.europesays.com\/lv\/wp-json\/wp\/v2\/posts"}],"about":[{"href":"https:\/\/www.europesays.com\/lv\/wp-json\/wp\/v2\/types\/post"}],"author":[{"embeddable":true,"href":"https:\/\/www.europesays.com\/lv\/wp-json\/wp\/v2\/users\/2"}],"replies":[{"embeddable":true,"href":"https:\/\/www.europesays.com\/lv\/wp-json\/wp\/v2\/comments?post=61814"}],"version-history":[{"count":0,"href":"https:\/\/www.europesays.com\/lv\/wp-json\/wp\/v2\/posts\/61814\/revisions"}],"wp:featuredmedia":[{"embeddable":true,"href":"https:\/\/www.europesays.com\/lv\/wp-json\/wp\/v2\/media\/61815"}],"wp:attachment":[{"href":"https:\/\/www.europesays.com\/lv\/wp-json\/wp\/v2\/media?parent=61814"}],"wp:term":[{"taxonomy":"category","embeddable":true,"href":"https:\/\/www.europesays.com\/lv\/wp-json\/wp\/v2\/categories?post=61814"},{"taxonomy":"post_tag","embeddable":true,"href":"https:\/\/www.europesays.com\/lv\/wp-json\/wp\/v2\/tags?post=61814"}],"curies":[{"name":"wp","href":"https:\/\/api.w.org\/{rel}","templated":true}]}}