{"id":61904,"date":"2025-11-30T11:32:25","date_gmt":"2025-11-30T11:32:25","guid":{"rendered":"https:\/\/www.europesays.com\/lv\/61904\/"},"modified":"2025-11-30T11:32:25","modified_gmt":"2025-11-30T11:32:25","slug":"gitarists-marcis-auzins-laidis-klaja-jauna-opusa-maiden-voyage-ieskanojumu-lente-lv","status":"publish","type":"post","link":"https:\/\/www.europesays.com\/lv\/61904\/","title":{"rendered":"\u0122it\u0101rists M\u0101rcis Auzi\u0146\u0161 laidis klaj\u0101 jaun\u0101 opusa &#8220;Maiden Voyage&#8221; ieska\u0146ojumu\u00a0\u2014\u00a0Lente.lv"},"content":{"rendered":"<p>\u0122it\u0101rists M\u0101rcis Auzi\u0146\u0161 iepriecina ar jaunu koncertierakstu<\/p>\n<p>Latvie\u0161u \u0123it\u0101rists M\u0101rcis Auzi\u0146\u0161, kur\u0161 liel\u0101koties paz\u012bstams k\u0101 solo m\u0101kslinieks, ir laidis klaj\u0101 savu opusa &#8220;Maiden Voyage&#8221; pirmatska\u0146ojuma koncertierakstu. \u0160is darbs, kas s\u0101kotn\u0113ji tika rad\u012bts p\u016bt\u0113ju or\u0137estrim par godu valsts sv\u0113tkiem, ir guvis jaunu dz\u012bv\u012bbu ierakst\u0101, pied\u0101v\u0101jot klaus\u012bt\u0101jiem dzi\u013cu un emocion\u0101lu muzik\u0101lu pieredzi.<\/p>\n<p>Muzik\u0101ls ce\u013cojums ar br\u0101\u013ca l\u012bdzdal\u012bbu<\/p>\n<p>&#8220;Maiden Voyage&#8221;, kas tulkojum\u0101 noz\u012bm\u0113 &#8220;Pirmais ce\u013cojums&#8221;, ir gandr\u012bz pusstundu gar\u0161 ska\u0146darbs, kas sadal\u012bts \u010detr\u0101s da\u013c\u0101s. Tas simboliz\u0113 jauna s\u0101kuma un piedz\u012bvojumu ideju, glu\u017ei k\u0101 jauna ku\u0123a do\u0161an\u0101s pirmaj\u0101 braucien\u0101. Kompoz\u012bcijas rad\u012b\u0161anas proces\u0101 M\u0101rcis Auzi\u0146\u0161 guvis iedvesmu no p\u016bt\u0113ju or\u0137estru m\u016bzikas, vienlaikus iek\u013caujot taj\u0101 savas person\u012bg\u0101s muzik\u0101l\u0101s atsauces, piem\u0113ram, d\u017eeza, &#8220;fusion&#8221; un &#8220;fingerstyle&#8221; \u0123it\u0101ras elementus. Vi\u0146a jaun\u0101k\u0101 br\u0101\u013ca, talant\u012bg\u0101 saksofonista K\u0101r\u013ca Auzi\u0146a, neparastais sp\u0113les rokraksts lieliski papildina kop\u0113jo noska\u0146u, padarot ierakstu par patiesi unik\u0101lu sadarb\u012bbu. K\u0101rlis Auzi\u0146\u0161 ir d\u017eeza un laikmet\u012bg\u0101s m\u016bzikas saksofonists un komponists, kur\u0161 pats akt\u012bvi koncert\u0113 un veic ierakstus gan Latvij\u0101, gan starptautiski. Vi\u0146a dai\u013crad\u0113 bie\u017ei j\u016btama d\u017eeza un da\u017e\u0101du tautu folkm\u016bzikas ietekme.<\/p>\n<p>Siner\u0123ija ar p\u016bt\u0113ju or\u0137estri &#8220;R\u012bga&#8221;<\/p>\n<p>Sadarbojoties ar p\u016bt\u0113ju or\u0137estri &#8220;R\u012bga&#8221;, M\u0101rcis Auzi\u0146\u0161 sask\u0101r\u0101s ar jaunu un aizraujo\u0161u izaicin\u0101jumu. Lai gan vi\u0146\u0161 iepriek\u0161 rad\u012bjis darbus kameror\u0137estrim, st\u012bgu kvartetam un bigbendam, kompoz\u012bcija tie\u0161i p\u016bt\u0113ju or\u0137estrim bija k\u0101 &#8220;muzik\u0101la pagrie\u0161an\u0101s par 180 gr\u0101diem&#8221;. \u0160is eksperiments, kas piedz\u012bvoja pirmatska\u0146ojumu VEF Kult\u016bras pil\u012b 18. novembr\u012b par godu Latvijas valsts sv\u0113tkiem, ir vainagojies ar izcilu koncertierakstu. Koncert\u0101 pie diri\u0123enta pults st\u0101v\u0113ja Valdis But\u0101ns, un ierakst\u0101 piedal\u012bj\u0101s ar\u012b ritma grupa \u2013 tausti\u0146instrument\u0101lists J\u0101nis Milti\u0146\u0161, basists Toms Poi\u0161s un bundzinieks M\u0101rti\u0146\u0161 Mi\u013cevskis.<\/p>\n<p>M\u0101r\u010da Auzi\u0146a rado\u0161ais ce\u013c\u0161<\/p>\n<p>M\u0101rcis Auzi\u0146\u0161 ir latvie\u0161u \u0123it\u0101rists, komponists un aran\u017e\u0113t\u0101js, kur\u0161 savu m\u016bzi\u0137a karjeru s\u0101cis k\u0101 pianists, v\u0113l\u0101k piev\u0113r\u0161oties \u0123it\u0101rai. Vi\u0146\u0161 ir absolv\u0113jis J\u0101zepa V\u012btola Latvijas M\u016bzikas akad\u0113mijas d\u017eeza noda\u013cu un ieguvis bakalaura gr\u0101du d\u017eeza \u0123it\u0101ras specialit\u0101t\u0113. Auzi\u0146\u0161 ir sa\u0146\u0113mis atzin\u012bbu par saviem solo albumiem &#8220;Viens&#8221; un &#8220;Aizraut\u012bba&#8221;, k\u0101 ar\u012b par darbu pie da\u017e\u0101diem te\u0101tra izr\u0101\u017eu un muzik\u0101lu projektu ska\u0146as. Vi\u0146a jaunais opuss &#8220;Maiden Voyage&#8221; ir apliecin\u0101jums Auzi\u0146a nep\u0101rtrauktai rado\u0161ajai att\u012bst\u012bbai un sp\u0113jai p\u0101rsteigt ar saviem muzik\u0101lajiem mekl\u0113jumiem.<\/p>\n","protected":false},"excerpt":{"rendered":"\u0122it\u0101rists M\u0101rcis Auzi\u0146\u0161 iepriecina ar jaunu koncertierakstu Latvie\u0161u \u0123it\u0101rists M\u0101rcis Auzi\u0146\u0161, kur\u0161 liel\u0101koties paz\u012bstams k\u0101 solo m\u0101kslinieks, ir&hellip;\n","protected":false},"author":2,"featured_media":61905,"comment_status":"","ping_status":"","sticky":false,"template":"","format":"standard","meta":{"footnotes":""},"categories":[19],"tags":[89,90,16309,16308,35,39,38,36,37,34,40,16307,2604,16310],"class_list":{"0":"post-61904","1":"post","2":"type-post","3":"status-publish","4":"format-standard","5":"has-post-thumbnail","7":"category-izklaide","8":"tag-entertainment","9":"tag-izklaide","10":"tag-karlis-auzins","11":"tag-koncertieraksts","12":"tag-latvia","13":"tag-latvian","14":"tag-latviesu","15":"tag-latviesu-valoda","16":"tag-latviesuvaloda","17":"tag-latvija","18":"tag-lv","19":"tag-maiden-voyage","20":"tag-marcis-auzins","21":"tag-puteju-orkestris-riga"},"share_on_mastodon":{"url":"https:\/\/pubeurope.com\/@lv\/115638432117081781","error":""},"_links":{"self":[{"href":"https:\/\/www.europesays.com\/lv\/wp-json\/wp\/v2\/posts\/61904","targetHints":{"allow":["GET"]}}],"collection":[{"href":"https:\/\/www.europesays.com\/lv\/wp-json\/wp\/v2\/posts"}],"about":[{"href":"https:\/\/www.europesays.com\/lv\/wp-json\/wp\/v2\/types\/post"}],"author":[{"embeddable":true,"href":"https:\/\/www.europesays.com\/lv\/wp-json\/wp\/v2\/users\/2"}],"replies":[{"embeddable":true,"href":"https:\/\/www.europesays.com\/lv\/wp-json\/wp\/v2\/comments?post=61904"}],"version-history":[{"count":0,"href":"https:\/\/www.europesays.com\/lv\/wp-json\/wp\/v2\/posts\/61904\/revisions"}],"wp:featuredmedia":[{"embeddable":true,"href":"https:\/\/www.europesays.com\/lv\/wp-json\/wp\/v2\/media\/61905"}],"wp:attachment":[{"href":"https:\/\/www.europesays.com\/lv\/wp-json\/wp\/v2\/media?parent=61904"}],"wp:term":[{"taxonomy":"category","embeddable":true,"href":"https:\/\/www.europesays.com\/lv\/wp-json\/wp\/v2\/categories?post=61904"},{"taxonomy":"post_tag","embeddable":true,"href":"https:\/\/www.europesays.com\/lv\/wp-json\/wp\/v2\/tags?post=61904"}],"curies":[{"name":"wp","href":"https:\/\/api.w.org\/{rel}","templated":true}]}}