{"id":61928,"date":"2025-11-30T12:29:10","date_gmt":"2025-11-30T12:29:10","guid":{"rendered":"https:\/\/www.europesays.com\/lv\/61928\/"},"modified":"2025-11-30T12:29:10","modified_gmt":"2025-11-30T12:29:10","slug":"lietuva-pec-ievainojuma-macibas-pabrades-poligona-miris-belgijas-karavirs","status":"publish","type":"post","link":"https:\/\/www.europesays.com\/lv\/61928\/","title":{"rendered":"Lietuv\u0101 p\u0113c ievainojuma m\u0101c\u012bb\u0101s Pabrades poligon\u0101 miris Be\u013c\u0123ijas karav\u012brs"},"content":{"rendered":"<p class=\"descr\">Lietuv\u0101 Pabrades poligon\u0101 piektdien m\u0101c\u012bbu laik\u0101 tika smagi ievainots Be\u013c\u0123ijas karav\u012brs, kas sestdien no g\u016btajiem ievainojumiem miris, atsaucoties uz varasiest\u0101d\u0113m, v\u0113sta Lietuvas un Be\u013c\u0123ijas mediji.<\/p>\n<p><a href=\"https:\/\/nra.lv\/birka\/karavirs\/\" rel=\"nofollow noopener\" target=\"_blank\">Karav\u012brs<\/a> tika ievainots artil\u0113rijas m\u0101c\u012bb\u0101s. P\u0113c pirm\u0101s pal\u012bdz\u012bbas snieg\u0161anas notikuma viet\u0101 cietu\u0161o steidzami nog\u0101d\u0101ja slimn\u012bc\u0101, kur medi\u0137i diennakti c\u012bn\u012bj\u0101s par vi\u0146a dz\u012bv\u012bbu. Diem\u017e\u0113l karav\u012brs neizdz\u012bvoja.<\/p>\n<p>&#8220;Izsak\u0101m visdzi\u013c\u0101ko l\u012bdzj\u016bt\u012bbu boj\u0101g\u0101ju\u0161\u0101 karav\u012bra \u0123imenei, vi\u0146a kol\u0113\u0123iem un m\u016bsu tuvajai sabiedrotajai Be\u013c\u0123ijai,&#8221; pazi\u0146oja <a href=\"https:\/\/nra.lv\/birka\/lietuva\/\" rel=\"nofollow noopener\" target=\"_blank\">Lietuvas<\/a> Aizsardz\u012bbas ministrija.<\/p>\n<p>Be\u013c\u0123ijas karav\u012brs dien\u0113ja <a href=\"https:\/\/nra.lv\/birka\/nato\/\" rel=\"nofollow noopener\" target=\"_blank\">NATO<\/a> daudznacion\u0101laj\u0101 kaujas grup\u0101, kas izvietota Rukl\u0101.<\/p>\n<p><a href=\"https:\/\/nra.lv\/birka\/belgija\/\" rel=\"nofollow noopener\" target=\"_blank\">Be\u013c\u0123ijas<\/a> Feder\u0101l\u0101 prokurat\u016bra pazi\u0146oja, ka s\u0101kusi izmekl\u0113t \u0161o smago negad\u012bjumu, piebilstot, ka &#8220;\u0161aj\u0101 izmekl\u0113\u0161anas posm\u0101&#8221; t\u0101 nek\u0101du pla\u0161\u0101ku inform\u0101ciju nesniegs. Ar\u012b Aizsardz\u012bbas ministrija ir s\u0101kusi iek\u0161\u0113jo izmekl\u0113\u0161anu, lai noskaidrotu prec\u012bzus negad\u012bjuma apst\u0101k\u013cus.<\/p>\n<p>Kop\u0161 vasaras Lietuv\u0101 izvietoti gandr\u012bz 200 karav\u012bru no Be\u013c\u0123ijas, v\u0113sta zi\u0146u a\u0123ent\u016bra &#8220;Belga&#8221;.<\/p>\n<p>\t\t\t\t\t\tinfo<\/p>\n<p>Uzzini pirmais<br \/>kas interesants noticis Latvij\u0101 un pasaul\u0113,<br \/>pievienojoties mums <a href=\"https:\/\/t.me\/neatkariga\" rel=\"nofollow\">Telegram<\/a> vai <a href=\"https:\/\/whatsapp.com\/channel\/0029VaMLFUH5K3zLU5s4wm3y\" rel=\"nofollow noopener\" target=\"_blank\">Whatsapp<\/a> kan\u0101l\u0101<\/p>\n","protected":false},"excerpt":{"rendered":"Lietuv\u0101 Pabrades poligon\u0101 piektdien m\u0101c\u012bbu laik\u0101 tika smagi ievainots Be\u013c\u0123ijas karav\u012brs, kas sestdien no g\u016btajiem ievainojumiem miris, atsaucoties&hellip;\n","protected":false},"author":2,"featured_media":61929,"comment_status":"","ping_status":"","sticky":false,"template":"","format":"standard","meta":{"footnotes":""},"categories":[14],"tags":[23,57,28,29,32,33,22,30,31,35,39,38,36,37,34,40,20,26,27,24,25,54,55,56,21,58],"class_list":{"0":"post-61928","1":"post","2":"type-post","3":"status-publish","4":"format-standard","5":"has-post-thumbnail","7":"category-zinas-no-arvalstim","8":"tag-aktualitates","9":"tag-arvalstim","10":"tag-breaking-news","11":"tag-breakingnews","12":"tag-featured-news","13":"tag-featurednews","14":"tag-headlines","15":"tag-latest-news","16":"tag-latestnews","17":"tag-latvia","18":"tag-latvian","19":"tag-latviesu","20":"tag-latviesu-valoda","21":"tag-latviesuvaloda","22":"tag-latvija","23":"tag-lv","24":"tag-news","25":"tag-popularakas-zinas","26":"tag-popularakaszinas","27":"tag-top-stories","28":"tag-topstories","29":"tag-world","30":"tag-world-news","31":"tag-worldnews","32":"tag-zinas","33":"tag-zinas-no-arvalstim"},"share_on_mastodon":{"url":"https:\/\/pubeurope.com\/@lv\/115638656222067231","error":""},"_links":{"self":[{"href":"https:\/\/www.europesays.com\/lv\/wp-json\/wp\/v2\/posts\/61928","targetHints":{"allow":["GET"]}}],"collection":[{"href":"https:\/\/www.europesays.com\/lv\/wp-json\/wp\/v2\/posts"}],"about":[{"href":"https:\/\/www.europesays.com\/lv\/wp-json\/wp\/v2\/types\/post"}],"author":[{"embeddable":true,"href":"https:\/\/www.europesays.com\/lv\/wp-json\/wp\/v2\/users\/2"}],"replies":[{"embeddable":true,"href":"https:\/\/www.europesays.com\/lv\/wp-json\/wp\/v2\/comments?post=61928"}],"version-history":[{"count":0,"href":"https:\/\/www.europesays.com\/lv\/wp-json\/wp\/v2\/posts\/61928\/revisions"}],"wp:featuredmedia":[{"embeddable":true,"href":"https:\/\/www.europesays.com\/lv\/wp-json\/wp\/v2\/media\/61929"}],"wp:attachment":[{"href":"https:\/\/www.europesays.com\/lv\/wp-json\/wp\/v2\/media?parent=61928"}],"wp:term":[{"taxonomy":"category","embeddable":true,"href":"https:\/\/www.europesays.com\/lv\/wp-json\/wp\/v2\/categories?post=61928"},{"taxonomy":"post_tag","embeddable":true,"href":"https:\/\/www.europesays.com\/lv\/wp-json\/wp\/v2\/tags?post=61928"}],"curies":[{"name":"wp","href":"https:\/\/api.w.org\/{rel}","templated":true}]}}