{"id":61932,"date":"2025-11-30T12:32:07","date_gmt":"2025-11-30T12:32:07","guid":{"rendered":"https:\/\/www.europesays.com\/lv\/61932\/"},"modified":"2025-11-30T12:32:07","modified_gmt":"2025-11-30T12:32:07","slug":"valmieras-teatris-decembri-atklas-divus-jaunus-sieviesu-liktenstastus-medeja-un-atminu-celojums-lente-lv","status":"publish","type":"post","link":"https:\/\/www.europesays.com\/lv\/61932\/","title":{"rendered":"Valmieras te\u0101tris decembr\u012b atkl\u0101s divus jaunus sievie\u0161u likte\u0146st\u0101stus: M\u0113deja un atmi\u0146u ce\u013cojums\u00a0\u2014\u00a0Lente.lv"},"content":{"rendered":"<p>Valmieras te\u0101tr\u012b gaid\u0101mas divas jaunas izr\u0101des decembr\u012b<\/p>\n<p>Decembris Valmieras te\u0101tr\u012b sol\u0101s b\u016bt \u012bpa\u0161s, jo skat\u012bt\u0101ju v\u0113rt\u0113jumam tiks nodotas divas jaunas un intri\u0123\u0113jo\u0161as izr\u0101des, kas piev\u0113r\u0161as da\u017e\u0101diem sievie\u0161u likte\u0146st\u0101stiem. Abas pirmizr\u0101des sola aizraut un rosin\u0101t domas, pied\u0101v\u0101jot unik\u0101lu pieredzi te\u0101tra baud\u012bt\u0101jiem.<\/p>\n<p>Ievas Pu\u0137es jubil\u0101cijas autordarbs: Atmi\u0146u ce\u013cojums pa sievietes dz\u012bvi<\/p>\n<p>5. decembr\u012b te\u0101tris svin\u0113s Ievas Pu\u0137es jubilejas autordarba pirmizr\u0101di \u2013 izr\u0101di &#8220;Vai tu atceries, k\u0101 piedzima tava vecm\u0101mi\u0146a&#8221;. \u0160is darbs sol\u0101s b\u016bt dzi\u013c\u0161 un personisks ieskats sievietes dz\u012bves l\u012bklo\u010dos, atmi\u0146u vijumos un dzim\u0161anas nosl\u0113pum\u0101. Izr\u0101de, visticam\u0101k, aicin\u0101s skat\u012bt\u0101jus ne tikai atcer\u0113ties savas \u0123imenes st\u0101stus, bet ar\u012b aizdom\u0101ties par dz\u012bves nep\u0101rtraukt\u012bbu un sievie\u0161u lomu taj\u0101. Pu\u0137es rokraksts bie\u017ei vien ir j\u016bt\u012bgs un po\u0113tisks, t\u0101p\u0113c varam sagaid\u012bt izr\u0101di, kas aiz skar skumj\u0101m un prieku, atkl\u0101jot cilv\u0113cisk\u0101s pieredzes dzi\u013cumu.<\/p>\n<p>M\u0113deja: Sp\u0113c\u012bgs st\u0101sts laikmet\u012bgaj\u0101 m\u0101kslas telp\u0101<\/p>\n<p>Gada izska\u0146\u0101, 12. decembr\u012b, re\u017eisors Reinis Suhanovs aicin\u0101s uz savu jaun\u0101ko veikumu \u2013 izr\u0101di &#8220;M\u0113deja&#8221;. \u0160\u012b izr\u0101de notiks neparast\u0101 vid\u0113, laikmet\u012bg\u0101s m\u0101kslas telp\u0101 &#8220;Kurtuve&#8221;, kas pati par sevi jau rad\u012bs \u012bpa\u0161u atmosf\u0113ru un iesp\u0113ju piedz\u012bvot te\u0101tri cit\u0101d\u0101 kontekst\u0101. M\u0113dejas m\u012bts ir viens no sp\u0113c\u012bg\u0101kajiem un pretrun\u012bg\u0101kajiem st\u0101stiem sengrie\u0137u mitolo\u0123ij\u0101, kas p\u0113ta kaisl\u012bbas, nodev\u012bbu, atrieb\u012bbu un m\u0101tes m\u012blest\u012bbas tum\u0161o pusi. Suhanova izr\u0101des bie\u017ei ir izaicin\u0101jums tradicion\u0101laj\u0101m te\u0101tra form\u0101m, un &#8220;M\u0113deja&#8221; noteikti nepaliks mal\u0101. Gaid\u0101ms uzvedums, kas sp\u0113c\u012bgi ietekm\u0113s skat\u012bt\u0101ju, liekot saskarties ar arhetipiskiem jaut\u0101jumiem par cilv\u0113ka dabu un izv\u0113l\u0113m. \u0160\u012b izr\u0101de var\u0113tu b\u016bt \u012bpa\u0161i aktu\u0101la \u0161odienas kontekst\u0101, kad tiek analiz\u0113ti da\u017e\u0101di sabiedr\u012bbas un person\u012bbas spriegumi.<\/p>\n<p>Divi at\u0161\u0137ir\u012bgi, bet vienl\u012bdz saisto\u0161i sievie\u0161u portreti<\/p>\n<p>Lai gan abas izr\u0101des piev\u0113r\u0161as sievie\u0161u likte\u0146iem, t\u0101s pied\u0101v\u0101s piln\u012bgi at\u0161\u0137ir\u012bgu pieredzi. &#8220;Vai tu atceries, k\u0101 piedzima tava vecm\u0101mi\u0146a&#8221; \u0161\u0137iet vair\u0101k v\u0113rsta uz person\u012bgu atmi\u0146u un emocion\u0101lu iek\u0161\u0113jo pasauli, veidojot int\u012bmu saikni ar skat\u012bt\u0101ju. Savuk\u0101rt &#8220;M\u0113deja&#8221; sola dramatisku, kaisl\u012bgu un iesp\u0113jams pat \u0161ok\u0113jo\u0161u ieskatu vien\u0101 no slaven\u0101kajiem m\u012btiem, uzdodot nopietnus eksistenci\u0101lus jaut\u0101jumus. Valmieras te\u0101tris ar \u0161\u012bm div\u0101m izr\u0101d\u0113m apliecina savu v\u0113lmi pied\u0101v\u0101t daudzveid\u012bgu un kvalitat\u012bvu repertu\u0101ru, kas sp\u0113j uzrun\u0101t pla\u0161u skat\u012bt\u0101ju loku.<\/p>\n","protected":false},"excerpt":{"rendered":"Valmieras te\u0101tr\u012b gaid\u0101mas divas jaunas izr\u0101des decembr\u012b Decembris Valmieras te\u0101tr\u012b sol\u0101s b\u016bt \u012bpa\u0161s, jo skat\u012bt\u0101ju v\u0113rt\u0113jumam tiks nodotas&hellip;\n","protected":false},"author":2,"featured_media":61933,"comment_status":"","ping_status":"","sticky":false,"template":"","format":"standard","meta":{"footnotes":""},"categories":[19],"tags":[89,16319,90,35,39,38,36,37,34,40,16321,16320,16322,3347],"class_list":{"0":"post-61932","1":"post","2":"type-post","3":"status-publish","4":"format-standard","5":"has-post-thumbnail","7":"category-izklaide","8":"tag-entertainment","9":"tag-ieva-puke","10":"tag-izklaide","11":"tag-latvia","12":"tag-latvian","13":"tag-latviesu","14":"tag-latviesu-valoda","15":"tag-latviesuvaloda","16":"tag-latvija","17":"tag-lv","18":"tag-medeja-izrade","19":"tag-reinis-suhanovs","20":"tag-sieviesu-liktenstasti","21":"tag-valmieras-teatris"},"share_on_mastodon":{"url":"https:\/\/pubeurope.com\/@lv\/115638668061238996","error":""},"_links":{"self":[{"href":"https:\/\/www.europesays.com\/lv\/wp-json\/wp\/v2\/posts\/61932","targetHints":{"allow":["GET"]}}],"collection":[{"href":"https:\/\/www.europesays.com\/lv\/wp-json\/wp\/v2\/posts"}],"about":[{"href":"https:\/\/www.europesays.com\/lv\/wp-json\/wp\/v2\/types\/post"}],"author":[{"embeddable":true,"href":"https:\/\/www.europesays.com\/lv\/wp-json\/wp\/v2\/users\/2"}],"replies":[{"embeddable":true,"href":"https:\/\/www.europesays.com\/lv\/wp-json\/wp\/v2\/comments?post=61932"}],"version-history":[{"count":0,"href":"https:\/\/www.europesays.com\/lv\/wp-json\/wp\/v2\/posts\/61932\/revisions"}],"wp:featuredmedia":[{"embeddable":true,"href":"https:\/\/www.europesays.com\/lv\/wp-json\/wp\/v2\/media\/61933"}],"wp:attachment":[{"href":"https:\/\/www.europesays.com\/lv\/wp-json\/wp\/v2\/media?parent=61932"}],"wp:term":[{"taxonomy":"category","embeddable":true,"href":"https:\/\/www.europesays.com\/lv\/wp-json\/wp\/v2\/categories?post=61932"},{"taxonomy":"post_tag","embeddable":true,"href":"https:\/\/www.europesays.com\/lv\/wp-json\/wp\/v2\/tags?post=61932"}],"curies":[{"name":"wp","href":"https:\/\/api.w.org\/{rel}","templated":true}]}}