{"id":61937,"date":"2025-11-30T12:37:15","date_gmt":"2025-11-30T12:37:15","guid":{"rendered":"https:\/\/www.europesays.com\/lv\/61937\/"},"modified":"2025-11-30T12:37:15","modified_gmt":"2025-11-30T12:37:15","slug":"vesturiska-tiksanas-pie-senas-bazilikas-lente-lv","status":"publish","type":"post","link":"https:\/\/www.europesays.com\/lv\/61937\/","title":{"rendered":"v\u0113sturiska tik\u0161an\u0101s pie sen\u0101s bazilikas\u00a0\u2014\u00a0Lente.lv"},"content":{"rendered":"<p>P\u0101vesta aicin\u0101jums vienoties krist\u012bgaj\u0101 pasaul\u0113 N\u012bkajas ceremonij\u0101<\/p>\n<p>N\u012bkaj\u0101, v\u0113sturisk\u0101 viet\u0101, kur pirms vair\u0101k nek\u0101 1700 gadiem tika formul\u0113ts viens no krist\u012bg\u0101s tic\u012bbas pamatprincipiem, p\u0101vests Leo XIV piektdien uzrun\u0101ja krist\u012bg\u0101s pasaules gar\u012bgos l\u012bderus, aicinot p\u0101rvar\u0113t gadsimtiem ilgu\u0161\u0101s \u0161\u0137irt\u012bbas un tiekties uz piln\u012bgu vienot\u012bbu. Ceremonija, kas norisin\u0101j\u0101s pie nesen atkl\u0101taj\u0101m Sv\u0113t\u0101 Neof\u012bta bazilikas drup\u0101m, kuras izskalojis kr\u012bto\u0161ais \u016bdens l\u012bmenis, k\u013cuva par sp\u0113c\u012bgu simbolu gan v\u0113sturiskai atmi\u0146ai, gan cer\u012bbai n\u0101kotn\u0113.<\/p>\n<p>V\u0113sturisk\u0101 N\u012bkajas koncila atska\u0146as un vienot\u012bbas mekl\u0113jumi<\/p>\n<p>Tik\u0161an\u0101s notika viet\u0101, kur 325. gad\u0101 p\u0113c m\u016bsu \u0113ras risin\u0101j\u0101s pirmais ekumeniskais N\u012bkajas koncils. \u0160is notikums ir \u012bpa\u0161i noz\u012bm\u012bgs, jo notika laik\u0101, kad Austrumu un Rietumu bazn\u012bcas v\u0113l bija vienotas. Lai gan v\u0113l\u0101k, 1054. gad\u0101, notika Liel\u0101 shizma, kas rad\u012bja b\u016btisku plaisu, daudzas kato\u013cu, pareiztic\u012bgo un pat protestantu bazn\u012bcas joproj\u0101m atz\u012bst N\u012bkajas tic\u012bbas apliecin\u0101jumu \u2013 vienu no svar\u012bg\u0101kajiem krist\u012bg\u0101s pasaules vienojo\u0161ajiem dokumentiem.<\/p>\n<p>N\u012bkajas tic\u012bbas apliecin\u0101jums k\u0101 vienot\u012bbas tilts<\/p>\n<p>P\u0101vests Leo XIV kop\u0101 ar Konstantinopoles Grie\u0137u pareiztic\u012bg\u0101s bazn\u012bcas patriarhu Bartolomeju I un citiem reli\u0123iskajiem l\u012bderiem pie izrakumu vietas kop\u012bgi nolas\u012bja N\u012bkajas tic\u012bbas apliecin\u0101jumu. \u201c\u0160\u012b tic\u012bbas deklar\u0101cija ir fundament\u0101li svar\u012bga kristie\u0161iem, kas tiecas uz piln\u012bgu vienot\u012bbu,\u201d uzsv\u0113ra p\u0101vests. \u0160is kop\u012bgais akts, kas apvieno miljoniem tic\u012bgo vis\u0101 pasaul\u0113, kalpoja k\u0101 tie\u0161s tilts uz pag\u0101tni un sp\u0113c\u012bgs aicin\u0101jums atjaunot sen zaud\u0113to br\u0101l\u012bgumu.<\/p>\n<p>Ceremonija Iznik\u0101: ekumenisms un cer\u012bba<\/p>\n<p>Ceremonija, kur\u0101 skan\u0113ja gan kato\u013cu, gan pareiztic\u012bgo himnas, norisin\u0101j\u0101s tie\u0161i tur, kur uzieti Sv\u0113t\u0101 Neof\u012bta bazilikas atliekas. Tiek uzskat\u012bts, ka \u0161\u012b bazilika celta uz pa\u0161a koncila norises vietas bazn\u012bcas pamatiem. Pas\u0101kum\u0101 piedal\u012bj\u0101s ne tikai kato\u013cu un pareiztic\u012bgo p\u0101rst\u0101vji, bet ar\u012b gar\u012bdznieki no S\u012brijas, \u0112\u0123iptes, Arm\u0113nijas, Malankaras, protestantu un anglik\u0101\u0146u bazn\u012bc\u0101m, par\u0101dot pla\u0161u ekumenisku iesaisti. Patriarhs Bartolomejs koncila trad\u012bciju nod\u0113v\u0113ja par \u201ckrist\u012bg\u0101s eksistences s\u0113klu\u201d un piebilda: \u201cM\u0113s esam sapulc\u0113ju\u0161ies ne tikai, lai piemin\u0113tu pag\u0101tni, bet lai dz\u012bv\u0101 veid\u0101 apliecin\u0101tu to pa\u0161u tic\u012bbu ar\u012b \u0161odien.\u201d<\/p>\n<p>Aicin\u0101jums noraid\u012bt vardarb\u012bbas motiv\u0101ciju<\/p>\n<p>P\u0101vests Leo XIV stingri nosod\u012bja reli\u0123isku mot\u012bvu izmanto\u0161anu vardarb\u012bbas, kara vai fan\u0101tisma attaisno\u0161anai, aicinot uz dialogu un sadarb\u012bbu. Vi\u0146\u0161 uzsv\u0113ra, ka jebk\u0101da veida reli\u0123isk\u0101s p\u0101rliec\u012bbas nedr\u012bkst k\u013c\u016bt par pamatu naidam vai agresijai. \u0160is aicin\u0101jums n\u0101k laik\u0101, kad pasaul\u0113 joproj\u0101m past\u0101v daudzas reli\u0123iskas un politiskas spriedzes, padarot \u0161o v\u0113st\u012bjumu par \u012bpa\u0161i aktu\u0101lu.<\/p>\n<p>\u012aslaic\u012bgs protest\u0113t\u0101ju grup\u0113jums<\/p>\n<p>Pirms l\u016bg\u0161anu ceremonijas neliela Jaun\u0101s labkl\u0101j\u012bbas partijas biedru grupa r\u012bkoja nelielu protestu, kas gan norisin\u0101j\u0101s mier\u012bgi policijas uzraudz\u012bb\u0101 un netrauc\u0113ja galveno pas\u0101kumu.<\/p>\n","protected":false},"excerpt":{"rendered":"P\u0101vesta aicin\u0101jums vienoties krist\u012bgaj\u0101 pasaul\u0113 N\u012bkajas ceremonij\u0101 N\u012bkaj\u0101, v\u0113sturisk\u0101 viet\u0101, kur pirms vair\u0101k nek\u0101 1700 gadiem tika formul\u0113ts&hellip;\n","protected":false},"author":2,"featured_media":61938,"comment_status":"","ping_status":"","sticky":false,"template":"","format":"standard","meta":{"footnotes":""},"categories":[5],"tags":[23,28,29,32,33,22,16326,16324,30,31,35,39,38,36,37,34,40,20,16323,16325,15948,26,27,24,25,21],"class_list":{"0":"post-61937","1":"post","2":"type-post","3":"status-publish","4":"format-standard","5":"has-post-thumbnail","7":"category-aktualitates","8":"tag-aktualitates","9":"tag-breaking-news","10":"tag-breakingnews","11":"tag-featured-news","12":"tag-featurednews","13":"tag-headlines","14":"tag-iznikas-ceremonija","15":"tag-kristiesu-vienotiba","16":"tag-latest-news","17":"tag-latestnews","18":"tag-latvia","19":"tag-latvian","20":"tag-latviesu","21":"tag-latviesu-valoda","22":"tag-latviesuvaloda","23":"tag-latvija","24":"tag-lv","25":"tag-news","26":"tag-nikajas-koncils","27":"tag-patriarhs-bartolomejs-i","28":"tag-pavests-leo-xiv","29":"tag-popularakas-zinas","30":"tag-popularakaszinas","31":"tag-top-stories","32":"tag-topstories","33":"tag-zinas"},"share_on_mastodon":{"url":"https:\/\/pubeurope.com\/@lv\/115638687876921591","error":""},"_links":{"self":[{"href":"https:\/\/www.europesays.com\/lv\/wp-json\/wp\/v2\/posts\/61937","targetHints":{"allow":["GET"]}}],"collection":[{"href":"https:\/\/www.europesays.com\/lv\/wp-json\/wp\/v2\/posts"}],"about":[{"href":"https:\/\/www.europesays.com\/lv\/wp-json\/wp\/v2\/types\/post"}],"author":[{"embeddable":true,"href":"https:\/\/www.europesays.com\/lv\/wp-json\/wp\/v2\/users\/2"}],"replies":[{"embeddable":true,"href":"https:\/\/www.europesays.com\/lv\/wp-json\/wp\/v2\/comments?post=61937"}],"version-history":[{"count":0,"href":"https:\/\/www.europesays.com\/lv\/wp-json\/wp\/v2\/posts\/61937\/revisions"}],"wp:featuredmedia":[{"embeddable":true,"href":"https:\/\/www.europesays.com\/lv\/wp-json\/wp\/v2\/media\/61938"}],"wp:attachment":[{"href":"https:\/\/www.europesays.com\/lv\/wp-json\/wp\/v2\/media?parent=61937"}],"wp:term":[{"taxonomy":"category","embeddable":true,"href":"https:\/\/www.europesays.com\/lv\/wp-json\/wp\/v2\/categories?post=61937"},{"taxonomy":"post_tag","embeddable":true,"href":"https:\/\/www.europesays.com\/lv\/wp-json\/wp\/v2\/tags?post=61937"}],"curies":[{"name":"wp","href":"https:\/\/api.w.org\/{rel}","templated":true}]}}