{"id":61949,"date":"2025-11-30T12:51:11","date_gmt":"2025-11-30T12:51:11","guid":{"rendered":"https:\/\/www.europesays.com\/lv\/61949\/"},"modified":"2025-11-30T12:51:11","modified_gmt":"2025-11-30T12:51:11","slug":"piastri-starte-no-pirmas-vietas-un-uzvar-kataras-grand-prix-sprinta","status":"publish","type":"post","link":"https:\/\/www.europesays.com\/lv\/61949\/","title":{"rendered":"Piastri start\u0113 no pirm\u0101s vietas un uzvar Kataras &#8220;Grand Prix&#8221; sprint\u0101"},"content":{"rendered":"<p>Piastri bija \u0101tr\u0101kais piektdien aizvad\u012btaj\u0101 sprinta kvalifik\u0101cij\u0101 un start\u0113ja no pirm\u0101s poz\u012bcijas, kuru dro\u0161i nosarg\u0101ja un tika pie uzvaras.<\/p>\n<p>Otrais, atpaliekot teju picas sekundes, bija no otr\u0101s vietas start\u0113ju\u0161ais &#8220;Mercedes&#8221; pilots D\u017eord\u017es Rasels, bet lab\u0101ko trijnieku nosl\u0113dza otrs &#8220;McLaren&#8221; pilots un pasaules \u010dempion\u0101ta kopv\u0113rt\u0113juma l\u012bderis Lando Noriss.<\/p>\n<p>Uzreiz \u0101rpus pirm\u0101 trijnieka bija Makss Vertstapens (&#8220;Red Bull&#8221;), kuram sekoja komandas biedrs Juki Cunoda.<\/p>\n<p>Sestdien v\u0113l paredz\u0113ta kvalifik\u0101cija pamatsacens\u012bb\u0101m, kas notiks sv\u0113tdien.<\/p>\n<p>Kopv\u0113rt\u0113jum\u0101 l\u012bderis ar 396 punktiem ir Noriss, par 22 punktiem apsteidzot komandas biedru Piastri un par 25 punktiem &#8211; Verstapenu.<\/p>\n<p>Uzvaru Konstruktoru kaus\u0101 jau ir nodro\u0161in\u0101jusi &#8220;McLaren&#8221; vien\u012bba.<\/p>\n<p>\u0160osezon F-1 \u010dempion\u0101t\u0101 tiek aizvad\u012bti 24 posmi.<\/p>\n<p>Pag\u0101ju\u0161aj\u0101 sezon\u0101 ceturto reizi p\u0113c k\u0101rtas par \u010dempionu k\u013cuva n\u012bderlandietis Makss Verstapens, bet Konstruktoru kaus\u0101 uzvaru svin\u0113ja &#8220;McLaren&#8221;.<\/p>\n","protected":false},"excerpt":{"rendered":"Piastri bija \u0101tr\u0101kais piektdien aizvad\u012btaj\u0101 sprinta kvalifik\u0101cij\u0101 un start\u0113ja no pirm\u0101s poz\u012bcijas, kuru dro\u0161i nosarg\u0101ja un tika pie&hellip;\n","protected":false},"author":2,"featured_media":61950,"comment_status":"","ping_status":"","sticky":false,"template":"","format":"standard","meta":{"footnotes":""},"categories":[17],"tags":[2467,35,39,38,36,37,34,40,7282,67],"class_list":{"0":"post-61949","1":"post","2":"type-post","3":"status-publish","4":"format-standard","5":"has-post-thumbnail","7":"category-sports","8":"tag-formula-1","9":"tag-latvia","10":"tag-latvian","11":"tag-latviesu","12":"tag-latviesu-valoda","13":"tag-latviesuvaloda","14":"tag-latvija","15":"tag-lv","16":"tag-oskars-piastri","17":"tag-sports"},"share_on_mastodon":{"url":"https:\/\/pubeurope.com\/@lv\/115638742754636045","error":""},"_links":{"self":[{"href":"https:\/\/www.europesays.com\/lv\/wp-json\/wp\/v2\/posts\/61949","targetHints":{"allow":["GET"]}}],"collection":[{"href":"https:\/\/www.europesays.com\/lv\/wp-json\/wp\/v2\/posts"}],"about":[{"href":"https:\/\/www.europesays.com\/lv\/wp-json\/wp\/v2\/types\/post"}],"author":[{"embeddable":true,"href":"https:\/\/www.europesays.com\/lv\/wp-json\/wp\/v2\/users\/2"}],"replies":[{"embeddable":true,"href":"https:\/\/www.europesays.com\/lv\/wp-json\/wp\/v2\/comments?post=61949"}],"version-history":[{"count":0,"href":"https:\/\/www.europesays.com\/lv\/wp-json\/wp\/v2\/posts\/61949\/revisions"}],"wp:featuredmedia":[{"embeddable":true,"href":"https:\/\/www.europesays.com\/lv\/wp-json\/wp\/v2\/media\/61950"}],"wp:attachment":[{"href":"https:\/\/www.europesays.com\/lv\/wp-json\/wp\/v2\/media?parent=61949"}],"wp:term":[{"taxonomy":"category","embeddable":true,"href":"https:\/\/www.europesays.com\/lv\/wp-json\/wp\/v2\/categories?post=61949"},{"taxonomy":"post_tag","embeddable":true,"href":"https:\/\/www.europesays.com\/lv\/wp-json\/wp\/v2\/tags?post=61949"}],"curies":[{"name":"wp","href":"https:\/\/api.w.org\/{rel}","templated":true}]}}