{"id":61957,"date":"2025-11-30T12:59:06","date_gmt":"2025-11-30T12:59:06","guid":{"rendered":"https:\/\/www.europesays.com\/lv\/61957\/"},"modified":"2025-11-30T12:59:06","modified_gmt":"2025-11-30T12:59:06","slug":"analitiki-bridina-par-maiami-miera-sarunu-nozimi-ukrainas-izvele-ir-dzivot-vai-mirt-ka-briviem-cilvekiem-vai-ka-krievijas-vergiem-jauns-lv","status":"publish","type":"post","link":"https:\/\/www.europesays.com\/lv\/61957\/","title":{"rendered":"Anal\u012bti\u0137i br\u012bdina par Maiami miera sarunu noz\u012bmi. &quot;Ukrainas izv\u0113le ir &#8211; dz\u012bvot vai mirt k\u0101 br\u012bviem cilv\u0113kiem vai k\u0101 Krievijas vergiem!&quot; &#8211; Jauns.lv"},"content":{"rendered":"<ol>\n<li><a href=\"https:\/\/news.google.com\/rss\/articles\/CBMi_AFBVV95cUxOakkteG9BQllZT3k3anl5REVDRENSRjdnX0NnOHJ3RHg0UEdvTUduVHNkcHBSM1hyeUc2R2Z5YUVObjFfLV9aS3RYQ21YNGlMS2U4X3JzbURlRldnWkdhOW9CMDdxSDI1dW9Jb0FNQXVTZzV1RHA0US1ELWtvdXhLbTByN0hRUGZGSXhPWVRYd0R2LTJmNTR0UTRISW5vdW8xOUtfYUlpVzdNUHJkUVVEYm1GOHZxTVZVN3FkYUdwVy1GNXROM0hDY1U4a052Wko0WlhLd0N5bUFxSThoWlhwenVDcXBOT0tWbjBQUGlocTVsOGlZUndfSEZIYXU?oc=5\" target=\"_blank\" rel=\"nofollow noopener\">Anal\u012bti\u0137i br\u012bdina par Maiami miera sarunu noz\u012bmi. &#8220;Ukrainas izv\u0113le ir &#8211; dz\u012bvot vai mirt k\u0101 br\u012bviem cilv\u0113kiem vai k\u0101 Krievijas vergiem!&#8221;<\/a>&nbsp;&nbsp;Jauns.lv<\/li>\n<li><a href=\"https:\/\/news.google.com\/rss\/articles\/CBMivAFBVV95cUxQTjl4UlR1S0E5cEpZSlVsQjlfMVNZaHBDUFlLLTl4RGNXalRsUW05aGpQX3Nmc3FzZ0I3U2JwaEFEOWd0WlJiYWVEaVZ3NlRFYnlpbm9EdzFiN3RvUUVVaWIycXpfTzZoc1ZLeHhzaldhZjlqZHVyZnFXYkdhRzQtWjgzdzdSRmxRT0k3d1Q5VmNERUdscFpOMWxDSm1yRXc4Z1B2X2dMajVVbHE5bU0xd09uSnNZWFVLUi1Gbg?oc=5\" target=\"_blank\" rel=\"nofollow noopener\">Va\u0161ingtona un Maskava tuvojas dar\u012bjumam? Tramps gatavs izpild\u012bt Putina nosac\u012bjumus<\/a>&nbsp;&nbsp;Jauns.lv<\/li>\n<li><a href=\"https:\/\/news.google.com\/rss\/articles\/CBMivgFBVV95cUxPV2xwVzZ5bndOY0VleXpaMFJrdjYxWXpsaDdRajZTTk15QUpMajFETWlwV2hteGY3NkZMTURYZ3htRTdUajJDS2hPMVBvbWpaZk9zTW1NOUptZU1NR05hcW55aWxub3A2aVpBaWdlX0pLUXBFQTZJaTNmdjlNSkQwempCcXFWQU5ZVk5OM1VwZnlmVHozZnNNUmFucW1KWk4xdGFBamZMbDRPVXBZQk51aGtsVmFTeUVKTHhzeTFB?oc=5\" target=\"_blank\" rel=\"nofollow noopener\">ASV un Ukraina r\u012bkos jaunas sarunas, lai izbeigtu karu: Reuters atkl\u0101j datumu un norises vietu<\/a>&nbsp;&nbsp;TVNET<\/li>\n<li><a href=\"https:\/\/news.google.com\/rss\/articles\/CBMipgFBVV95cUxNelY3VE5uakI4UUU1czVrelpsU3VWRkFZRG4yb1BNbk5SbEdnZFlXUjd0MTl1VVZfYjVHbmZTTFFsS2dURkJPYmRRUUQ0eXF5Z3Uza3d1Yy0zal9MQllrMXROMmhab2RJNFdhQ0k1czVvRVlJM2JmU2JBSXZhd0tfWUNIOWREYmVkX2pta21sRUM1bFQ3Rnc0VVR0N3lwRmwxMTU2X1lB?oc=5\" target=\"_blank\" rel=\"nofollow noopener\">WSJ: Putina reakcija uz ASV miera pl\u0101nu atkl\u0101ja vi\u0146a patieso m\u0113r\u0137i Ukrain\u0101<\/a>&nbsp;&nbsp;Apollo.lv<\/li>\n<li><a href=\"https:\/\/news.google.com\/rss\/articles\/CBMiiwFBVV95cUxOZmtPVmk2M0VUek9vQlMtMU9TcEpuc2pPZVFmUHJ1R3lzazdzczEyTDRhOGZpbkxvUUMyNEQ0YWw5dGVaTDJfZkNEVXotNjZkUjMyTWNMQkQ5OFlpSGpGU2Y3RUtQMnJiMzBUOFFCOGszM2ZFcXNGVXRLOXVJQWNzYU5kVENmTXVYckUw?oc=5\" target=\"_blank\" rel=\"nofollow noopener\">Ukrainas deleg\u0101cija devusies uz ASV<\/a>&nbsp;&nbsp;Delfi<\/li>\n<\/ol>\n","protected":false},"excerpt":{"rendered":"Anal\u012bti\u0137i br\u012bdina par Maiami miera sarunu noz\u012bmi. &#8220;Ukrainas izv\u0113le ir &#8211; dz\u012bvot vai mirt k\u0101 br\u012bviem cilv\u0113kiem vai&hellip;\n","protected":false},"author":2,"featured_media":53228,"comment_status":"","ping_status":"","sticky":false,"template":"","format":"standard","meta":{"footnotes":""},"categories":[14],"tags":[23,57,28,29,32,33,22,30,31,35,39,38,36,37,34,40,20,26,27,24,25,54,55,56,21,58],"class_list":{"0":"post-61957","1":"post","2":"type-post","3":"status-publish","4":"format-standard","5":"has-post-thumbnail","7":"category-zinas-no-arvalstim","8":"tag-aktualitates","9":"tag-arvalstim","10":"tag-breaking-news","11":"tag-breakingnews","12":"tag-featured-news","13":"tag-featurednews","14":"tag-headlines","15":"tag-latest-news","16":"tag-latestnews","17":"tag-latvia","18":"tag-latvian","19":"tag-latviesu","20":"tag-latviesu-valoda","21":"tag-latviesuvaloda","22":"tag-latvija","23":"tag-lv","24":"tag-news","25":"tag-popularakas-zinas","26":"tag-popularakaszinas","27":"tag-top-stories","28":"tag-topstories","29":"tag-world","30":"tag-world-news","31":"tag-worldnews","32":"tag-zinas","33":"tag-zinas-no-arvalstim"},"share_on_mastodon":{"url":"https:\/\/pubeurope.com\/@lv\/115638774207934730","error":""},"_links":{"self":[{"href":"https:\/\/www.europesays.com\/lv\/wp-json\/wp\/v2\/posts\/61957","targetHints":{"allow":["GET"]}}],"collection":[{"href":"https:\/\/www.europesays.com\/lv\/wp-json\/wp\/v2\/posts"}],"about":[{"href":"https:\/\/www.europesays.com\/lv\/wp-json\/wp\/v2\/types\/post"}],"author":[{"embeddable":true,"href":"https:\/\/www.europesays.com\/lv\/wp-json\/wp\/v2\/users\/2"}],"replies":[{"embeddable":true,"href":"https:\/\/www.europesays.com\/lv\/wp-json\/wp\/v2\/comments?post=61957"}],"version-history":[{"count":0,"href":"https:\/\/www.europesays.com\/lv\/wp-json\/wp\/v2\/posts\/61957\/revisions"}],"wp:featuredmedia":[{"embeddable":true,"href":"https:\/\/www.europesays.com\/lv\/wp-json\/wp\/v2\/media\/53228"}],"wp:attachment":[{"href":"https:\/\/www.europesays.com\/lv\/wp-json\/wp\/v2\/media?parent=61957"}],"wp:term":[{"taxonomy":"category","embeddable":true,"href":"https:\/\/www.europesays.com\/lv\/wp-json\/wp\/v2\/categories?post=61957"},{"taxonomy":"post_tag","embeddable":true,"href":"https:\/\/www.europesays.com\/lv\/wp-json\/wp\/v2\/tags?post=61957"}],"curies":[{"name":"wp","href":"https:\/\/api.w.org\/{rel}","templated":true}]}}