{"id":61962,"date":"2025-11-30T13:07:08","date_gmt":"2025-11-30T13:07:08","guid":{"rendered":"https:\/\/www.europesays.com\/lv\/61962\/"},"modified":"2025-11-30T13:07:08","modified_gmt":"2025-11-30T13:07:08","slug":"eidukai-top-25-rezultats-pasaules-kausa-posma-somija-ziemas-sports-sportacentrs-com","status":"publish","type":"post","link":"https:\/\/www.europesays.com\/lv\/61962\/","title":{"rendered":"Eidukai top 25 rezult\u0101ts Pasaules kausa posm\u0101 Somij\u0101 \u2013 Ziemas sports \u2013 Sportacentrs.com"},"content":{"rendered":"<p>Par uzvar\u0113t\u0101ju 20 kilometros d\u0101m\u0101m k\u013cuva Zviedrijas sportiste Jonna Sudlinga, kura Somijas snieg\u0101 pret\u012b uzvarai aizsteidz\u0101s ar rezult\u0101tu 50 min\u016btes un 29,9 sekundes. Divas sekundes aiz uzvar\u0113t\u0101jas iepalika savu p\u0113d\u0113jo sezonu aizvado\u0161\u0101 amerik\u0101niete D\u017eesija Diginsa un tre\u0161\u0101s vietas ieguv\u0113ja Heidi Venga no Norv\u0113\u0123ijas.<\/p>\n<p>Latvijas vado\u0161\u0101 d\u0101mu sl\u0113pot\u0101ja Patr\u012bcija Eiduka uzvar\u0113t\u0101jai piek\u0101p\u0101s par div\u0101m min\u016bt\u0113m un 23 sekund\u0113m. Latviete ierindoj\u0101s starp tr\u012bs Somijas sl\u0113pot\u0101j\u0101m, pavisam nedaudz iepaliekot no Vilmas N\u012blsenas un Jasminas Kaharas, k\u0101 ar\u012b par pusotru sekundi apsteidzot Annu Kaisu S\u0101ri. Kopum\u0101 l\u012bdz fini\u0161am tika 68 sportistes. Divas tika apsteigtas par apli, bet v\u0113l \u010detras izst\u0101j\u0101s distances gait\u0101.<\/p>\n<p>20 km sl\u0113po\u0161ana, PK Ruka<\/p>\n<tr>V.SportisteValstsRez.<\/tr>\n<tr class=\"even\">\n<td>1.<\/td>\n<td>Jonna Sudlinga<\/td>\n<td>Zviedrija<\/td>\n<td class=\"ralign\">50:24.9<\/td>\n<\/tr>\n<tr class=\"odd\">\n<td>2.<\/td>\n<td>D\u017eesija Diginsa<\/td>\n<td>ASV<\/td>\n<td class=\"ralign\">+2.3<\/td>\n<\/tr>\n<tr class=\"even\">\n<td>3.<\/td>\n<td>Heidi Venga<\/td>\n<td>Norv\u0113\u0123ija<\/td>\n<td class=\"ralign\">+2.8<\/td>\n<\/tr>\n<tr class=\"odd\">\n<td>4.<\/td>\n<td>Fr\u012bda Karlsone<\/td>\n<td>Zviedrija<\/td>\n<td class=\"ralign\">+4.9<\/td>\n<\/tr>\n<tr class=\"even\">\n<td>5.<\/td>\n<td>Eba Andersone<\/td>\n<td>Zviedrija<\/td>\n<td class=\"ralign\">+5.0<\/td>\n<\/tr>\n<tr class=\"odd\">\n<td\/>\n<td\/>\n<td\/>\n<td class=\"ralign\"\/><\/tr>\n<tr class=\"even\">\n<td\/>\n<td\/>\n<td\/>\n<td class=\"ralign\"\/><\/tr>\n<tr class=\"odd\">\n<td>25.<\/td>\n<td>Patr\u012bcija Eiduka<\/td>\n<td>Latvija<\/td>\n<td class=\"ralign\">+2:23.1<\/td>\n<\/tr>\n<p>Tikm\u0113r v\u012bru c\u012b\u0146\u0101s lab\u0101kais ekvivalent\u0101 distanc\u0113 bija Haralds Amundsens, kuram pietika ar 44 min\u016bt\u0113m un 42 sekund\u0113m uzvaras izc\u012bn\u012b\u0161anai. Vair\u0101k nek\u0101 tr\u012bs min\u016btes no uzvar\u0113t\u0101ja atpalika Raimo V\u012bgants, kur\u0161 starp 100 fini\u0161u sasniegu\u0161ajiem sportistiem ie\u0146\u0113ma 72. vietu.<\/p>\n<p>20 km sl\u0113po\u0161ana, PK Ruka<\/p>\n<tr>V.SportisteValstsRez.<\/tr>\n<tr class=\"even\">\n<td>1.<\/td>\n<td>Haralds Amundsens<\/td>\n<td>Norv\u0113\u0123ija<\/td>\n<td class=\"ralign\">44:42.5<\/td>\n<\/tr>\n<tr class=\"odd\">\n<td>2.<\/td>\n<td>Einars Hedegarts<\/td>\n<td>Norv\u0113\u0123ija<\/td>\n<td class=\"ralign\">+1.9<\/td>\n<\/tr>\n<tr class=\"even\">\n<td>3.<\/td>\n<td>Edv\u012bns Angers<\/td>\n<td>Zviedrija<\/td>\n<td class=\"ralign\">+2.3<\/td>\n<\/tr>\n<tr class=\"odd\">\n<td>4.<\/td>\n<td>Martins N\u012bengets<\/td>\n<td>Norv\u0113\u0123ija<\/td>\n<td class=\"ralign\">+4.5<\/td>\n<\/tr>\n<tr class=\"even\">\n<td>5.<\/td>\n<td>Mika Vermulens<\/td>\n<td>Austrija<\/td>\n<td class=\"ralign\">+8.4<\/td>\n<\/tr>\n<tr class=\"odd\">\n<td\/>\n<td\/>\n<td\/>\n<td class=\"ralign\"\/><\/tr>\n<tr class=\"even\">\n<td\/>\n<td\/>\n<td\/>\n<td class=\"ralign\"\/><\/tr>\n<tr class=\"odd\">\n<td>72.<\/td>\n<td>Raimo V\u012bgants<\/td>\n<td>Latvija<\/td>\n<td class=\"ralign\">+3:07.2<\/td>\n<\/tr>\n<p>Ar \u0161\u012bm distanc\u0113m nosl\u0113dz\u0101s sezonas pirmais Pasaules kausa posms Somij\u0101. N\u0101kamned\u0113\u013c sl\u0113pot\u0101ji \u0161\u0137els sniegu Norv\u0113\u0123ijas tras\u0113 Tronheim\u0101.<\/p>\n<p>Izmantotie resursi:<br \/><a target=\"_blank\" href=\"https:\/\/www.fis-ski.com\/\" rel=\"nofollow noopener\">https:\/\/www.fis-ski.com\/<\/a><\/p>\n","protected":false},"excerpt":{"rendered":"Par uzvar\u0113t\u0101ju 20 kilometros d\u0101m\u0101m k\u013cuva Zviedrijas sportiste Jonna Sudlinga, kura Somijas snieg\u0101 pret\u012b uzvarai aizsteidz\u0101s ar rezult\u0101tu&hellip;\n","protected":false},"author":2,"featured_media":61963,"comment_status":"","ping_status":"","sticky":false,"template":"","format":"standard","meta":{"footnotes":""},"categories":[5],"tags":[23,28,29,32,33,22,30,31,35,39,38,36,37,34,40,20,26,27,24,25,620,21],"class_list":{"0":"post-61962","1":"post","2":"type-post","3":"status-publish","4":"format-standard","5":"has-post-thumbnail","7":"category-aktualitates","8":"tag-aktualitates","9":"tag-breaking-news","10":"tag-breakingnews","11":"tag-featured-news","12":"tag-featurednews","13":"tag-headlines","14":"tag-latest-news","15":"tag-latestnews","16":"tag-latvia","17":"tag-latvian","18":"tag-latviesu","19":"tag-latviesu-valoda","20":"tag-latviesuvaloda","21":"tag-latvija","22":"tag-lv","23":"tag-news","24":"tag-popularakas-zinas","25":"tag-popularakaszinas","26":"tag-top-stories","27":"tag-topstories","28":"tag-ziemas-sports","29":"tag-zinas"},"share_on_mastodon":{"url":"https:\/\/pubeurope.com\/@lv\/115638805684979725","error":""},"_links":{"self":[{"href":"https:\/\/www.europesays.com\/lv\/wp-json\/wp\/v2\/posts\/61962","targetHints":{"allow":["GET"]}}],"collection":[{"href":"https:\/\/www.europesays.com\/lv\/wp-json\/wp\/v2\/posts"}],"about":[{"href":"https:\/\/www.europesays.com\/lv\/wp-json\/wp\/v2\/types\/post"}],"author":[{"embeddable":true,"href":"https:\/\/www.europesays.com\/lv\/wp-json\/wp\/v2\/users\/2"}],"replies":[{"embeddable":true,"href":"https:\/\/www.europesays.com\/lv\/wp-json\/wp\/v2\/comments?post=61962"}],"version-history":[{"count":0,"href":"https:\/\/www.europesays.com\/lv\/wp-json\/wp\/v2\/posts\/61962\/revisions"}],"wp:featuredmedia":[{"embeddable":true,"href":"https:\/\/www.europesays.com\/lv\/wp-json\/wp\/v2\/media\/61963"}],"wp:attachment":[{"href":"https:\/\/www.europesays.com\/lv\/wp-json\/wp\/v2\/media?parent=61962"}],"wp:term":[{"taxonomy":"category","embeddable":true,"href":"https:\/\/www.europesays.com\/lv\/wp-json\/wp\/v2\/categories?post=61962"},{"taxonomy":"post_tag","embeddable":true,"href":"https:\/\/www.europesays.com\/lv\/wp-json\/wp\/v2\/tags?post=61962"}],"curies":[{"name":"wp","href":"https:\/\/api.w.org\/{rel}","templated":true}]}}