{"id":61966,"date":"2025-11-30T13:13:08","date_gmt":"2025-11-30T13:13:08","guid":{"rendered":"https:\/\/www.europesays.com\/lv\/61966\/"},"modified":"2025-11-30T13:13:08","modified_gmt":"2025-11-30T13:13:08","slug":"pirmdien-laikapstakli-uzlabosies","status":"publish","type":"post","link":"https:\/\/www.europesays.com\/lv\/61966\/","title":{"rendered":"Pirmdien laikapst\u0101k\u013ci uzlabosies"},"content":{"rendered":"<p>Nakt\u012b uz pirmdienu v\u0113l b\u016bs m\u0101ko\u0146ains laiks, da\u017eviet neliels lietus. P\u016b\u0161ot l\u0113nam dienvidu, dienvidaustrumu v\u0113jam, viet\u0101m veidosies migla. Gaisa temperat\u016brai nakt\u012b b\u016bs -1..+2 gr\u0101di. Atsevi\u0161\u0137i ce\u013ca posmi var b\u016bt slideni.<\/p>\n<p>R\u012bg\u0101 nakts aizrit\u0113s bez iev\u0113rojamiem nokri\u0161\u0146iem. P\u016bt\u012bs p\u0101rsvar\u0101 l\u0113ns dienvidv\u0113j\u0161 un gaisa temperat\u016bra b\u016bs +1..+2 gr\u0101di.<\/p>\n<p>Pirmdien debesis b\u016bs m\u0101ko\u0146ainas, bet dien\u0101 Kurzem\u0113 t\u0101s skaidrosies. Lai gan lietus gaid\u0101ms vien viet\u0101m, atsevi\u0161\u0137i ce\u013cu posmi b\u016bs slideni un da\u017eviet veidosies migla, kas pasliktin\u0101s redzam\u012bbu.<\/p>\n<p>P\u016bt\u012bs l\u0113ns l\u012bdz m\u0113rens dienvidu, dienvidaustrumu v\u0113j\u0161, bet j\u016bras piekrast\u0113 br\u0101zm\u0101s v\u0113ja \u0101trums sasniegs 14 metrus sekund\u0113. Gaisa temperat\u016bra dien\u0101 sasniegs +1..+5 gr\u0101dus, bet j\u016bras piekrast\u0113 gaiss iesils l\u012bdz pat +6..+8 gr\u0101diem.<\/p>\n<p>R\u012bg\u0101 diena b\u016bs apm\u0101kusies, bet nokri\u0161\u0146i nav gaid\u0101mi. P\u016bt\u012bs l\u0113ns dienvidv\u0113j\u0161 un gaisa temperat\u016bra tur\u0113sies ap +2 gr\u0101diem.<\/p>\n","protected":false},"excerpt":{"rendered":"Nakt\u012b uz pirmdienu v\u0113l b\u016bs m\u0101ko\u0146ains laiks, da\u017eviet neliels lietus. P\u016b\u0161ot l\u0113nam dienvidu, dienvidaustrumu v\u0113jam, viet\u0101m veidosies migla.&hellip;\n","protected":false},"author":2,"featured_media":61967,"comment_status":"","ping_status":"","sticky":false,"template":"","format":"standard","meta":{"footnotes":""},"categories":[5],"tags":[23,28,29,32,33,22,396,397,30,31,35,39,38,36,37,34,40,20,26,27,2410,24,25,21],"class_list":{"0":"post-61966","1":"post","2":"type-post","3":"status-publish","4":"format-standard","5":"has-post-thumbnail","7":"category-aktualitates","8":"tag-aktualitates","9":"tag-breaking-news","10":"tag-breakingnews","11":"tag-featured-news","12":"tag-featurednews","13":"tag-headlines","14":"tag-laika-zinas","15":"tag-laikapstakli","16":"tag-latest-news","17":"tag-latestnews","18":"tag-latvia","19":"tag-latvian","20":"tag-latviesu","21":"tag-latviesu-valoda","22":"tag-latviesuvaloda","23":"tag-latvija","24":"tag-lv","25":"tag-news","26":"tag-popularakas-zinas","27":"tag-popularakaszinas","28":"tag-prognoze","29":"tag-top-stories","30":"tag-topstories","31":"tag-zinas"},"share_on_mastodon":{"url":"https:\/\/pubeurope.com\/@lv\/115638829283159341","error":""},"_links":{"self":[{"href":"https:\/\/www.europesays.com\/lv\/wp-json\/wp\/v2\/posts\/61966","targetHints":{"allow":["GET"]}}],"collection":[{"href":"https:\/\/www.europesays.com\/lv\/wp-json\/wp\/v2\/posts"}],"about":[{"href":"https:\/\/www.europesays.com\/lv\/wp-json\/wp\/v2\/types\/post"}],"author":[{"embeddable":true,"href":"https:\/\/www.europesays.com\/lv\/wp-json\/wp\/v2\/users\/2"}],"replies":[{"embeddable":true,"href":"https:\/\/www.europesays.com\/lv\/wp-json\/wp\/v2\/comments?post=61966"}],"version-history":[{"count":0,"href":"https:\/\/www.europesays.com\/lv\/wp-json\/wp\/v2\/posts\/61966\/revisions"}],"wp:featuredmedia":[{"embeddable":true,"href":"https:\/\/www.europesays.com\/lv\/wp-json\/wp\/v2\/media\/61967"}],"wp:attachment":[{"href":"https:\/\/www.europesays.com\/lv\/wp-json\/wp\/v2\/media?parent=61966"}],"wp:term":[{"taxonomy":"category","embeddable":true,"href":"https:\/\/www.europesays.com\/lv\/wp-json\/wp\/v2\/categories?post=61966"},{"taxonomy":"post_tag","embeddable":true,"href":"https:\/\/www.europesays.com\/lv\/wp-json\/wp\/v2\/tags?post=61966"}],"curies":[{"name":"wp","href":"https:\/\/api.w.org\/{rel}","templated":true}]}}