{"id":61970,"date":"2025-11-30T13:25:09","date_gmt":"2025-11-30T13:25:09","guid":{"rendered":"https:\/\/www.europesays.com\/lv\/61970\/"},"modified":"2025-11-30T13:25:09","modified_gmt":"2025-11-30T13:25:09","slug":"pavests-leons-xiv-pirmaja-arvalstu-vizite-aicina-uz-mieru-un-vienotibu-tuvajos-austrumos-lente-lv","status":"publish","type":"post","link":"https:\/\/www.europesays.com\/lv\/61970\/","title":{"rendered":"P\u0101vests Leons XIV pirmaj\u0101 \u0101rvalstu viz\u012bt\u0113 aicina uz mieru un vienot\u012bbu Tuvajos Austrumos\u00a0\u2014\u00a0Lente.lv"},"content":{"rendered":"<p>Jaunais p\u0101vests Leons XIV uzs\u0101k savu pirmo \u0101rvalstu viz\u012bti Turcij\u0101 un Lib\u0101n\u0101<\/p>\n<p>Jauniev\u0113l\u0113tais p\u0101vests Leons XIV \u0161oned\u0113\u013c uzs\u0101cis savu pirmo noz\u012bm\u012bgo \u0101rvalstu viz\u012bti, izv\u0113loties apmekl\u0113t Turciju un Lib\u0101nu. \u0160is ce\u013cojums, kas ir \u012bpa\u0161i gaid\u012bts gan reli\u0123iskaj\u0101s aprind\u0101s, gan starptautiskaj\u0101 politik\u0101, pau\u017e p\u0101vesta stingro ap\u0146em\u0161anos veicin\u0101t kristie\u0161u vienot\u012bbu un sludin\u0101t mieru nemier\u012bgaj\u0101 Tuv\u0101ko Austrumu re\u0123ion\u0101. Pasaule ar lielu interesi v\u0113ro \u0161o pirmo p\u0101vesta \u0101rzemju braucienu, \u012bpa\u0161i \u0146emot v\u0113r\u0101 vi\u0146a at\u0161\u0137ir\u012bgo un diplom\u0101tisko pieeju, kas kontrast\u0113 ar vi\u0146a harism\u0101tisko priek\u0161g\u0101j\u0113ju p\u0101vestu Francisku. ASV mediji \u012bpa\u0161i akt\u012bvi seko l\u012bdzi katrai Leonam XIV kust\u012bbai, nor\u0101dot uz \u0161\u012bs viz\u012btes potenci\u0101lo starptautisko noz\u012bm\u012bgumu.<\/p>\n<p>Miera un vienot\u012bbas v\u0113st\u012bjums re\u0123ion\u0101<\/p>\n<p>Viz\u012btes galvenais m\u0113r\u0137is ir stiprin\u0101t kristie\u0161u kopienu savstarp\u0113jo saikni un veicin\u0101t dialogu ar cit\u0101m reli\u0123ij\u0101m \u0161aj\u0101 dinamiskaj\u0101 un sare\u017e\u0123\u012btaj\u0101 re\u0123ion\u0101. Tuvajos Austrumos, kas gadsimtiem bijis da\u017e\u0101du kult\u016bru un tic\u012bbu krustceles, mier\u012bgs l\u012bdz\u0101spast\u0101v\u0113\u0161ana ir neatsverama v\u0113rt\u012bba. P\u0101vests Leons XIV sav\u0101 uzrun\u0101 pl\u0101no aicin\u0101t uz kop\u012bgu darbu vienot\u012bbas stiprin\u0101\u0161an\u0101, atg\u0101dinot par kop\u012bgaj\u0101m v\u0113rt\u012bb\u0101m, kas vieno cilv\u0113kus neatkar\u012bgi no vi\u0146u tic\u012bbas. \u0160\u0101da platforma dialogam un sapratnei ir \u012bpa\u0161i svar\u012bga laik\u0101, kad re\u0123ion\u0101 joproj\u0101m j\u016btama politisk\u0101 un soci\u0101l\u0101 spriedze.<\/p>\n<p>P\u0101rliec\u012bba par diplom\u0101tiju un l\u012bdzciet\u012bbu<\/p>\n<p>Leona XIV, kur\u0161 dzimis \u010cik\u0101g\u0101, pieeja diplom\u0101tijai un starprel\u012b\u0123iju attiec\u012bb\u0101m tiek raksturota k\u0101 piesardz\u012bga un pragmatiska. At\u0161\u0137ir\u012bb\u0101 no p\u0101vesta Franciska, kura pontifik\u0101tu bie\u017ei vien defin\u0113ja drosm\u012bgi un tie\u0161i izteikumi, Leons XIV \u0161\u0137iet vair\u0101k koncentr\u0113jas uz paciet\u012bgu darbu un iek\u013caujo\u0161u pieeju. \u0160is jaunais akcents tiek uzskat\u012bts par cer\u012bgu z\u012bmi re\u0123ion\u0101, kur\u0101 spriedze bie\u017ei vien p\u0101r\u0146em virsroku p\u0101r sapratni. P\u0101vesta sp\u0113ja uzklaus\u012bt un veicin\u0101t dialogu var\u0113tu k\u013c\u016bt par tiltu, kas savieno da\u017e\u0101d\u0101s kopienas un pal\u012bdz rast mier\u012bgus risin\u0101jumus sare\u017e\u0123\u012btaj\u0101m probl\u0113m\u0101m.<\/p>\n<p>V\u0113sturiskais konteksts un gaidas<\/p>\n<p>\u0160\u012b viz\u012bte notiek laik\u0101, kad glob\u0101l\u0101 aina ir pilna ar izaicin\u0101jumiem un nenoteikt\u012bbu. Tuvie Austrumi, ar savu bag\u0101to v\u0113sturi un sare\u017e\u0123\u012bto \u0123eopolitisko situ\u0101ciju, ir \u012bpa\u0161i jut\u012bgs re\u0123ions. P\u0101vesta Franciska iepriek\u0161\u0113j\u0101s viz\u012btes, piem\u0113ram, uz Turciju, ir par\u0101d\u012bju\u0161as sp\u0113c\u012bgu v\u0113lmi veicin\u0101t ekumenisko dialogu un cie\u0146u starp da\u017e\u0101d\u0101m reli\u0123ij\u0101m. Tagad, kad Leonam XIV tiek dota iesp\u0113ja turpin\u0101t \u0161o darbu, pasaule cer, ka vi\u0146a vad\u012bb\u0101 krist\u012bg\u0101 bazn\u012bca sp\u0113s v\u0113l sp\u0113c\u012bg\u0101k iest\u0101ties par mieru un taisn\u012bgumu. Gaid\u0101ms, ka mediji vis\u0101 pasaul\u0113 r\u016bp\u012bgi sekos l\u012bdzi katram p\u0101vesta solim, analiz\u0113jot vi\u0146a strat\u0113\u0123iju un t\u0101s ietekmi uz re\u0123iona n\u0101kotni.<\/p>\n<p>N\u0101kotnes cer\u012bbas un praktiskie so\u013ci<\/p>\n<p>P\u0101vesta Franciska pontifik\u0101ta laik\u0101 tika sperti noz\u012bm\u012bgi so\u013ci kristie\u0161u vienot\u012bbas virzien\u0101, piem\u0113ram, kop\u012bg\u0101 deklar\u0101cija par Lieldienu datuma vieno\u0161anos. Leonam XIV b\u016bs izaicin\u0101jums ne tikai turpin\u0101t \u0161o ies\u0101kto darbu, bet ar\u012b piel\u0101got to m\u016bsdienu sare\u017e\u0123\u012btajai pasaules situ\u0101cijai. Vi\u0146a viz\u012bte Turcij\u0101 un Lib\u0101n\u0101 ir pirmais un \u013coti svar\u012bgais solis \u0161aj\u0101 ce\u013c\u0101. Cerams, ka \u0161\u012b viz\u012bte ne tikai stiprin\u0101s tic\u012bgo kopienas, bet ar\u012b sniegs jaunu cer\u012bbu visiem, kas ilgojas p\u0113c miera un sapratnes \u0161aj\u0101 senaj\u0101 zem\u0113. Ce\u013c\u0161 uz vienot\u012bbu un mieru ir gar\u0161 un sare\u017e\u0123\u012bts, ta\u010du ar pareizu vad\u012bbu un v\u0113lmi sadarboties ir iesp\u0113jams sasniegt iev\u0113rojamus rezult\u0101tus.<\/p>\n","protected":false},"excerpt":{"rendered":"Jaunais p\u0101vests Leons XIV uzs\u0101k savu pirmo \u0101rvalstu viz\u012bti Turcij\u0101 un Lib\u0101n\u0101 Jauniev\u0113l\u0113tais p\u0101vests Leons XIV \u0161oned\u0113\u013c uzs\u0101cis&hellip;\n","protected":false},"author":2,"featured_media":61971,"comment_status":"","ping_status":"","sticky":false,"template":"","format":"standard","meta":{"footnotes":""},"categories":[5],"tags":[23,16333,28,29,32,33,22,16324,30,31,35,39,38,36,37,34,12804,40,16334,20,14322,26,27,24,25,2380,21],"class_list":{"0":"post-61970","1":"post","2":"type-post","3":"status-publish","4":"format-standard","5":"has-post-thumbnail","7":"category-aktualitates","8":"tag-aktualitates","9":"tag-arvalstu-vizite","10":"tag-breaking-news","11":"tag-breakingnews","12":"tag-featured-news","13":"tag-featurednews","14":"tag-headlines","15":"tag-kristiesu-vienotiba","16":"tag-latest-news","17":"tag-latestnews","18":"tag-latvia","19":"tag-latvian","20":"tag-latviesu","21":"tag-latviesu-valoda","22":"tag-latviesuvaloda","23":"tag-latvija","24":"tag-libana","25":"tag-lv","26":"tag-miera-aicinajums","27":"tag-news","28":"tag-pavests-leons-xiv","29":"tag-popularakas-zinas","30":"tag-popularakaszinas","31":"tag-top-stories","32":"tag-topstories","33":"tag-turcija","34":"tag-zinas"},"share_on_mastodon":{"url":"https:\/\/pubeurope.com\/@lv\/115638876449320295","error":""},"_links":{"self":[{"href":"https:\/\/www.europesays.com\/lv\/wp-json\/wp\/v2\/posts\/61970","targetHints":{"allow":["GET"]}}],"collection":[{"href":"https:\/\/www.europesays.com\/lv\/wp-json\/wp\/v2\/posts"}],"about":[{"href":"https:\/\/www.europesays.com\/lv\/wp-json\/wp\/v2\/types\/post"}],"author":[{"embeddable":true,"href":"https:\/\/www.europesays.com\/lv\/wp-json\/wp\/v2\/users\/2"}],"replies":[{"embeddable":true,"href":"https:\/\/www.europesays.com\/lv\/wp-json\/wp\/v2\/comments?post=61970"}],"version-history":[{"count":0,"href":"https:\/\/www.europesays.com\/lv\/wp-json\/wp\/v2\/posts\/61970\/revisions"}],"wp:featuredmedia":[{"embeddable":true,"href":"https:\/\/www.europesays.com\/lv\/wp-json\/wp\/v2\/media\/61971"}],"wp:attachment":[{"href":"https:\/\/www.europesays.com\/lv\/wp-json\/wp\/v2\/media?parent=61970"}],"wp:term":[{"taxonomy":"category","embeddable":true,"href":"https:\/\/www.europesays.com\/lv\/wp-json\/wp\/v2\/categories?post=61970"},{"taxonomy":"post_tag","embeddable":true,"href":"https:\/\/www.europesays.com\/lv\/wp-json\/wp\/v2\/tags?post=61970"}],"curies":[{"name":"wp","href":"https:\/\/api.w.org\/{rel}","templated":true}]}}