{"id":61994,"date":"2025-11-30T13:53:05","date_gmt":"2025-11-30T13:53:05","guid":{"rendered":"https:\/\/www.europesays.com\/lv\/61994\/"},"modified":"2025-11-30T13:53:05","modified_gmt":"2025-11-30T13:53:05","slug":"pavests-atvadas-no-turcijas-un-lido-uz-libanu","status":"publish","type":"post","link":"https:\/\/www.europesays.com\/lv\/61994\/","title":{"rendered":"P\u0101vests atvad\u0101s no Turcijas un lido uz Lib\u0101nu"},"content":{"rendered":"<p>Sv\u0113tdienas, 30. novembra agr\u0101 p\u0113cpusdien\u0101 Stambulas lidost\u0101 notika atvadu ceremonija. P\u0113c \u010detru dienu ilg\u0101s viz\u012btes Turcij\u0101 Sv\u0113tais t\u0113vs dodas uz Lib\u0101nu. \u0160odien vi\u0146am paredz\u0113ta tik\u0161an\u0101s ar vald\u012bbas, diplom\u0101tisk\u0101 korpusa un sabiedr\u012bbas p\u0101rst\u0101vjiem. P\u0101vests Ciedru zem\u0113 paliks l\u012bdz otrdienai, 2. decembrim.<\/p>\n<p style=\"text-align: justify;\">Silvija Krivte\u017ea &#8211; Vatik\u0101ns<\/p>\n<p style=\"text-align: justify;\">Sv\u0113tdien, plkst. 15:01 p\u0113c viet\u0113j\u0101 laika It\u0101lijas aviokomp\u0101nijas ITA Airways lidma\u0161\u012bna Airbus A320 ar p\u0101vestu pac\u0113l\u0101s no Stambulas starptautisk\u0101s lidostas, lai veiktu lidojumu uz Lib\u0101nas galvaspils\u0113tu Beir\u016btu.<\/p>\n<p style=\"text-align: justify;\">L\u012bdz ar to nosl\u0113dz\u0101s Sv\u0113t\u0101 t\u0113va \u010detru dienu viz\u012bte Turcij\u0101. Vi\u0146\u0161 apmekl\u0113ja Ankaru un Stambulu. Viz\u012btes ietvaros p\u0101vests Leons XIV kop\u0101 ar Ekumenisko patriarhu Bartolomeju un krist\u012bgo bazn\u012bcu vad\u012bt\u0101jiem piedal\u012bj\u0101s N\u012bkajas ekumenisk\u0101 koncila 1700. gadadienas svin\u012bb\u0101s. Izteiksm\u012bga bija svin\u012bbu norises vieta. Raugoties uz Sv\u0113t\u0101 Neof\u012bta bazilikas drup\u0101m, Leons XIV mudin\u0101ja p\u0101rvar\u0113t &#8220;\u0161\u0137el\u0161an\u0101s skand\u0101lu&#8221; un veicin\u0101t vienot\u012bbu.<\/p>\n<p style=\"text-align: justify;\">Beir\u016btas lidost\u0101, kas nosaukta biju\u0161\u0101 premjerministra Rafika Hariri v\u0101rd\u0101, kur\u0161 kop\u0101 ar savu eskortu g\u0101ja boj\u0101 uzbrukum\u0101 2005. gada 14. febru\u0101r\u012b, p\u0101vestu Leonu XIV sagaid\u012bja apustuliskais nuncijs Lib\u0101n\u0101 arhib\u012bskaps Bord\u017ea Paolo un Valsts protokola vad\u012bt\u0101js.<\/p>\n<p style=\"text-align: justify;\">Divi b\u0113rni pasniedza Vatik\u0101na viesim ziedus, \u016bdeni un maizi. P\u0113c godasardzes un deleg\u0101ciju iepaz\u012bstin\u0101\u0161anas, p\u0101vests ar automa\u0161\u012bnu dev\u0101s uz Prezidenta pili, kas 1956. gad\u0101 uzcelta uz kalna, no kura paveras br\u012bni\u0161\u0137\u012bgs skats uz pils\u0113tu. \u0112kas arhitekt\u016bra apvieno moderno stilu ar tradicion\u0101liem Lib\u0101nas elementiem. Plkst. 15.45 p\u0113c viet\u0113j\u0101 laika Leons XIV ierad\u0101s piekl\u0101j\u012bbas viz\u012bt\u0113 pie Republikas prezidenta D\u017eozefa Auna. Vi\u0146am paredz\u0113ta tik\u0161an\u0101s ar Ministru prezidentu Navafu Salamu. Sv\u0113tdienas p\u0113cpusdien\u0101 Sv\u0113tais t\u0113vs tiksies ar\u012b ar vald\u012bbas, diplom\u0101tisko korpusa un sabiedr\u012bbas p\u0101rst\u0101vjiem.<\/p>\n<p>\n   Atvadu ceremonija Stambulas lidost\u0101\n  <\/p>\n","protected":false},"excerpt":{"rendered":"Sv\u0113tdienas, 30. novembra agr\u0101 p\u0113cpusdien\u0101 Stambulas lidost\u0101 notika atvadu ceremonija. P\u0113c \u010detru dienu ilg\u0101s viz\u012btes Turcij\u0101 Sv\u0113tais t\u0113vs&hellip;\n","protected":false},"author":2,"featured_media":61995,"comment_status":"","ping_status":"","sticky":false,"template":"","format":"standard","meta":{"footnotes":""},"categories":[14],"tags":[23,57,28,29,32,33,22,30,31,35,39,38,36,37,34,40,20,26,27,24,25,54,55,56,21,58],"class_list":{"0":"post-61994","1":"post","2":"type-post","3":"status-publish","4":"format-standard","5":"has-post-thumbnail","7":"category-zinas-no-arvalstim","8":"tag-aktualitates","9":"tag-arvalstim","10":"tag-breaking-news","11":"tag-breakingnews","12":"tag-featured-news","13":"tag-featurednews","14":"tag-headlines","15":"tag-latest-news","16":"tag-latestnews","17":"tag-latvia","18":"tag-latvian","19":"tag-latviesu","20":"tag-latviesu-valoda","21":"tag-latviesuvaloda","22":"tag-latvija","23":"tag-lv","24":"tag-news","25":"tag-popularakas-zinas","26":"tag-popularakaszinas","27":"tag-top-stories","28":"tag-topstories","29":"tag-world","30":"tag-world-news","31":"tag-worldnews","32":"tag-zinas","33":"tag-zinas-no-arvalstim"},"share_on_mastodon":{"url":"https:\/\/pubeurope.com\/@lv\/115638986541533167","error":""},"_links":{"self":[{"href":"https:\/\/www.europesays.com\/lv\/wp-json\/wp\/v2\/posts\/61994","targetHints":{"allow":["GET"]}}],"collection":[{"href":"https:\/\/www.europesays.com\/lv\/wp-json\/wp\/v2\/posts"}],"about":[{"href":"https:\/\/www.europesays.com\/lv\/wp-json\/wp\/v2\/types\/post"}],"author":[{"embeddable":true,"href":"https:\/\/www.europesays.com\/lv\/wp-json\/wp\/v2\/users\/2"}],"replies":[{"embeddable":true,"href":"https:\/\/www.europesays.com\/lv\/wp-json\/wp\/v2\/comments?post=61994"}],"version-history":[{"count":0,"href":"https:\/\/www.europesays.com\/lv\/wp-json\/wp\/v2\/posts\/61994\/revisions"}],"wp:featuredmedia":[{"embeddable":true,"href":"https:\/\/www.europesays.com\/lv\/wp-json\/wp\/v2\/media\/61995"}],"wp:attachment":[{"href":"https:\/\/www.europesays.com\/lv\/wp-json\/wp\/v2\/media?parent=61994"}],"wp:term":[{"taxonomy":"category","embeddable":true,"href":"https:\/\/www.europesays.com\/lv\/wp-json\/wp\/v2\/categories?post=61994"},{"taxonomy":"post_tag","embeddable":true,"href":"https:\/\/www.europesays.com\/lv\/wp-json\/wp\/v2\/tags?post=61994"}],"curies":[{"name":"wp","href":"https:\/\/api.w.org\/{rel}","templated":true}]}}