{"id":62111,"date":"2025-11-30T17:24:11","date_gmt":"2025-11-30T17:24:11","guid":{"rendered":"https:\/\/www.europesays.com\/lv\/62111\/"},"modified":"2025-11-30T17:24:11","modified_gmt":"2025-11-30T17:24:11","slug":"analitiki-bridina-par-maiami-miera-sarunu-nozimi-ukrainas-izvele-ir-dzivot-vai-mirt-ka-briviem-cilvekiem-vai-ka-krievijas-vergiem-jauns-lv-3","status":"publish","type":"post","link":"https:\/\/www.europesays.com\/lv\/62111\/","title":{"rendered":"Anal\u012bti\u0137i br\u012bdina par Maiami miera sarunu noz\u012bmi. &quot;Ukrainas izv\u0113le ir &#8211; dz\u012bvot vai mirt k\u0101 br\u012bviem cilv\u0113kiem vai k\u0101 Krievijas vergiem!&quot; &#8211; Jauns.lv"},"content":{"rendered":"<ol>\n<li><a href=\"https:\/\/news.google.com\/rss\/articles\/CBMi8ANBVV95cUxOLUlYUWd1dXVDVjZ3R0prMmYyX2paQ0s2T0FwWUl6dW1hYUNXd25kNFVsUjU1NENYZnlab0l1YTRPTlA4bEVRM0ppZ202NXpKWTJjQlZuOExFWWJPRTU1UVhCTlFhWFpGWF9vQVo4RzJNV2x1TWpHcnRsYl9McWozLU9yMUFicTFBZzlxWGRrT01fWGZvc3dEdzNlSmx3NEtuZlhWaUE1eUp6LUtiZ05fZDZoVGk3V2lMZkg2Ul90bm44NjR5bXZVNVdhcUFKUnhmTGlVLU5Ud3FSRVB6WjN2X3VWNGFpeGplUGxFVng3U1FFel9rRkl6RkE5bm1uX1djVnEwckNxMnZnQU5BTlIzWTZ3U0ZBX1VWWExmNEJGNDRQNDFVNkpXUmpkWThXcVlobnB3V2xiNEpoZnV3QWt5SXlZSE40Zmh6RjJCT2RNQ29DNmpKYW9mN1ktNTNORzJpSjBSZ0dkQjVtR0FScUR2RlhRZWRsa0k3SXBkWlF2RTJTSDVaNWgxNWhuTUF4SGY1aGstZER3NmlMQlAxc2VpeEZJZ0tqdTNuck1KS3phZXEyNXVSdldsOFBEYmd0V290dG94RmhzWGpCclAtOU5NV1dmS3ktbF9KVFUtcWpOUU1yVTV4U0lyZ20tR241YW5m?oc=5\" target=\"_blank\" rel=\"nofollow noopener\">Anal\u012bti\u0137i br\u012bdina par Maiami miera sarunu noz\u012bmi. &#8220;Ukrainas izv\u0113le ir &#8211; dz\u012bvot vai mirt k\u0101 br\u012bviem cilv\u0113kiem vai k\u0101 Krievijas vergiem!&#8221;<\/a>&nbsp;&nbsp;Jauns.lv<\/li>\n<li><a href=\"https:\/\/news.google.com\/rss\/articles\/CBMisAFBVV95cUxNNDN3RWFPekdRTWhRSGtMeHJiNTM3T3o3ZlhteURtdGE5Nm5VV1NqUVBUTXNPRUExd203T1E5RnNudmZSUl9ldGttV3EwZ0pGcmIzblFIdVZKZHhZUGE4MDdqUTNCMXFpeDNTcG1HdVkzTDJ4TlhXNVhRSjlocmtjLVc3Z1ZLZkxIMmJteUtiRzJRSWFGYWlUUU9nNHlZQnluUWd2UGswaXA1NUxjNXktYQ?oc=5\" target=\"_blank\" rel=\"nofollow noopener\">FT: ASV s\u016btnis Kijiv\u0101 izteica br\u012bdin\u0101jumu, \u0161ok\u0113jot Ukrainas un Eiropas amatpersonas<\/a>&nbsp;&nbsp;Apollo.lv<\/li>\n<li><a href=\"https:\/\/news.google.com\/rss\/articles\/CBMivAFBVV95cUxQTjl4UlR1S0E5cEpZSlVsQjlfMVNZaHBDUFlLLTl4RGNXalRsUW05aGpQX3Nmc3FzZ0I3U2JwaEFEOWd0WlJiYWVEaVZ3NlRFYnlpbm9EdzFiN3RvUUVVaWIycXpfTzZoc1ZLeHhzaldhZjlqZHVyZnFXYkdhRzQtWjgzdzdSRmxRT0k3d1Q5VmNERUdscFpOMWxDSm1yRXc4Z1B2X2dMajVVbHE5bU0xd09uSnNZWFVLUi1Gbg?oc=5\" target=\"_blank\" rel=\"nofollow noopener\">Va\u0161ingtona un Maskava tuvojas dar\u012bjumam? Tramps gatavs izpild\u012bt Putina nosac\u012bjumus<\/a>&nbsp;&nbsp;Jauns.lv<\/li>\n<li><a href=\"https:\/\/news.google.com\/rss\/articles\/CBMivgFBVV95cUxPV2xwVzZ5bndOY0VleXpaMFJrdjYxWXpsaDdRajZTTk15QUpMajFETWlwV2hteGY3NkZMTURYZ3htRTdUajJDS2hPMVBvbWpaZk9zTW1NOUptZU1NR05hcW55aWxub3A2aVpBaWdlX0pLUXBFQTZJaTNmdjlNSkQwempCcXFWQU5ZVk5OM1VwZnlmVHozZnNNUmFucW1KWk4xdGFBamZMbDRPVXBZQk51aGtsVmFTeUVKTHhzeTFB?oc=5\" target=\"_blank\" rel=\"nofollow noopener\">ASV un Ukraina r\u012bkos jaunas sarunas, lai izbeigtu karu: Reuters atkl\u0101j datumu un norises vietu<\/a>&nbsp;&nbsp;TVNET<\/li>\n<li><a href=\"https:\/\/news.google.com\/rss\/articles\/CBMiswFBVV95cUxNTjJxLWFYUm1Ud24weVgyaGhlMGM1UU1OaUtJQ1hLVXRMcWZ4V0R6LUxWdFItb09NWFhRM1d4eUFjOTl0VkpENVdZUzUyM1hGYk10Yk1kWmZxUEZ3SjhDcmt2dTJiRnI5RkxVeTRzOEt2NXlyemRMQWpBaDVtcE1vWS00dlBNVWFvSW9uOXgtbTE1bWx6N2gtZng1UDJ4WHl0TjA2Y3FwR1AyeWlEc2tpUkUyVQ?oc=5\" target=\"_blank\" rel=\"nofollow noopener\">Vien\u012bg\u0101 alternat\u012bva v\u0113l posto\u0161\u0101kam karam \u2013 ASV pied\u0101v\u0101 Ukrainai \u201cnet\u012bru\u201d miera dar\u012bjumu ar Krieviju<\/a>&nbsp;&nbsp;LA.LV<\/li>\n<\/ol>\n","protected":false},"excerpt":{"rendered":"Anal\u012bti\u0137i br\u012bdina par Maiami miera sarunu noz\u012bmi. &#8220;Ukrainas izv\u0113le ir &#8211; dz\u012bvot vai mirt k\u0101 br\u012bviem cilv\u0113kiem vai&hellip;\n","protected":false},"author":2,"featured_media":62057,"comment_status":"","ping_status":"","sticky":false,"template":"","format":"standard","meta":{"footnotes":""},"categories":[14],"tags":[23,57,28,29,32,33,22,30,31,35,39,38,36,37,34,40,20,26,27,24,25,54,55,56,21,58],"class_list":{"0":"post-62111","1":"post","2":"type-post","3":"status-publish","4":"format-standard","5":"has-post-thumbnail","7":"category-zinas-no-arvalstim","8":"tag-aktualitates","9":"tag-arvalstim","10":"tag-breaking-news","11":"tag-breakingnews","12":"tag-featured-news","13":"tag-featurednews","14":"tag-headlines","15":"tag-latest-news","16":"tag-latestnews","17":"tag-latvia","18":"tag-latvian","19":"tag-latviesu","20":"tag-latviesu-valoda","21":"tag-latviesuvaloda","22":"tag-latvija","23":"tag-lv","24":"tag-news","25":"tag-popularakas-zinas","26":"tag-popularakaszinas","27":"tag-top-stories","28":"tag-topstories","29":"tag-world","30":"tag-world-news","31":"tag-worldnews","32":"tag-zinas","33":"tag-zinas-no-arvalstim"},"share_on_mastodon":{"url":"https:\/\/pubeurope.com\/@lv\/115639816403408399","error":""},"_links":{"self":[{"href":"https:\/\/www.europesays.com\/lv\/wp-json\/wp\/v2\/posts\/62111","targetHints":{"allow":["GET"]}}],"collection":[{"href":"https:\/\/www.europesays.com\/lv\/wp-json\/wp\/v2\/posts"}],"about":[{"href":"https:\/\/www.europesays.com\/lv\/wp-json\/wp\/v2\/types\/post"}],"author":[{"embeddable":true,"href":"https:\/\/www.europesays.com\/lv\/wp-json\/wp\/v2\/users\/2"}],"replies":[{"embeddable":true,"href":"https:\/\/www.europesays.com\/lv\/wp-json\/wp\/v2\/comments?post=62111"}],"version-history":[{"count":0,"href":"https:\/\/www.europesays.com\/lv\/wp-json\/wp\/v2\/posts\/62111\/revisions"}],"wp:featuredmedia":[{"embeddable":true,"href":"https:\/\/www.europesays.com\/lv\/wp-json\/wp\/v2\/media\/62057"}],"wp:attachment":[{"href":"https:\/\/www.europesays.com\/lv\/wp-json\/wp\/v2\/media?parent=62111"}],"wp:term":[{"taxonomy":"category","embeddable":true,"href":"https:\/\/www.europesays.com\/lv\/wp-json\/wp\/v2\/categories?post=62111"},{"taxonomy":"post_tag","embeddable":true,"href":"https:\/\/www.europesays.com\/lv\/wp-json\/wp\/v2\/tags?post=62111"}],"curies":[{"name":"wp","href":"https:\/\/api.w.org\/{rel}","templated":true}]}}