{"id":62128,"date":"2025-11-30T17:44:20","date_gmt":"2025-11-30T17:44:20","guid":{"rendered":"https:\/\/www.europesays.com\/lv\/62128\/"},"modified":"2025-11-30T17:44:20","modified_gmt":"2025-11-30T17:44:20","slug":"leimanis-treneris-megina-mus-iepazit","status":"publish","type":"post","link":"https:\/\/www.europesays.com\/lv\/62128\/","title":{"rendered":"Leimanis: Treneris m\u0113\u0123ina m\u016bs iepaz\u012bt"},"content":{"rendered":"<p>Jau zi\u0146ots, ka Latvijas izlase piektdien R\u012bg\u0101 2027. gada Pasaules kausa kvalifik\u0101cijas pirmaj\u0101 sp\u0113l\u0113 ar 78:86 zaud\u0113ja N\u012bderlandei.<\/p>\n<p>&#8220;Slikti ies\u0101k\u0101m, s\u0101kums nebija t\u0101ds, k\u0101 m\u0113s v\u0113l\u0113j\u0101mies, bet pati sp\u0113les kvalit\u0101te nebija tik slikta. M\u0113s dab\u016bj\u0101m daudz br\u012bvus metienus, bet neiemet\u0101m, pazuda varb\u016bt p\u0101rliec\u012bba. Otrais puslaiks par\u0101d\u012bja to, k\u0101 varam sp\u0113l\u0113t, un no t\u0101 ar\u012b j\u0101iet uz priek\u0161u,&#8221; teica Leimanis.<\/p>\n<p>&#8220;P\u0113c pirm\u0101s sp\u0113les nevajadz\u0113tu izdar\u012bt secin\u0101jumus par to, k\u0101 m\u0113s sp\u0113l\u0113jam un k\u0101 b\u016bs t\u0101l\u0101k. M\u0113s m\u0101c\u0101mies, ar\u012b treneris m\u0101c\u0101s un m\u0113\u0123ina m\u016bs iepaz\u012bt. T\u0101l\u0101k ejot uz priek\u0161u, viss b\u016bs k\u0101rt\u012bb\u0101, j\u0101m\u0113\u0123ina uztic\u0113ties vienam otram,&#8221; vi\u0146\u0161 piebilda.<\/p>\n<p>Pret N\u012bderlandi Latvijas valstsvien\u012bbas rind\u0101s savu p\u0113d\u0113jo ma\u010du aizvad\u012bja kapteinis Dairis Bert\u0101ns, ta\u010du Leimanis nor\u0101d\u012bja, ka tas komandai netrauc\u0113ja sagatavoties sp\u0113lei.<\/p>\n<p>\u0160\u012b ar\u012b bija pirm\u0101 sp\u0113le Latvijas izlases galven\u0101 trenera amat\u0101 Sito Alonso. Leimanis izc\u0113la, ka pagaid\u0101m sp\u0101\u0146u speci\u0101lists nav veicis lielas izmai\u0146as Latvijas izlases taktiskaj\u0101 z\u012bm\u0113jum\u0101, jo tas tiks dar\u012bts pak\u0101peniski.<\/p>\n<p>&#8220;Pirmaj\u0101 sabraukum\u0101 un sp\u0113l\u0113 jaunais treneris nem\u0113\u0123ina visu uzreiz main\u012bt. Tas notiks pak\u0101peniski. Ir lietas, kas ir cit\u0101d\u0101kas, aizsardz\u012bb\u0101 ir citas deta\u013cas, bet uzbrukum\u0101 m\u0113\u0123in\u0101m izmantot lab\u0101k\u0101s opcijas, kas mums ir. Ar laiku main\u012bsies iestr\u0101des un p\u0101r\u0113j\u0101s sist\u0113mas,&#8221; vi\u0146\u0161 skaidroja.<\/p>\n<p>Pirmdien \u0161aj\u0101 izla\u0161u log\u0101 Latvijas basketbolisti v\u0113l pirmdien izbraukum\u0101 sp\u0113kosies ar Austriju.<\/p>\n<p>F grupas tr\u012bs lab\u0101k\u0101s komandas, \u0146emot l\u012bdzi visu sp\u0113\u013cu rezult\u0101tus, otraj\u0101 posm\u0101 apvienosies ar E grupas (V\u0101cija, Horv\u0101tija, Izra\u0113la, Kipra) lab\u0101ko vien\u012bbu trijnieku. Tr\u012bs lab\u0101k\u0101s komandas ieg\u016bs ties\u012bbas sp\u0113l\u0113t Pasaules kausa fin\u0101lturn\u012br\u0101.<\/p>\n","protected":false},"excerpt":{"rendered":"Jau zi\u0146ots, ka Latvijas izlase piektdien R\u012bg\u0101 2027. gada Pasaules kausa kvalifik\u0101cijas pirmaj\u0101 sp\u0113l\u0113 ar 78:86 zaud\u0113ja N\u012bderlandei.&hellip;\n","protected":false},"author":2,"featured_media":62129,"comment_status":"","ping_status":"","sticky":false,"template":"","format":"standard","meta":{"footnotes":""},"categories":[5],"tags":[23,145,144,1098,28,29,32,33,22,30,31,35,39,38,36,37,34,225,40,20,11729,26,27,4952,24,25,21],"class_list":{"0":"post-62128","1":"post","2":"type-post","3":"status-publish","4":"format-standard","5":"has-post-thumbnail","7":"category-aktualitates","8":"tag-aktualitates","9":"tag-basketbols","10":"tag-basketbols-latvija","11":"tag-basketbols-pasaule","12":"tag-breaking-news","13":"tag-breakingnews","14":"tag-featured-news","15":"tag-featurednews","16":"tag-headlines","17":"tag-latest-news","18":"tag-latestnews","19":"tag-latvia","20":"tag-latvian","21":"tag-latviesu","22":"tag-latviesu-valoda","23":"tag-latviesuvaloda","24":"tag-latvija","25":"tag-latvijas-basketbola-izlase","26":"tag-lv","27":"tag-news","28":"tag-pasaules-kauss-basketbola","29":"tag-popularakas-zinas","30":"tag-popularakaszinas","31":"tag-toms-leimanis","32":"tag-top-stories","33":"tag-topstories","34":"tag-zinas"},"share_on_mastodon":{"url":"https:\/\/pubeurope.com\/@lv\/115639894860217284","error":""},"_links":{"self":[{"href":"https:\/\/www.europesays.com\/lv\/wp-json\/wp\/v2\/posts\/62128","targetHints":{"allow":["GET"]}}],"collection":[{"href":"https:\/\/www.europesays.com\/lv\/wp-json\/wp\/v2\/posts"}],"about":[{"href":"https:\/\/www.europesays.com\/lv\/wp-json\/wp\/v2\/types\/post"}],"author":[{"embeddable":true,"href":"https:\/\/www.europesays.com\/lv\/wp-json\/wp\/v2\/users\/2"}],"replies":[{"embeddable":true,"href":"https:\/\/www.europesays.com\/lv\/wp-json\/wp\/v2\/comments?post=62128"}],"version-history":[{"count":0,"href":"https:\/\/www.europesays.com\/lv\/wp-json\/wp\/v2\/posts\/62128\/revisions"}],"wp:featuredmedia":[{"embeddable":true,"href":"https:\/\/www.europesays.com\/lv\/wp-json\/wp\/v2\/media\/62129"}],"wp:attachment":[{"href":"https:\/\/www.europesays.com\/lv\/wp-json\/wp\/v2\/media?parent=62128"}],"wp:term":[{"taxonomy":"category","embeddable":true,"href":"https:\/\/www.europesays.com\/lv\/wp-json\/wp\/v2\/categories?post=62128"},{"taxonomy":"post_tag","embeddable":true,"href":"https:\/\/www.europesays.com\/lv\/wp-json\/wp\/v2\/tags?post=62128"}],"curies":[{"name":"wp","href":"https:\/\/api.w.org\/{rel}","templated":true}]}}