{"id":62141,"date":"2025-11-30T18:02:08","date_gmt":"2025-11-30T18:02:08","guid":{"rendered":"https:\/\/www.europesays.com\/lv\/62141\/"},"modified":"2025-11-30T18:02:08","modified_gmt":"2025-11-30T18:02:08","slug":"latvija-varetu-but-iesaistita-ukrainas-korupcijas-skandala","status":"publish","type":"post","link":"https:\/\/www.europesays.com\/lv\/62141\/","title":{"rendered":"Latvija var\u0113tu b\u016bt iesaist\u012bta Ukrainas korupcijas skand\u0101l\u0101"},"content":{"rendered":"<p>Nekas jauns nav noticis un j\u0101turpina k\u0101 l\u012bdz \u0161im. T\u0101 saka Latvijas \u0101rlietu ministrija. Joproj\u0101m atkl\u0101ti kritiz\u0113t Trampa neizskaidrojamo taktiku diplom\u0101ti un politi\u0137i izvair\u0101s. Atva\u013cin\u0101tais diplom\u0101ts J\u0113germanis gan saka &#8211; jo \u0101tr\u0101k Eirop\u0101 saprat\u012bsim un pie\u0146emsim faktu, ka politika &#8220;k\u0101 l\u012bdz \u0161im&#8221; nestr\u0101d\u0101 un Eiropai ir j\u0101izstr\u0101d\u0101 pl\u0101ns B, lai esam gatavi gl\u0101bt Ukrainu bez ASV, jo liel\u0101ka iesp\u0113ja, ka k\u013c\u016bsim patst\u0101v\u012bg\u0101ki un maz\u0101k atkar\u012bgi no amerik\u0101\u0146u pal\u012bdz\u012bbas.<\/p>\n<p>Ukrainas un Zelenska poz\u012bcijas \u0161obr\u012bd smagi iedrag\u0101tas ar korupcijas skand\u0101lu, kur\u0101 iesaist\u012bti daudzi vi\u0146a tuv\u0101kie sabiedrotie. Milit\u0101rie un politiskie anal\u012bti\u0137i pie\u013cauj, ka Tramps to cen\u0161as izmantot, lai piespiestu Kijivu pie\u0146emt jebk\u0101du mieru pl\u0101nu.<\/p>\n<p>Neofici\u0101li ir zin\u0101ms, ka Kijiv\u0101 pirms ned\u0113\u013cas k\u0101d\u0101 san\u0101ksm\u0113 Eiropas valstu diplom\u0101tiem viet\u0113jie korupcijas apkarot\u0101ji atkl\u0101ju\u0161i deta\u013cas par t\u0101 saukto ENERGO ATOM lietu. Taj\u0101 pavedienu esot \u013coti daudz un dar\u012bjumos tiku\u0161as iesaist\u012btas 12 vai pat vair\u0101k valstis. Un starp t\u0101m ir ar\u012b <a href=\"https:\/\/www.apollo.lv\/term\/555432\/latvija\" class=\"topicLink\" target=\"_blank\" rel=\"nofollow noopener\">Latvija<\/a>. Lietas materi\u0101li gan esot par laika periodu pirms pilna apm\u0113ra kara s\u0101kuma Ukrain\u0101. Nek\u0101 person\u012bga neofici\u0101li izdevies ieg\u016bt apstiprin\u0101jumu, ka \u0161\u0101da Latvijas iesaiste ir iesp\u0113jama un m\u016bsu iest\u0101d\u0113m var n\u0101kties sniegt atbildes uz tiesisk\u0101s pal\u012bdz\u012bbas l\u016bgumiem no Ukrainas ofici\u0101laj\u0101m iest\u0101d\u0113m. Finan\u0161u izmekl\u0113\u0161anas dienests, \u0100rlietu ministrija un \u0122ener\u0101lprokurors \u0161oned\u0113\u013c gan pla\u0161\u0101k \u0161o koment\u0113t nevar\u0113ja.<\/p>\n<p>K\u0101 mums piektdien nor\u0101d\u012bja \u0122ener\u0101lprokurat\u016bras Starptautisk\u0101s sadarb\u012bbas noda\u013c\u0101, pa\u0161reiz\u0113j\u0101 br\u012bd\u012b diem\u017e\u0113l nav iesp\u0113jams sniegt jebk\u0101dus koment\u0101rus vai inform\u0101ciju. Tikl\u012bdz tas b\u016bs iesp\u0113jams, sabiedr\u012bba tik\u0161ot inform\u0113ta.<\/p>\n","protected":false},"excerpt":{"rendered":"Nekas jauns nav noticis un j\u0101turpina k\u0101 l\u012bdz \u0161im. T\u0101 saka Latvijas \u0101rlietu ministrija. Joproj\u0101m atkl\u0101ti kritiz\u0113t Trampa&hellip;\n","protected":false},"author":2,"featured_media":62142,"comment_status":"","ping_status":"","sticky":false,"template":"","format":"standard","meta":{"footnotes":""},"categories":[5],"tags":[23,292,28,29,32,33,22,74,30,31,35,39,38,36,37,34,40,20,26,27,24,25,276,21],"class_list":{"0":"post-62141","1":"post","2":"type-post","3":"status-publish","4":"format-standard","5":"has-post-thumbnail","7":"category-aktualitates","8":"tag-aktualitates","9":"tag-asv","10":"tag-breaking-news","11":"tag-breakingnews","12":"tag-featured-news","13":"tag-featurednews","14":"tag-headlines","15":"tag-krievijas-iebrukums-ukraina","16":"tag-latest-news","17":"tag-latestnews","18":"tag-latvia","19":"tag-latvian","20":"tag-latviesu","21":"tag-latviesu-valoda","22":"tag-latviesuvaloda","23":"tag-latvija","24":"tag-lv","25":"tag-news","26":"tag-popularakas-zinas","27":"tag-popularakaszinas","28":"tag-top-stories","29":"tag-topstories","30":"tag-ukraina","31":"tag-zinas"},"share_on_mastodon":{"url":"https:\/\/pubeurope.com\/@lv\/115639965675472033","error":""},"_links":{"self":[{"href":"https:\/\/www.europesays.com\/lv\/wp-json\/wp\/v2\/posts\/62141","targetHints":{"allow":["GET"]}}],"collection":[{"href":"https:\/\/www.europesays.com\/lv\/wp-json\/wp\/v2\/posts"}],"about":[{"href":"https:\/\/www.europesays.com\/lv\/wp-json\/wp\/v2\/types\/post"}],"author":[{"embeddable":true,"href":"https:\/\/www.europesays.com\/lv\/wp-json\/wp\/v2\/users\/2"}],"replies":[{"embeddable":true,"href":"https:\/\/www.europesays.com\/lv\/wp-json\/wp\/v2\/comments?post=62141"}],"version-history":[{"count":0,"href":"https:\/\/www.europesays.com\/lv\/wp-json\/wp\/v2\/posts\/62141\/revisions"}],"wp:featuredmedia":[{"embeddable":true,"href":"https:\/\/www.europesays.com\/lv\/wp-json\/wp\/v2\/media\/62142"}],"wp:attachment":[{"href":"https:\/\/www.europesays.com\/lv\/wp-json\/wp\/v2\/media?parent=62141"}],"wp:term":[{"taxonomy":"category","embeddable":true,"href":"https:\/\/www.europesays.com\/lv\/wp-json\/wp\/v2\/categories?post=62141"},{"taxonomy":"post_tag","embeddable":true,"href":"https:\/\/www.europesays.com\/lv\/wp-json\/wp\/v2\/tags?post=62141"}],"curies":[{"name":"wp","href":"https:\/\/api.w.org\/{rel}","templated":true}]}}