{"id":62156,"date":"2025-11-30T18:27:08","date_gmt":"2025-11-30T18:27:08","guid":{"rendered":"https:\/\/www.europesays.com\/lv\/62156\/"},"modified":"2025-11-30T18:27:08","modified_gmt":"2025-11-30T18:27:08","slug":"latviesu-rokgrupa-r-a-p-izzino-novembra-turi-ar-koncertsinglu-un-legendara-igo-lidzdalibu-lente-lv","status":"publish","type":"post","link":"https:\/\/www.europesays.com\/lv\/62156\/","title":{"rendered":"Latvie\u0161u rokgrupa \u00abR.A.P.\u00bb izzi\u0146o \u00abNovembra t\u016bri\u00bb ar koncertsinglu un le\u0123end\u0101r\u0101 Igo l\u012bdzdal\u012bbu\u00a0\u2014\u00a0Lente.lv"},"content":{"rendered":"<p>Kuld\u012bgas le\u0123endas, alternat\u012bv\u0101 roka grupa \u00abR.A.P.\u00bb, kas p\u0113c 17 gadu p\u0101rtraukuma atjaunoja savu darb\u012bbu, ir gatava iepriecin\u0101t fanus ar v\u0113rien\u012bgu \u00abNovembra t\u016bri\u00bb vis\u0101 Latvij\u0101. Grupas atgrie\u0161anos iez\u012bm\u0113 ener\u0123isks koncertsingls un videoklips dziesmai \u00abDz\u012bve bez apst\u0101jas\u00bb, kur\u0101 piedal\u0101s ar\u012b le\u0123end\u0101rais dzied\u0101t\u0101js Igo.<\/p>\n<p>Atgrie\u0161an\u0101s ar sparu un \u00abDz\u012bve bez apst\u0101jas\u00bb<\/p>\n<p>\u00abR.A.P.\u00bb, kas no Kuld\u012bgas n\u0101kus\u012b alternat\u012bv\u0101 roka apvien\u012bba, atjaunoja savu darb\u012bbu pag\u0101ju\u0161aj\u0101 gad\u0101, un \u0161opavasar sniedza spilgtu atgrie\u0161an\u0101s koncertu R\u012bgas koncertz\u0101l\u0113 \u00abPalladium\u00bb. \u0160is notikums iedvesmoja grupu izdot jaunu koncertsinglu un videoklipu vienam no saviem liel\u0101kajiem hitiem \u00abDz\u012bve bez apst\u0101jas\u00bb. \u0160aj\u0101 dziesm\u0101 dzirdams ar\u012b grupas ilggad\u0113jais kol\u0113\u0123is un l\u012bdzautors, le\u0123end\u0101rais dzied\u0101t\u0101js Igo. Dziesmas ori\u0123in\u0101l\u0101 studijas versija tapa jau 2007. gad\u0101 un k\u013cuva par vienu no popul\u0101r\u0101kajiem poproka ska\u0146darbiem desmitgad\u0113, par ko \u00abR.A.P.\u00bb un Igo 2008. gad\u0101 sa\u0146\u0113ma \u00abAutorties\u012bbu bezgal\u012bbas balvu\u00bb. Jaunais koncertsingls un t\u0101 videoklips iem\u016b\u017ein\u0101ts grupas atgrie\u0161an\u0101s koncert\u0101 \u00abPalladium\u00bb, apliecinot grupas nemain\u012bgi kv\u0113lojo\u0161o rokenrola garu un ener\u0123iju.<\/p>\n<p>\u00abNovembra t\u016bre\u00bb \u2013 pla\u0161s muzik\u0101ls ce\u013cojums pa Latviju<\/p>\n<p>\u00abNovembra t\u016bre\u00bb ir \u00abR.A.P.\u00bb ofici\u0101lais pazi\u0146ojums par grupas akt\u012bvo darb\u012bbu un gatav\u012bbu sniegt klaus\u012bt\u0101jiem neaizmirstamus muzik\u0101lus vakarus. T\u016bre iek\u013cauj \u010detrus noz\u012bm\u012bgus koncertus da\u017e\u0101d\u0101s Latvijas pils\u0113t\u0101s:<\/p>\n<ul>\n<li>8. novembr\u012b \u2013 Jelgav\u0101, \u00abMelno cepur\u012b\u0161u balerij\u0101\u00bb.<\/li>\n<li>14. novembr\u012b \u2013 C\u0113s\u012bs, \u00abFonoklub\u0101\u00bb.<\/li>\n<li>15. novembr\u012b \u2013 Liep\u0101j\u0101, kult\u016bras nam\u0101 \u00abWiktorija\u00bb.<\/li>\n<li>22. novembr\u012b \u2013 R\u012bg\u0101, koncertz\u0101l\u0113 \u00abAng\u0101rs\u00bb.<\/li>\n<\/ul>\n<p>\u00ab\u0160ajos koncertos aptversim visu grupas dai\u013cradi,\u00bb sola \u00abR.A.P.\u00bb vok\u0101lists Artis Dvarionas. Klaus\u012bt\u0101ji var\u0113s baud\u012bt dziesmas no visiem trim grupas studijas albumiem, tostarp t\u0101dus pla\u0161i iem\u012b\u013cotus ska\u0146darbus k\u0101 \u00abNekas vairs nav t\u0101\u00bb, \u00abEsot vienatn\u0113\u00bb un \u00abViss jau sapl\u0101nots\u00bb, k\u0101 ar\u012b jaunrad\u012btas kompoz\u012bcijas, kas tapu\u0161as p\u0113c grupas atkalapvieno\u0161an\u0101s. T\u0101pat izskan\u0113s ar\u012b radiostacij\u0101s atzin\u012bgi nov\u0113rt\u0113tais singls \u00abMeln\u0101 (Ak n\u0113, n\u0113, n\u0113!)\u00bb.<\/p>\n<p>\u012apa\u0161ie viesi un grandiozs nosl\u0113gums<\/p>\n<p>\u00abNovembra t\u016bres\u00bb nosl\u0113guma koncert\u0101 R\u012bgas koncertz\u0101l\u0113 \u00abAng\u0101rs\u00bb uzst\u0101sies ar\u012b \u012bpa\u0161ie viesi \u2013 ilggad\u0113j\u0101 un cien\u012bjam\u0101 pa\u0161m\u0101ju alternat\u012bv\u0101 roka apvien\u012bba \u00abIndygo\u00bb. Grupa \u00abIndygo\u00bb, kas akt\u012bvi darbojas kop\u0161 2002. gada, ir paz\u012bstama ar saviem tr\u012bs studijas albumiem un progres\u012bvo, alternat\u012bvo skan\u0113jumu. \u0160\u012b sadarb\u012bba sola v\u0113l vienu neaizmirstamu vakaru Latvijas rokm\u016bzikas cien\u012bt\u0101jiem, apvienojot divas sp\u0113c\u012bgas grupas uz vienas skatuves.<\/p>\n<p>Grupa \u00abR.A.P.\u00bb, kas dibin\u0101ta 1999. gad\u0101 Kuld\u012bg\u0101, ir sa\u0146\u0113musi tr\u012bs Latvijas M\u016bzikas ierakstu gada balvas par sav\u0101m dziesm\u0101m un albumiem. P\u0113c darb\u012bbas p\u0101rtraukuma 2008. gad\u0101, grupa 2024. gad\u0101 pazi\u0146oja par atgrie\u0161anos un izdeva jaunu dziesmu \u00abM\u0113s esam atpaka\u013c!\u00bb. Grupa ir k\u013cuvusi par vienu no pa\u0161m\u0101ju alternat\u012bv\u0101 roka \u017eanra karognes\u0113jiem, un t\u0101s atgrie\u0161an\u0101s tiek sagaid\u012bta ar lielu saj\u016bsmu gan no m\u016bzi\u0137u puses, gan no klaus\u012bt\u0101ju.<\/p>\n","protected":false},"excerpt":{"rendered":"Kuld\u012bgas le\u0123endas, alternat\u012bv\u0101 roka grupa \u00abR.A.P.\u00bb, kas p\u0113c 17 gadu p\u0101rtraukuma atjaunoja savu darb\u012bbu, ir gatava iepriecin\u0101t fanus&hellip;\n","protected":false},"author":2,"featured_media":62157,"comment_status":"","ping_status":"","sticky":false,"template":"","format":"standard","meta":{"footnotes":""},"categories":[19],"tags":[89,4943,90,2017,35,39,38,303,36,37,34,40,2015,2014],"class_list":{"0":"post-62156","1":"post","2":"type-post","3":"status-publish","4":"format-standard","5":"has-post-thumbnail","7":"category-izklaide","8":"tag-entertainment","9":"tag-igo","10":"tag-izklaide","11":"tag-koncerti","12":"tag-latvia","13":"tag-latvian","14":"tag-latviesu","15":"tag-latviesu-roks","16":"tag-latviesu-valoda","17":"tag-latviesuvaloda","18":"tag-latvija","19":"tag-lv","20":"tag-novembra-ture","21":"tag-r-a-p"},"share_on_mastodon":{"url":"https:\/\/pubeurope.com\/@lv\/115640064060716265","error":""},"_links":{"self":[{"href":"https:\/\/www.europesays.com\/lv\/wp-json\/wp\/v2\/posts\/62156","targetHints":{"allow":["GET"]}}],"collection":[{"href":"https:\/\/www.europesays.com\/lv\/wp-json\/wp\/v2\/posts"}],"about":[{"href":"https:\/\/www.europesays.com\/lv\/wp-json\/wp\/v2\/types\/post"}],"author":[{"embeddable":true,"href":"https:\/\/www.europesays.com\/lv\/wp-json\/wp\/v2\/users\/2"}],"replies":[{"embeddable":true,"href":"https:\/\/www.europesays.com\/lv\/wp-json\/wp\/v2\/comments?post=62156"}],"version-history":[{"count":0,"href":"https:\/\/www.europesays.com\/lv\/wp-json\/wp\/v2\/posts\/62156\/revisions"}],"wp:featuredmedia":[{"embeddable":true,"href":"https:\/\/www.europesays.com\/lv\/wp-json\/wp\/v2\/media\/62157"}],"wp:attachment":[{"href":"https:\/\/www.europesays.com\/lv\/wp-json\/wp\/v2\/media?parent=62156"}],"wp:term":[{"taxonomy":"category","embeddable":true,"href":"https:\/\/www.europesays.com\/lv\/wp-json\/wp\/v2\/categories?post=62156"},{"taxonomy":"post_tag","embeddable":true,"href":"https:\/\/www.europesays.com\/lv\/wp-json\/wp\/v2\/tags?post=62156"}],"curies":[{"name":"wp","href":"https:\/\/api.w.org\/{rel}","templated":true}]}}