{"id":62176,"date":"2025-11-30T18:41:09","date_gmt":"2025-11-30T18:41:09","guid":{"rendered":"https:\/\/www.europesays.com\/lv\/62176\/"},"modified":"2025-11-30T18:41:09","modified_gmt":"2025-11-30T18:41:09","slug":"verstapens-uzvar-kataras-grand-prix","status":"publish","type":"post","link":"https:\/\/www.europesays.com\/lv\/62176\/","title":{"rendered":"Verstapens uzvar Kataras &#8220;Grand Prix&#8221;"},"content":{"rendered":"<p>Verstapens sac\u012bksti s\u0101ka no tre\u0161\u0101s poz\u012bcijas un izvirz\u012bj\u0101s vad\u012bb\u0101, kad otro reizi boksos dev\u0101s abi &#8220;McLaren&#8221; piloti Noriss un Oskars Piastri, un, tras\u0113 atgrie\u017eoties biju\u0161ajam sac\u012bkstes l\u012bderim Piastri, Verstapenam p\u0101r vi\u0146u bija jau aptuveni 12 sekun\u017eu p\u0101rsvars.<\/p>\n<p>Atliku\u0161ajos ap\u013cos &#8220;Red Bull&#8221; pilots nosarg\u0101ja vad\u012bbu un tika pie uzvaras, kas pasaules \u010dempion\u0101ta kopv\u0113rt\u0113jum\u0101 \u013c\u0101va pietuvoties Norisam.<\/p>\n<p>Otrais fini\u0161\u0113ja Piastri, bet tre\u0161o vietu nosarg\u0101ja &#8220;Williams&#8221; p\u0101rst\u0101vis Karloss Sainss. Ceturtaj\u0101 poz\u012bcij\u0101 ierindoj\u0101s Noriss, kur\u0161 tikai p\u0113d\u0113j\u0101 apl\u012b apsteidza Kimi Antonelli (&#8220;Mercedes&#8221;) un v\u0113l c\u012bn\u012bj\u0101s par tre\u0161o vietu, bet sesto poz\u012bciju ie\u0146\u0113ma otrs &#8220;Mercedes&#8221; pilots D\u017eord\u017es Rasels.<\/p>\n<p>Kopv\u0113rt\u0113jum\u0101 l\u012bderpoz\u012bciju ar 408 punktiem saglab\u0101ja Noriss, bet uz otro vietu pak\u0101p\u0101s Verstapens, kur\u0161 zaud\u0113 l\u012bderim tikai 12 punktus, bet Piastri atpaliek no komandas biedra par 16 punktiem un ir tre\u0161ais.<\/p>\n<p>Pasaules \u010dempiontitula ieguv\u0113js tiks noskaidrots p\u0113d\u0113j\u0101 posm\u0101, kas n\u0101kamned\u0113\u013c norisin\u0101sies Ab\u016b Dab\u012b.<\/p>\n<p>Uzvaru Konstruktoru kaus\u0101 jau ir nodro\u0161in\u0101jusi &#8220;McLaren&#8221; vien\u012bba.<\/p>\n<p>\u0160osezon F-1 \u010dempion\u0101t\u0101 tiek aizvad\u012bti 24 posmi.<\/p>\n<p>Pag\u0101ju\u0161aj\u0101 sezon\u0101 ceturto reizi p\u0113c k\u0101rtas par \u010dempionu k\u013cuva n\u012bderlandietis <a href=\"https:\/\/sports.tvnet.lv\/term\/556415\/makss-verstapens\" class=\"topicLink\" target=\"_blank\" rel=\"nofollow noopener\">Makss Verstapens<\/a>, bet Konstruktoru kaus\u0101 uzvaru svin\u0113ja &#8220;McLaren&#8221;.<\/p>\n","protected":false},"excerpt":{"rendered":"Verstapens sac\u012bksti s\u0101ka no tre\u0161\u0101s poz\u012bcijas un izvirz\u012bj\u0101s vad\u012bb\u0101, kad otro reizi boksos dev\u0101s abi &#8220;McLaren&#8221; piloti Noriss&hellip;\n","protected":false},"author":2,"featured_media":62177,"comment_status":"","ping_status":"","sticky":false,"template":"","format":"standard","meta":{"footnotes":""},"categories":[17],"tags":[2467,35,39,38,36,37,34,40,2358,67],"class_list":{"0":"post-62176","1":"post","2":"type-post","3":"status-publish","4":"format-standard","5":"has-post-thumbnail","7":"category-sports","8":"tag-formula-1","9":"tag-latvia","10":"tag-latvian","11":"tag-latviesu","12":"tag-latviesu-valoda","13":"tag-latviesuvaloda","14":"tag-latvija","15":"tag-lv","16":"tag-makss-verstapens","17":"tag-sports"},"share_on_mastodon":{"url":"https:\/\/pubeurope.com\/@lv\/115640118966597153","error":""},"_links":{"self":[{"href":"https:\/\/www.europesays.com\/lv\/wp-json\/wp\/v2\/posts\/62176","targetHints":{"allow":["GET"]}}],"collection":[{"href":"https:\/\/www.europesays.com\/lv\/wp-json\/wp\/v2\/posts"}],"about":[{"href":"https:\/\/www.europesays.com\/lv\/wp-json\/wp\/v2\/types\/post"}],"author":[{"embeddable":true,"href":"https:\/\/www.europesays.com\/lv\/wp-json\/wp\/v2\/users\/2"}],"replies":[{"embeddable":true,"href":"https:\/\/www.europesays.com\/lv\/wp-json\/wp\/v2\/comments?post=62176"}],"version-history":[{"count":0,"href":"https:\/\/www.europesays.com\/lv\/wp-json\/wp\/v2\/posts\/62176\/revisions"}],"wp:featuredmedia":[{"embeddable":true,"href":"https:\/\/www.europesays.com\/lv\/wp-json\/wp\/v2\/media\/62177"}],"wp:attachment":[{"href":"https:\/\/www.europesays.com\/lv\/wp-json\/wp\/v2\/media?parent=62176"}],"wp:term":[{"taxonomy":"category","embeddable":true,"href":"https:\/\/www.europesays.com\/lv\/wp-json\/wp\/v2\/categories?post=62176"},{"taxonomy":"post_tag","embeddable":true,"href":"https:\/\/www.europesays.com\/lv\/wp-json\/wp\/v2\/tags?post=62176"}],"curies":[{"name":"wp","href":"https:\/\/api.w.org\/{rel}","templated":true}]}}