{"id":62185,"date":"2025-11-30T18:47:09","date_gmt":"2025-11-30T18:47:09","guid":{"rendered":"https:\/\/www.europesays.com\/lv\/62185\/"},"modified":"2025-11-30T18:47:09","modified_gmt":"2025-11-30T18:47:09","slug":"eiduka-ieklust-top30-pasaules-kausa-sacensibas","status":"publish","type":"post","link":"https:\/\/www.europesays.com\/lv\/62185\/","title":{"rendered":"Eiduka iek\u013c\u016bst Top30 Pasaules kausa sacens\u012bb\u0101s"},"content":{"rendered":"<p>Latvijas sportiste Patr\u012bcija Eiduka sv\u0113tdien Somij\u0101 izc\u012bn\u012bja 25. vietu Pasaules kaus\u0101 distan\u010du sl\u0113po\u0161an\u0101 20 kilometru distanc\u0113 ar kop\u0113ju startu, bet Raimo V\u012bgants fini\u0161\u0113ja 72. poz\u012bcij\u0101.<\/p>\n<p class=\"m-0\">Seko &#8220;Delfi&#8221; ar\u012b  <a target=\"_blank\" href=\"https:\/\/www.instagram.com\/delfi.lv\/\" rel=\"nofollow noopener\">Instagram<\/a>  un <a target=\"_blank\" href=\"https:\/\/www.youtube.com\/channel\/UCw5foWtcJvAbUm64rv7jwUQ\" rel=\"nofollow noopener\">YouTube<\/a>  profil\u0101 \u2013 pievienojies, lai uzzin\u0101tu svar\u012bg\u0101ko un interesant\u0101ko pirmais!<\/p>\n<p>Publik\u0101cijas saturs vai t\u0101s jebk\u0101da apjoma da\u013ca ir aizsarg\u0101ts autorties\u012bbu objekts Autorties\u012bbu likuma izpratn\u0113, un t\u0101 izmanto\u0161ana bez izdev\u0113ja at\u013caujas ir aizliegta. Vair\u0101k lasi  <a target=\"_blank\" href=\"https:\/\/www.delfi.lv\/noteikumi#autortiesibas\" rel=\"nofollow noopener\">\u0161eit<\/a><script async src=\"\/\/www.instagram.com\/embed.js\"><\/script><\/p>\n","protected":false},"excerpt":{"rendered":"Latvijas sportiste Patr\u012bcija Eiduka sv\u0113tdien Somij\u0101 izc\u012bn\u012bja 25. vietu Pasaules kaus\u0101 distan\u010du sl\u0113po\u0161an\u0101 20 kilometru distanc\u0113 ar kop\u0113ju&hellip;\n","protected":false},"author":2,"featured_media":26268,"comment_status":"","ping_status":"","sticky":false,"template":"","format":"standard","meta":{"footnotes":""},"categories":[17],"tags":[8196,35,39,38,36,37,34,40,8094,8095,67],"class_list":{"0":"post-62185","1":"post","2":"type-post","3":"status-publish","4":"format-standard","5":"has-post-thumbnail","7":"category-sports","8":"tag-distancu-sleposana","9":"tag-latvia","10":"tag-latvian","11":"tag-latviesu","12":"tag-latviesu-valoda","13":"tag-latviesuvaloda","14":"tag-latvija","15":"tag-lv","16":"tag-patricija-eiduka","17":"tag-sleposana","18":"tag-sports"},"share_on_mastodon":{"url":"","error":""},"_links":{"self":[{"href":"https:\/\/www.europesays.com\/lv\/wp-json\/wp\/v2\/posts\/62185","targetHints":{"allow":["GET"]}}],"collection":[{"href":"https:\/\/www.europesays.com\/lv\/wp-json\/wp\/v2\/posts"}],"about":[{"href":"https:\/\/www.europesays.com\/lv\/wp-json\/wp\/v2\/types\/post"}],"author":[{"embeddable":true,"href":"https:\/\/www.europesays.com\/lv\/wp-json\/wp\/v2\/users\/2"}],"replies":[{"embeddable":true,"href":"https:\/\/www.europesays.com\/lv\/wp-json\/wp\/v2\/comments?post=62185"}],"version-history":[{"count":0,"href":"https:\/\/www.europesays.com\/lv\/wp-json\/wp\/v2\/posts\/62185\/revisions"}],"wp:featuredmedia":[{"embeddable":true,"href":"https:\/\/www.europesays.com\/lv\/wp-json\/wp\/v2\/media\/26268"}],"wp:attachment":[{"href":"https:\/\/www.europesays.com\/lv\/wp-json\/wp\/v2\/media?parent=62185"}],"wp:term":[{"taxonomy":"category","embeddable":true,"href":"https:\/\/www.europesays.com\/lv\/wp-json\/wp\/v2\/categories?post=62185"},{"taxonomy":"post_tag","embeddable":true,"href":"https:\/\/www.europesays.com\/lv\/wp-json\/wp\/v2\/tags?post=62185"}],"curies":[{"name":"wp","href":"https:\/\/api.w.org\/{rel}","templated":true}]}}