{"id":62206,"date":"2025-11-30T19:09:08","date_gmt":"2025-11-30T19:09:08","guid":{"rendered":"https:\/\/www.europesays.com\/lv\/62206\/"},"modified":"2025-11-30T19:09:08","modified_gmt":"2025-11-30T19:09:08","slug":"video-%e2%9f%a9-knab-un-providus-kritiski-par-as-rosinajumu-steiga-mazinat-sodus-par-partiju-finansu-parkapumiem","status":"publish","type":"post","link":"https:\/\/www.europesays.com\/lv\/62206\/","title":{"rendered":"VIDEO \u27e9 KNAB un &#8220;Providus&#8221; kritiski par AS rosin\u0101jumu steig\u0101 mazin\u0101t sodus par partiju finan\u0161u p\u0101rk\u0101pumiem"},"content":{"rendered":"<p>Tavars vair\u0101kk\u0101rt sarunas laik\u0101 uzsv\u0113ra, ka AS pied\u0101v\u0101 vair\u0101kas versijas, ko Saeimai dar\u012bt, un priek\u0161likumi j\u0101skata kompleksi. Ar NA vi\u0146\u0161 par priek\u0161likumiem neesot run\u0101jis, bet finans\u0113juma aptur\u0113\u0161ana tai, lai gan likum\u012bga, neesot taisn\u012bga.<\/p>\n<p>Balsojumi Saeimas s\u0113d\u0113 gan r\u0101da, ka &#8220;nacion\u0101\u013ci&#8221; atbalst\u012bja normas, kas atceltu limitus un sodus, bet Tavara idejas par liel\u0101ku atkl\u0101t\u012bbu komplekt\u0101 gan ne\u0146\u0113ma. NA valdes priek\u0161s\u0113d\u0113t\u0101ja, Saeimas deput\u0101te Ilze Indriksone to pamato \u0161\u0101di: &#8220;K\u0101 partijas vad\u012bt\u0101ju es uz to skat\u012btos un \u0161obr\u012bd skatos \u013coti piesardz\u012bgi, jo, \u0146emot v\u0113r\u0101, cik mums \u013coti popul\u0101ri p\u0113d\u0113j\u0101 laik\u0101 ir visp\u0101r ap\u0161aub\u012bt jebkuras politiskas darb\u012bbas j\u0113gu un noz\u012bmi&#8230; Ar\u012b mediji tai skait\u0101 \u013coti uzbr\u016bko\u0161i attiecas pret cilv\u0113kiem, kas sadarbojas ar k\u0101du no politiskaj\u0101m partij\u0101m. Tas, manupr\u0101t, rad\u012btu riskus, ka cilv\u0113ki, ar\u012b eksperta l\u012bme\u0146a speci\u0101listi, kurus partijas piesaista da\u017e\u0101du jaut\u0101jumu sagatavo\u0161an\u0101, izp\u0113tei, konsult\u0101cij\u0101m, nev\u0113l\u0113sies ar partij\u0101m sadarboties, jo tas graus vi\u0146u presti\u017eu. Faktiski tas ir \u013coti riskanti, kas ierobe\u017eos iesp\u0113jas partij\u0101m sa\u0146emt kvalitat\u012bvus pakalpojumus.&#8221;<\/p>\n","protected":false},"excerpt":{"rendered":"Tavars vair\u0101kk\u0101rt sarunas laik\u0101 uzsv\u0113ra, ka AS pied\u0101v\u0101 vair\u0101kas versijas, ko Saeimai dar\u012bt, un priek\u0161likumi j\u0101skata kompleksi. Ar&hellip;\n","protected":false},"author":2,"featured_media":62207,"comment_status":"","ping_status":"","sticky":false,"template":"","format":"standard","meta":{"footnotes":""},"categories":[5],"tags":[23,9194,28,29,32,33,22,4027,30,31,35,39,38,36,37,34,40,20,26,27,16372,24,25,21],"class_list":{"0":"post-62206","1":"post","2":"type-post","3":"status-publish","4":"format-standard","5":"has-post-thumbnail","7":"category-aktualitates","8":"tag-aktualitates","9":"tag-apvienotais-saraksts","10":"tag-breaking-news","11":"tag-breakingnews","12":"tag-featured-news","13":"tag-featurednews","14":"tag-headlines","15":"tag-knab","16":"tag-latest-news","17":"tag-latestnews","18":"tag-latvia","19":"tag-latvian","20":"tag-latviesu","21":"tag-latviesu-valoda","22":"tag-latviesuvaloda","23":"tag-latvija","24":"tag-lv","25":"tag-news","26":"tag-popularakas-zinas","27":"tag-popularakaszinas","28":"tag-providus","29":"tag-top-stories","30":"tag-topstories","31":"tag-zinas"},"share_on_mastodon":{"url":"https:\/\/pubeurope.com\/@lv\/115640229072872671","error":""},"_links":{"self":[{"href":"https:\/\/www.europesays.com\/lv\/wp-json\/wp\/v2\/posts\/62206","targetHints":{"allow":["GET"]}}],"collection":[{"href":"https:\/\/www.europesays.com\/lv\/wp-json\/wp\/v2\/posts"}],"about":[{"href":"https:\/\/www.europesays.com\/lv\/wp-json\/wp\/v2\/types\/post"}],"author":[{"embeddable":true,"href":"https:\/\/www.europesays.com\/lv\/wp-json\/wp\/v2\/users\/2"}],"replies":[{"embeddable":true,"href":"https:\/\/www.europesays.com\/lv\/wp-json\/wp\/v2\/comments?post=62206"}],"version-history":[{"count":0,"href":"https:\/\/www.europesays.com\/lv\/wp-json\/wp\/v2\/posts\/62206\/revisions"}],"wp:featuredmedia":[{"embeddable":true,"href":"https:\/\/www.europesays.com\/lv\/wp-json\/wp\/v2\/media\/62207"}],"wp:attachment":[{"href":"https:\/\/www.europesays.com\/lv\/wp-json\/wp\/v2\/media?parent=62206"}],"wp:term":[{"taxonomy":"category","embeddable":true,"href":"https:\/\/www.europesays.com\/lv\/wp-json\/wp\/v2\/categories?post=62206"},{"taxonomy":"post_tag","embeddable":true,"href":"https:\/\/www.europesays.com\/lv\/wp-json\/wp\/v2\/tags?post=62206"}],"curies":[{"name":"wp","href":"https:\/\/api.w.org\/{rel}","templated":true}]}}