{"id":62217,"date":"2025-11-30T19:27:08","date_gmt":"2025-11-30T19:27:08","guid":{"rendered":"https:\/\/www.europesays.com\/lv\/62217\/"},"modified":"2025-11-30T19:27:08","modified_gmt":"2025-11-30T19:27:08","slug":"noskaties-%e2%9f%a9-kutris-gatavojis-bunkus-slepkavibas-organizatoriem-labveligu-atzinumu","status":"publish","type":"post","link":"https:\/\/www.europesays.com\/lv\/62217\/","title":{"rendered":"NOSKATIES \u27e9 K\u016btris gatavojis Bunkus slepkav\u012bbas organizatoriem labv\u0113l\u012bgu atzinumu"},"content":{"rendered":"<p>Aldis Lasmanis, prokurors<\/p>\n<p>Tie faktiski ir tikai pie\u0146\u0113mumi, vi\u0146i neapstiprin\u0101s ar faktiem.<\/p>\n<p>Tur ir redzams, ka gan (sprieduma) failu ir izveidojusi tiesnese, gan tiesnese \u0161o failu ir parakst\u012bjusi.<\/p>\n<p>Pats par sevi \u0161is 1.instances spriedums nav pier\u0101d\u012bjums, kur\u0161 mums b\u016btu j\u0101analiz\u0113, jo M\u0101rti\u0146a Bunkus slepkav\u012bba ir pier\u0101d\u012bta ar konkr\u0113tiem pier\u0101d\u012bjumiem. Bet \u0161is m\u0113\u0123in\u0101jums mekl\u0113t to, k\u0101, manupr\u0101t, nav \u0161ajos sprieduma metadatos, ir m\u0113\u0123in\u0101jums faktiski pan\u0101kt aps\u016bdz\u0113to atbr\u012bvo\u0161anu.<\/p>\n<p>\u201cNek\u0101 person\u012bga\u201d zin\u0101ms, ka gaid\u0101mas izmai\u0146as aps\u016bdz\u0113t\u0101 Mihaila U\u013cmana advok\u0101tu sast\u0101v\u0101. Ties\u0101 sa\u0146emts zv\u0113rin\u0101ta advok\u0101ta Egona Rusanova un v\u0113l vair\u0101ku vi\u0146a biroja darbinieku orderi. Atg\u0101din\u0101m, ka Rusanovs bija U\u013cmana biznesa partnera Aleksandra Babenko d\u0113la advok\u0101ts. Artjomu Babenko p\u0113rn aiztur\u0113ja aizdom\u0101s par iesp\u0113jamu policista Rom\u0101na Ja\u0161ina slepkav\u012bbas gatavo\u0161anu. Pirms policija paguva piem\u0113rot jaunu dro\u0161\u012bbas l\u012bdzekli, Babenko juniors Latviju pameta un p\u0113c likumsargu zi\u0146\u0101m, dev\u0101s uz Baltkrieviju.<\/p>\n<p>Ar\u012b cietu\u0161ie l\u016bdz \u0161o jaut\u0101jumu par lietas atgrie\u0161anu pirmajai instancei tiesu tagad neizlemt, jo taj\u0101 var sl\u0113pties \u201czem\u016bdens akme\u0146i\u201d. Jo var rad\u012bt priek\u0161statu, ka tiesas sast\u0101vam jau ir radies viedoklis par apel\u0101cijas s\u016bdz\u012bb\u0101s iek\u013cautiem jaut\u0101jumiem, v\u0113l nemaz neuzs\u0101kot apspriedi. Un to aizst\u0101vji var izmantot sav\u0101s interes\u0113s Kas\u0101cijas instanc\u0113.<\/p>\n","protected":false},"excerpt":{"rendered":"Aldis Lasmanis, prokurors Tie faktiski ir tikai pie\u0146\u0113mumi, vi\u0146i neapstiprin\u0101s ar faktiem. Tur ir redzams, ka gan (sprieduma)&hellip;\n","protected":false},"author":2,"featured_media":62218,"comment_status":"","ping_status":"","sticky":false,"template":"","format":"standard","meta":{"footnotes":""},"categories":[5],"tags":[668,23,28,29,32,33,22,573,30,31,35,39,38,36,37,34,40,7139,20,26,27,314,24,25,21],"class_list":{"0":"post-62217","1":"post","2":"type-post","3":"status-publish","4":"format-standard","5":"has-post-thumbnail","7":"category-aktualitates","8":"tag-neka-personiga","9":"tag-aktualitates","10":"tag-breaking-news","11":"tag-breakingnews","12":"tag-featured-news","13":"tag-featurednews","14":"tag-headlines","15":"tag-kriminallieta","16":"tag-latest-news","17":"tag-latestnews","18":"tag-latvia","19":"tag-latvian","20":"tag-latviesu","21":"tag-latviesu-valoda","22":"tag-latviesuvaloda","23":"tag-latvija","24":"tag-lv","25":"tag-martins-bunkus","26":"tag-news","27":"tag-popularakas-zinas","28":"tag-popularakaszinas","29":"tag-slepkavibas","30":"tag-top-stories","31":"tag-topstories","32":"tag-zinas"},"share_on_mastodon":{"url":"https:\/\/pubeurope.com\/@lv\/115640299988967610","error":""},"_links":{"self":[{"href":"https:\/\/www.europesays.com\/lv\/wp-json\/wp\/v2\/posts\/62217","targetHints":{"allow":["GET"]}}],"collection":[{"href":"https:\/\/www.europesays.com\/lv\/wp-json\/wp\/v2\/posts"}],"about":[{"href":"https:\/\/www.europesays.com\/lv\/wp-json\/wp\/v2\/types\/post"}],"author":[{"embeddable":true,"href":"https:\/\/www.europesays.com\/lv\/wp-json\/wp\/v2\/users\/2"}],"replies":[{"embeddable":true,"href":"https:\/\/www.europesays.com\/lv\/wp-json\/wp\/v2\/comments?post=62217"}],"version-history":[{"count":0,"href":"https:\/\/www.europesays.com\/lv\/wp-json\/wp\/v2\/posts\/62217\/revisions"}],"wp:featuredmedia":[{"embeddable":true,"href":"https:\/\/www.europesays.com\/lv\/wp-json\/wp\/v2\/media\/62218"}],"wp:attachment":[{"href":"https:\/\/www.europesays.com\/lv\/wp-json\/wp\/v2\/media?parent=62217"}],"wp:term":[{"taxonomy":"category","embeddable":true,"href":"https:\/\/www.europesays.com\/lv\/wp-json\/wp\/v2\/categories?post=62217"},{"taxonomy":"post_tag","embeddable":true,"href":"https:\/\/www.europesays.com\/lv\/wp-json\/wp\/v2\/tags?post=62217"}],"curies":[{"name":"wp","href":"https:\/\/api.w.org\/{rel}","templated":true}]}}