{"id":62219,"date":"2025-11-30T19:28:08","date_gmt":"2025-11-30T19:28:08","guid":{"rendered":"https:\/\/www.europesays.com\/lv\/62219\/"},"modified":"2025-11-30T19:28:08","modified_gmt":"2025-11-30T19:28:08","slug":"robija-viljamsa-vecaka-meita-tedija-debite-uz-sarkana-paklaja-izaugusi-par-istu-damu-lente-lv","status":"publish","type":"post","link":"https:\/\/www.europesays.com\/lv\/62219\/","title":{"rendered":"Robija Viljamsa vec\u0101k\u0101 meita Tedija debit\u0113 uz sarkan\u0101 pakl\u0101ja: Izaugusi par \u012bstu d\u0101mu!\u00a0\u2014\u00a0Lente.lv"},"content":{"rendered":"<p>Mirdzo\u0161a debija: Robija Viljamsa meita Tedija uz skatuves spo\u017e\u0101k\u0101 zvaigzne<\/p>\n<p>Lielbrit\u0101nijas m\u016bzikas ikonas Robija Viljamsa vec\u0101k\u0101 meita, 13 gadus vec\u0101 Teodora Roza, pla\u0161\u0101k paz\u012bstama k\u0101 Tedija, ir veiksm\u012bgi debit\u0113jusi uz sarkan\u0101 pakl\u0101ja Lielbrit\u0101nijas pirmizr\u0101d\u0113 filmai \u201cTinsel Town\u201d. Pas\u0101kums notika 2025. gada 27. novembr\u012b, un jaun\u0101s talant\u012bg\u0101s aktrises pirmais publiskais notikums \u0161aj\u0101 lom\u0101 tika sagaid\u012bts ar saj\u016bsmu.<\/p>\n<p>Tedija, kop\u0101 ar saviem slavenajiem vec\u0101kiem \u2013 dzied\u0101t\u0101ju Robiju Viljamsu un aktrisi Aidaju F\u012bldu \u2013 poz\u0113ja fotogr\u0101fiem, demonstr\u0113jot savu stil\u012bgo un elegantu izskatu. Vi\u0146as debija uz sarkana pakl\u0101ja ir noz\u012bm\u012bgs solis gan vi\u0146as jaunajai karjerai, gan ar\u012b par\u0101da vec\u0101ku atbalstu un lepnumu par meitas sasniegumiem.<\/p>\n<p>Filma &#8220;Tinsel Town&#8221; un Tedijas aktrises ce\u013c\u0161<\/p>\n<p>Filma \u201cTinsel Town\u201d ir Ziemassv\u0113tku kom\u0113dija, kas st\u0101sta par p\u0101rtiku\u0161u Holivudas aktieri, kur\u0161 negaid\u012bti non\u0101k maz\u0101 Anglijas ciemati\u0146\u0101, lai piedal\u012btos panto izr\u0101d\u0113. \u0160is ir noz\u012bm\u012bgs br\u012bdis Tedijas karjer\u0101, jo vi\u0146a atveido blakus t\u0101diem paz\u012bstamiem aktieriem k\u0101 Rebelai Vilsonei un K\u012bferam Saterlendam. Tedija film\u0101 atveido Keru, Rebelas Vilsone varo\u0146a D\u017eila meitu, un \u0161\u012b loma ir vi\u0146as pirm\u0101 noz\u012bm\u012bg\u0101 debija kino.<\/p>\n<p>Robijs Viljamss paudis savu milz\u012bgo lepnumu par meitas sasniegumu, atkl\u0101jot, ka vi\u0146\u0161 v\u0113l\u0113j\u0101s, lai pasaule redz to pa\u0161u m\u012b\u013cumu, laipn\u012bbu un emp\u0101tiju, ko vi\u0146\u0161 redz katru dienu m\u0101j\u0101s. \u201cEsmu \u0101rk\u0101rt\u012bgi lepns par vi\u0146u,\u201d sac\u012bjis dzied\u0101t\u0101js, piebilstot, ka \u0161\u012b ir \u201ctikai maza piesk\u0101riena\u201d, lai meita iepaz\u012btos ar \u0161o pasauli, pirms atgrie\u017eas skol\u0101 un turpina savu att\u012bst\u012bbu.<\/p>\n<p>Stil\u012bgs debijinieces t\u0113ls un \u0123imenes atbalsts<\/p>\n<p>Uz pirmizr\u0101des sarkan\u0101 pakl\u0101ja Tedija izskat\u012bj\u0101s apburo\u0161i elegant\u0101 smaragdza\u013c\u0101 minikleit\u0101, ko papildin\u0101ja kr\u0113mkr\u0101sas un melnas Mary Jane stila kurpes ar melnu purngalu. Vi\u0146as t\u0113lu nosl\u0113dza grezna melna ka\u017eok\u0101das jaka, un mati bija ieveidoti vi\u013c\u0146ain\u0101s lok\u0101s, pie\u0161\u0137irot vi\u0146ai nobriedu\u0161u un p\u0101rliecino\u0161u izskatu. \u0160is ap\u0123\u0113rba salikums lieliski par\u0101d\u012bja vi\u0146as jaun\u012bbas \u0161armu, vienlaikus demonstr\u0113jot sarkan\u0101 pakl\u0101ja eleganci.<\/p>\n<p>Vec\u0101ki, Robijs un Aidaja, ar\u012b izskat\u012bj\u0101s nevainojami. Robijs Viljamss bija izv\u0113l\u0113jies klasisku melnu uzvalku ar augstu kakla ad\u012bjumu, pie\u0161\u0137irot vi\u0146am smalku un pievilc\u012bgu izskatu. Aidaja F\u012blda demonstr\u0113ja \u0161armantu baltu me\u017e\u0123\u012b\u0146u bik\u0161kost\u012bmu ar ziedu rakstu, kas lieliski sader\u0113ja ar vi\u0146as izsmalcin\u0101to gaumi. Vi\u0146u kop\u012bgais par\u0101d\u012b\u0161an\u0101s uz sarkan\u0101 pakl\u0101ja uzsv\u0113ra \u0123imenes vienot\u012bbu un savstarp\u0113jo atbalstu \u0161aj\u0101 noz\u012bm\u012bgaj\u0101 br\u012bd\u012b.<\/p>\n<p>N\u0101kamie so\u013ci un publicit\u0101tes l\u012bdzsvars<\/p>\n<p>Lai gan Tedijas debija ir noz\u012bm\u012bgs solis, Robijs Viljamss uzsver, ka vi\u0146i cen\u0161as saglab\u0101t l\u012bdzsvaru starp publicit\u0101ti un meitas b\u0113rn\u012bbu. Vi\u0146\u0161 nor\u0101d\u012bjis, ka \u0161is ir tikai neliels ieskats \u0161aj\u0101 pasaul\u0113, un Tedija p\u0113c tam atgriez\u012bsies skol\u0101, lai turpin\u0101tu savu izgl\u012bt\u012bbu. \u0160\u0101da pieeja liecina par vec\u0101ku v\u0113lmi aizsarg\u0101t savus b\u0113rnus no p\u0101rm\u0113r\u012bgas publicit\u0101tes un nodro\u0161in\u0101t vi\u0146iem norm\u0101lu b\u0113rn\u012bbu.<\/p>\n<p>Filma \u201cTinsel Town\u201d Lielbrit\u0101nij\u0101 kinote\u0101tros un uz Sky Cinema platformas non\u0101ks 2025. gada 5. decembr\u012b, \u013caujot skat\u012bt\u0101jiem nov\u0113rt\u0113t gan filmas kop\u0113jo st\u0101stu, gan ar\u012b jauno talantu, piem\u0113ram, Tedijas Viljamsas, sniegumu.<\/p>\n","protected":false},"excerpt":{"rendered":"Mirdzo\u0161a debija: Robija Viljamsa meita Tedija uz skatuves spo\u017e\u0101k\u0101 zvaigzne Lielbrit\u0101nijas m\u016bzikas ikonas Robija Viljamsa vec\u0101k\u0101 meita, 13&hellip;\n","protected":false},"author":2,"featured_media":62220,"comment_status":"","ping_status":"","sticky":false,"template":"","format":"standard","meta":{"footnotes":""},"categories":[19],"tags":[16378,89,6084,90,35,39,38,36,37,34,40,16376,16243,16377],"class_list":{"0":"post-62219","1":"post","2":"type-post","3":"status-publish","4":"format-standard","5":"has-post-thumbnail","7":"category-izklaide","8":"tag-debite-uz-sarkana-paklaja","9":"tag-entertainment","10":"tag-filmu-pirmizrade","11":"tag-izklaide","12":"tag-latvia","13":"tag-latvian","14":"tag-latviesu","15":"tag-latviesu-valoda","16":"tag-latviesuvaloda","17":"tag-latvija","18":"tag-lv","19":"tag-robijs-viljamss","20":"tag-tedija-viljamsa","21":"tag-tinsel-town"},"share_on_mastodon":{"url":"https:\/\/pubeurope.com\/@lv\/115640303789732873","error":""},"_links":{"self":[{"href":"https:\/\/www.europesays.com\/lv\/wp-json\/wp\/v2\/posts\/62219","targetHints":{"allow":["GET"]}}],"collection":[{"href":"https:\/\/www.europesays.com\/lv\/wp-json\/wp\/v2\/posts"}],"about":[{"href":"https:\/\/www.europesays.com\/lv\/wp-json\/wp\/v2\/types\/post"}],"author":[{"embeddable":true,"href":"https:\/\/www.europesays.com\/lv\/wp-json\/wp\/v2\/users\/2"}],"replies":[{"embeddable":true,"href":"https:\/\/www.europesays.com\/lv\/wp-json\/wp\/v2\/comments?post=62219"}],"version-history":[{"count":0,"href":"https:\/\/www.europesays.com\/lv\/wp-json\/wp\/v2\/posts\/62219\/revisions"}],"wp:featuredmedia":[{"embeddable":true,"href":"https:\/\/www.europesays.com\/lv\/wp-json\/wp\/v2\/media\/62220"}],"wp:attachment":[{"href":"https:\/\/www.europesays.com\/lv\/wp-json\/wp\/v2\/media?parent=62219"}],"wp:term":[{"taxonomy":"category","embeddable":true,"href":"https:\/\/www.europesays.com\/lv\/wp-json\/wp\/v2\/categories?post=62219"},{"taxonomy":"post_tag","embeddable":true,"href":"https:\/\/www.europesays.com\/lv\/wp-json\/wp\/v2\/tags?post=62219"}],"curies":[{"name":"wp","href":"https:\/\/api.w.org\/{rel}","templated":true}]}}