{"id":62223,"date":"2025-11-30T19:34:09","date_gmt":"2025-11-30T19:34:09","guid":{"rendered":"https:\/\/www.europesays.com\/lv\/62223\/"},"modified":"2025-11-30T19:34:09","modified_gmt":"2025-11-30T19:34:09","slug":"kristine-zelve-jaunaja-krajuma-dzive-tevi-salauzis-pieversas-maziem-notikumiem-un-pieaugsanas-stastiem-lente-lv","status":"publish","type":"post","link":"https:\/\/www.europesays.com\/lv\/62223\/","title":{"rendered":"Krist\u012bne \u017delve jaunaj\u0101 kr\u0101jum\u0101 \u00abDz\u012bve tevi salauz\u012bs\u00bb piev\u0113r\u0161as \u00abmaziem\u00bb notikumiem un pieaug\u0161anas st\u0101stiem\u00a0\u2014\u00a0Lente.lv"},"content":{"rendered":"<p>Krist\u012bnes \u017delves jaunais zibprozas kr\u0101jums: \u00abDz\u012bve tevi salauz\u012bs\u00bb aicina piev\u0113rsties mazaj\u0101m liet\u0101m<\/p>\n<p>Rakstniece un kinore\u017eisore Krist\u012bne \u017delve laidusi klaj\u0101 savu jaun\u0101ko darbu \u2013 zibprozas kr\u0101jumu \u00abDz\u012bve tevi salauz\u012bs\u00bb, ko izdevusi \u00abOrb\u012bta\u00bb. \u0160is kr\u0101jums, kas velt\u012bts \u00abmaziem notikumiem\u00bb, veidots saska\u0146\u0101 ar kino pasaul\u0113 iecien\u012bto \u00abpieaug\u0161anas st\u0101stu\u00bb principiem, pied\u0101v\u0101jot las\u012bt\u0101jam dzi\u013c\u0101ku ieskatu ikdieni\u0161\u0137\u0101s situ\u0101cij\u0101s un \u0101r\u0113ji tikko paman\u0101mos dv\u0113seles p\u0101rdz\u012bvojumos.<\/p>\n<p>\u017delve, kura paz\u012bstama ar\u012b k\u0101 re\u017eisore film\u0101m \u00abFedja\u00bb un \u00abM\u0113rijas ce\u013cojums\u00bb, sav\u0101 jaun\u0101kaj\u0101 prozas kr\u0101jum\u0101 piev\u0113rsusies \u00abekonomiskajai literat\u016brai\u00bb, izmantojot maksim\u0101li taup\u012bgus izteiksmes l\u012bdzek\u013cus. \u00abMani interes\u0113 \u00abmazi\u00bb notikumi,\u00bb atz\u012bst autore, nor\u0101dot, ka vi\u0146u saista ikdieni\u0161\u0137\u0101s dr\u0101mas, ko uzbur dz\u012bves straume. Kr\u0101juma kompoz\u012bcija atg\u0101dina pasaul\u0113 popul\u0101ros \u00abcoming-of-age\u00bb st\u0101stus, ta\u010du autore pieskaras ar\u012b Remarka atzi\u0146ai, ka \u012bsti pieaudzis cilv\u0113ks nekad nek\u013c\u016bst.<\/p>\n<p>Par liter\u0101r\u0101m vadugun\u012bm \u0161\u012b kr\u0101juma tap\u0161an\u0101 \u017delve min\u0113jusi \u012bsprozas meistares Lidiju Deivisu un Agotu Kristofu, k\u0101 ar\u012b, netie\u0161i, Semjuelu Beketu, kuru abi dai\u013crades paraugi ietekm\u0113ju\u0161i. \u00abDz\u012bve tevi salauz\u012bs\u00bb ir apliecin\u0101jums \u017delves eksperiment\u0113t\u0101jas talantam. Gr\u0101matas redaktors Vilis Kasims izce\u013c autores sp\u0113ju dekonstru\u0113t \u012bsst\u0101stu un miniat\u016bru \u017eanrus, padarot tos atkal svaigus un p\u0101rsteidzo\u0161us. Kr\u0101juma t\u0113mu loks ir pla\u0161s \u2013 no skolas piedz\u012bvojumiem l\u012bdz pat vecumdienu r\u016bp\u0113m, v\u0113sturisk\u0101m fant\u0101zij\u0101m un ironijai par m\u016bsdienu virtu\u0101lo realit\u0101ti.<\/p>\n<blockquote><p> \u00ab\u017delves tekstos domin\u0113 humors, kas nereti ir dz\u0113l\u012bgs, tom\u0113r nep\u0101rv\u0113r\u0161as cinism\u0101, t\u0101 viet\u0101 sarkastiski apsp\u0113l\u0113jot kli\u0161ejas valod\u0101, pasaules uztver\u0113 un literat\u016br\u0101. Vienlaikus \u0161\u012b pieeja nek\u013c\u016bst pa\u0161m\u0113r\u0137\u012bga, bet gan nereti kalpo par emocion\u0101l\u0101 pastiprin\u0101juma l\u012bdzekli, \u0161\u0137ietami humoristiskiem st\u0101stiem bie\u017ei nosl\u0113dzoties uz minor\u012bgas nots, regul\u0101ri p\u0101rsteidzot las\u012bt\u0101ju nesagatavotu.\u00bb <\/p><\/blockquote>\n<p>Neskatoties uz \u0161\u0137ietamo vieglumu un humoru, \u017delves darbi bie\u017ei vien aizskar dzi\u013c\u0101kas emocion\u0101las t\u0113mas, p\u0101rsteidzot las\u012bt\u0101ju ar negaid\u012btiem un emocion\u0101li pies\u0101tin\u0101tiem nosl\u0113gumiem. Gr\u0101mata izdota ar Valsts Kult\u016brkapit\u0101la fonda atbalstu un ir pieejama gr\u0101matn\u012bc\u0101s \u00abGlobuss\u00bb, \u00abJ\u0101nis Roze\u00bb un \u00abBolder\u0101ja\u00bb. \u0160is darbs papildina \u00abOrb\u012btas bibliot\u0113kas\u00bb s\u0113riju, kas kop\u0161 2018. gada iepaz\u012bstina las\u012bt\u0101jus ar m\u016bsdienu dzejnieku un prozai\u0137u darbiem.<\/p>\n","protected":false},"excerpt":{"rendered":"Krist\u012bnes \u017delves jaunais zibprozas kr\u0101jums: \u00abDz\u012bve tevi salauz\u012bs\u00bb aicina piev\u0113rsties mazaj\u0101m liet\u0101m Rakstniece un kinore\u017eisore Krist\u012bne \u017delve laidusi&hellip;\n","protected":false},"author":2,"featured_media":62224,"comment_status":"","ping_status":"","sticky":false,"template":"","format":"standard","meta":{"footnotes":""},"categories":[19],"tags":[10784,89,90,10783,35,39,38,3634,36,37,34,40,16380,10785],"class_list":{"0":"post-62223","1":"post","2":"type-post","3":"status-publish","4":"format-standard","5":"has-post-thumbnail","7":"category-izklaide","8":"tag-dzive-tevi-salauzis","9":"tag-entertainment","10":"tag-izklaide","11":"tag-kristine-zelve","12":"tag-latvia","13":"tag-latvian","14":"tag-latviesu","15":"tag-latviesu-literatura","16":"tag-latviesu-valoda","17":"tag-latviesuvaloda","18":"tag-latvija","19":"tag-lv","20":"tag-pieaugsanas-stasti","21":"tag-zibproza"},"share_on_mastodon":{"url":"https:\/\/pubeurope.com\/@lv\/115640327746675175","error":""},"_links":{"self":[{"href":"https:\/\/www.europesays.com\/lv\/wp-json\/wp\/v2\/posts\/62223","targetHints":{"allow":["GET"]}}],"collection":[{"href":"https:\/\/www.europesays.com\/lv\/wp-json\/wp\/v2\/posts"}],"about":[{"href":"https:\/\/www.europesays.com\/lv\/wp-json\/wp\/v2\/types\/post"}],"author":[{"embeddable":true,"href":"https:\/\/www.europesays.com\/lv\/wp-json\/wp\/v2\/users\/2"}],"replies":[{"embeddable":true,"href":"https:\/\/www.europesays.com\/lv\/wp-json\/wp\/v2\/comments?post=62223"}],"version-history":[{"count":0,"href":"https:\/\/www.europesays.com\/lv\/wp-json\/wp\/v2\/posts\/62223\/revisions"}],"wp:featuredmedia":[{"embeddable":true,"href":"https:\/\/www.europesays.com\/lv\/wp-json\/wp\/v2\/media\/62224"}],"wp:attachment":[{"href":"https:\/\/www.europesays.com\/lv\/wp-json\/wp\/v2\/media?parent=62223"}],"wp:term":[{"taxonomy":"category","embeddable":true,"href":"https:\/\/www.europesays.com\/lv\/wp-json\/wp\/v2\/categories?post=62223"},{"taxonomy":"post_tag","embeddable":true,"href":"https:\/\/www.europesays.com\/lv\/wp-json\/wp\/v2\/tags?post=62223"}],"curies":[{"name":"wp","href":"https:\/\/api.w.org\/{rel}","templated":true}]}}