{"id":62246,"date":"2025-11-30T19:58:11","date_gmt":"2025-11-30T19:58:11","guid":{"rendered":"https:\/\/www.europesays.com\/lv\/62246\/"},"modified":"2025-11-30T19:58:11","modified_gmt":"2025-11-30T19:58:11","slug":"andris-keiss-un-artuss-kaimins-atklaj-aktieru-dzives-aizkulises-lente-lv","status":"publish","type":"post","link":"https:\/\/www.europesays.com\/lv\/62246\/","title":{"rendered":"Andris Kei\u0161s un Artuss Kaimi\u0146\u0161 atkl\u0101j aktieru dz\u012bves aizkulises\u00a0\u2014\u00a0Lente.lv"},"content":{"rendered":"<p>Andra Kei\u0161a un Artusa Kaimi\u0146a sarunu dz\u012bl\u0113s: aktieru dz\u012bves nezin\u0101mas lappuses<\/p>\n<p>Aktieris Andris Kei\u0161s, kur\u0161 nesen atz\u012bm\u0113ja savu 51. dzim\u0161anas dienu, joproj\u0101m ir viens no piepras\u012bt\u0101kajiem m\u0101ksliniekiem Latvijas te\u0101tr\u012b un kino. Vi\u0146a jubil\u0101r\u0101 apr\u012bl\u012b atz\u012bm\u0113t\u0101 piecdesmit\u0101 dzim\u0161anas diena tika sagaid\u012bta ar v\u0113rien\u012bgu monoizr\u0101di \u201cStarpbr\u012bdis\u201d, kas atspogu\u013coja gan aizvad\u012btos gadus uz skatuves, gan dzi\u013cas p\u0101rdomas par dz\u012bvi un m\u0101kslu. \u0160oreiz Kei\u0161s kop\u0101 ar savulaik politiski akt\u012bvo, bet joproj\u0101m rado\u0161o kol\u0113\u0123i Artusu Kaimi\u0146u, atkl\u0101jis k\u0101das aktieru dz\u012bves nezin\u0101mas lappuses. \u0160\u012b negaid\u012bt\u0101 tik\u0161an\u0101s, kas notikusi nra.lv TV studij\u0101, pie\u0161\u0137ir jaunu dimensiju abu m\u0101kslinieku publiskajam t\u0113lam, par\u0101dot vi\u0146u sp\u0113ju uztur\u0113t profesion\u0101l\u0101s un personisk\u0101s saites ar\u012b p\u0113c da\u017e\u0101diem dz\u012bves posmiem.<\/p>\n<p>Kop\u012bga pag\u0101tne un rado\u0161\u0101 sadarb\u012bba<\/p>\n<p>Artusa Kaimi\u0146a un Andra Kei\u0161a kop\u012bg\u0101 v\u0113sture nav sve\u0161a. Abi m\u0101kslinieki kop\u0101 piedal\u012bju\u0161ies da\u017e\u0101dos projektos, tostarp rad\u012bju\u0161i videodarbus, piem\u0113ram, sveicot Latviju dzim\u0161anas dien\u0101. Vi\u0146u sadarb\u012bba film\u0101 \u201cKolka Cool\u201d tiek atcer\u0113ta k\u0101 viena no Kei\u0161a br\u012bni\u0161\u0137\u012bg\u0101kaj\u0101m lom\u0101m, kur\u0101 vi\u0146iem bijusi lieliska sasp\u0113le. \u0160\u012b kop\u012bg\u0101 pieredze un cie\u0161\u0101s saites, kas veidoju\u0161\u0101s gadu gait\u0101, \u013cauj izprast vi\u0146u abu rado\u0161o un person\u012bgo dimensiju, kas nu atkl\u0101jas jaun\u0101 gaism\u0101.<\/p>\n<p>Aktieru loma sabiedr\u012bb\u0101 un attieksme pret politiku<\/p>\n<p>Sarun\u0101 par aktieru dz\u012bvi un to, k\u0101 t\u0101 savijas ar politiku, Andris Kei\u0161s pau\u017e stingru nost\u0101ju: aktieriem nav j\u0101sadarbojas ar varu un nav j\u0101b\u016bt draugos ar politi\u0137iem. Vi\u0146\u0161 uzsver, ka person\u012bgi ir draudz\u0113jies ar prezidentiem k\u0101 neitr\u0101l\u0101m person\u0101m, cerot, ka ar\u012b pa\u0161reiz\u0113jais Valsts prezidents Rink\u0113vi\u010ds ir neitr\u0101ls. Kei\u0161s ir skeptisks pret aktieru iesaist\u012b\u0161anos politik\u0101, k\u0101 piem\u0113rus minot gan Artusu Kaimi\u0146u, gan Ivaru Pugu, kuru politiskie l\u0113mumi un publisk\u0101 uzst\u0101\u0161an\u0101s reiz\u0113m atst\u0101jusi jaut\u0101jumu z\u012bmes. Vi\u0146\u0161 uzskata, ka aktierim, ieejot politisk\u0101 lom\u0101, ir r\u016bp\u012bgi j\u0101sagatavojas, cit\u0101di ir risks izskat\u012bties neiedom\u0101jami vai nesp\u0113t atrast piem\u0113rotus v\u0101rdus.<\/p>\n<p>Vaic\u0101ts par politikas apsprie\u0161anu Jaunaj\u0101 R\u012bgas te\u0101tr\u012b, Kei\u0161s nor\u0101da, ka person\u012bgi vi\u0146\u0161 par politiku m\u0113\u0123ina nerun\u0101t. Vi\u0146\u0161 uzsver, ka te\u0101tr\u012b galvenais ir darbs pie lom\u0101m un lugu dzi\u013c\u0101k\u0101 gara tv\u0113ruma mekl\u0113jumi, nevis politiskas diskusijas, kur\u0101m m\u0113\u0123in\u0101jumos vienk\u0101r\u0161i nav laika. Aktieris uzskata, ka par politiku vair\u0101k j\u0101run\u0101 anal\u012bti\u0137iem.<\/p>\n<p>P\u0101rdomas par dz\u012bvi, vienaldz\u012bbu un br\u012bnumiem<\/p>\n<p>Andris Kei\u0161s nesl\u0113pj, ka vi\u0146u skumdina Latvij\u0101 sastopamo vienaldz\u012bgo cilv\u0113ku skaits, k\u0101 ar\u012b kovida laika ierobe\u017eojumu rad\u012bt\u0101s gar\u012bg\u0101s sekas. Vi\u0146\u0161 atceras, k\u0101 bija spiests s\u0113d\u0113t m\u0101j\u0101s, nesa\u0146emot skaidrojumus, kam\u0113r igau\u0146i sp\u0113l\u0113ja izr\u0101des piln\u0101s z\u0101l\u0113s. \u0160is periods vi\u0146am rad\u012bjis dzi\u013cu izsist\u012bbas saj\u016btu.<\/p>\n<p>Neskatoties uz dz\u012bves izaicin\u0101jumiem, Kei\u0161s tic br\u012bnumiem. Viens no t\u0101diem ir vi\u0146a sieva, operdzied\u0101t\u0101ja Krist\u012bne Zadovska, ar kuru kop\u0101 vi\u0146\u0161 ir jau ilgu laiku. Vi\u0146\u0161 ar\u012b atceras k\u0101du gad\u012bjumu, kad spr\u0101dziens Jeruz\u0101lem\u0113 gandr\u012bz vi\u0146am laup\u012bja dz\u012bv\u012bbu, bet izdz\u012bvo\u0161anu vi\u0146\u0161 uzskata par br\u012bnumu. Kei\u0161s atkl\u0101j, ka nav akt\u012bvs br\u012bnumu mekl\u0113t\u0101js, bet ir atv\u0113rts dz\u012bvei un to, ko t\u0101 pied\u0101v\u0101. Vi\u0146\u0161 ar\u012b te\u0101tri uzskata par br\u012bnumu, kur\u0101 pavad\u012bjis vair\u0101k nek\u0101 30 gadus.<\/p>\n<p>Atskatoties uz savu rado\u0161o ce\u013cu, Andris Kei\u0161s ir p\u0101rliecin\u0101ts, ka l\u012bdz\u0161in\u0113j\u0101 dz\u012bve ir bijusi pilna prieka un maiguma, un vi\u0146\u0161 ar nepaciet\u012bbu gaida turpm\u0101kos prieka, draudz\u012bbas un atkl\u0101smju pilnos br\u012b\u017eus.<\/p>\n","protected":false},"excerpt":{"rendered":"Andra Kei\u0161a un Artusa Kaimi\u0146a sarunu dz\u012bl\u0113s: aktieru dz\u012bves nezin\u0101mas lappuses Aktieris Andris Kei\u0161s, kur\u0161 nesen atz\u012bm\u0113ja savu&hellip;\n","protected":false},"author":2,"featured_media":62247,"comment_status":"","ping_status":"","sticky":false,"template":"","format":"standard","meta":{"footnotes":""},"categories":[19],"tags":[11675,5391,12335,89,90,35,39,38,36,37,34,100,882,40],"class_list":{"0":"post-62246","1":"post","2":"type-post","3":"status-publish","4":"format-standard","5":"has-post-thumbnail","7":"category-izklaide","8":"tag-aktieri","9":"tag-andris-keiss","10":"tag-artuss-kaimins","11":"tag-entertainment","12":"tag-izklaide","13":"tag-latvia","14":"tag-latvian","15":"tag-latviesu","16":"tag-latviesu-valoda","17":"tag-latviesuvaloda","18":"tag-latvija","19":"tag-latvijas-kino","20":"tag-latvijas-teatris","21":"tag-lv"},"share_on_mastodon":{"url":"https:\/\/pubeurope.com\/@lv\/115640421947771093","error":""},"_links":{"self":[{"href":"https:\/\/www.europesays.com\/lv\/wp-json\/wp\/v2\/posts\/62246","targetHints":{"allow":["GET"]}}],"collection":[{"href":"https:\/\/www.europesays.com\/lv\/wp-json\/wp\/v2\/posts"}],"about":[{"href":"https:\/\/www.europesays.com\/lv\/wp-json\/wp\/v2\/types\/post"}],"author":[{"embeddable":true,"href":"https:\/\/www.europesays.com\/lv\/wp-json\/wp\/v2\/users\/2"}],"replies":[{"embeddable":true,"href":"https:\/\/www.europesays.com\/lv\/wp-json\/wp\/v2\/comments?post=62246"}],"version-history":[{"count":0,"href":"https:\/\/www.europesays.com\/lv\/wp-json\/wp\/v2\/posts\/62246\/revisions"}],"wp:featuredmedia":[{"embeddable":true,"href":"https:\/\/www.europesays.com\/lv\/wp-json\/wp\/v2\/media\/62247"}],"wp:attachment":[{"href":"https:\/\/www.europesays.com\/lv\/wp-json\/wp\/v2\/media?parent=62246"}],"wp:term":[{"taxonomy":"category","embeddable":true,"href":"https:\/\/www.europesays.com\/lv\/wp-json\/wp\/v2\/categories?post=62246"},{"taxonomy":"post_tag","embeddable":true,"href":"https:\/\/www.europesays.com\/lv\/wp-json\/wp\/v2\/tags?post=62246"}],"curies":[{"name":"wp","href":"https:\/\/api.w.org\/{rel}","templated":true}]}}