{"id":62252,"date":"2025-11-30T20:04:08","date_gmt":"2025-11-30T20:04:08","guid":{"rendered":"https:\/\/www.europesays.com\/lv\/62252\/"},"modified":"2025-11-30T20:04:08","modified_gmt":"2025-11-30T20:04:08","slug":"lauris-reiniks-pavasari-dosies-latvijas-koncertture-100-lauris-reiniks-lente-lv","status":"publish","type":"post","link":"https:\/\/www.europesays.com\/lv\/62252\/","title":{"rendered":"Lauris Reiniks pavasar\u012b dosies Latvijas koncertt\u016br\u0113 &#8220;100% Lauris Reiniks&#8221;\u00a0\u2014\u00a0Lente.lv"},"content":{"rendered":"<p>Jaunumi m\u016bzikas pasaul\u0113: Lauris Reiniks atgrie\u017eas uz skatuves ar grandiozu koncertt\u016bri<\/p>\n<p>P\u0113c ilg\u0101ka rado\u0161\u0101s darb\u012bbas p\u0101rtraukuma, popul\u0101rais latvie\u0161u m\u016bzi\u0137is un telev\u012bzijas person\u012bba Lauris Reiniks ir sar\u016bp\u0113jis pat\u012bkamu p\u0101rsteigumu saviem daudzajiem talanta cien\u012bt\u0101jiem. N\u0101kamavasar vi\u0146\u0161 dosies pla\u0161\u0101 Latvijas koncertturnej\u0101, kas aizs\u0101ksies ar v\u0113rien\u012bgiem priek\u0161nesumiem vis\u0101 valst\u012b. \u0160ai muzik\u0101lajai ce\u013cojumam izv\u0113l\u0113ts ne vien konkr\u0113ts, bet ar\u012b \u013coti spilgts un nep\u0101rprotams nosaukums \u2013 \u201c100% Lauris Reiniks\u201d. Tas sola izpild\u012bt\u0101ja pilnu atdevi un autentisku kl\u0101tb\u016btni uz skatuves, atgrie\u017eoties pie saviem klaus\u012bt\u0101jiem ar ener\u0123iju un jaun\u0101m emocij\u0101m.<\/p>\n<p>Koncertt\u016bres unikalit\u0101te un Reinika rado\u0161\u0101 transform\u0101cija<\/p>\n<p>\u0160\u012b gaid\u0101m\u0101 koncertturneja ir ne tikai atgrie\u0161an\u0101s p\u0113c pauzes, bet ar\u012b apliecin\u0101jums Reinika nemit\u012bgajai rado\u0161ajai att\u012bst\u012bbai. Nosaukums \u201c100% Lauris Reiniks\u201d v\u0113sta par piln\u012bgu koncentr\u0113\u0161anos uz m\u0101ksliniecisko izpausmi, \u013caujot skat\u012bt\u0101jiem iepaz\u012bt vi\u0146u jaun\u0101 gaism\u0101. P\u0113c ilg\u0101ka laika, kad Reiniks piev\u0113rsies ar\u012b citiem projektiem un TV \u0161ovu vad\u012b\u0161anai, \u0161\u012b t\u016bre k\u013c\u016bs par iesp\u0113ju atkal iepaz\u012bt vi\u0146a daudzpus\u012bgo talantu dzied\u0101t\u0101ja lom\u0101. Tiek sol\u012bts, ka koncertos skan\u0113s gan vi\u0146a jaun\u0101k\u0101s dziesmas, gan ar\u012b visiem iem\u012b\u013cotie hiti, kas izrais\u012bs sirsn\u012bgas atmi\u0146as un kop\u012bgus mirk\u013cus. Reinika karjera ir bijusi bag\u0101ta ar da\u017e\u0101diem posmiem, un \u0161\u012b t\u016bre ir k\u0101 jaunas noda\u013cas s\u0101kums, kas vienlaikus godina pag\u0101tni un raug\u0101s n\u0101kotn\u0113.<\/p>\n<p>Iepriek\u0161\u0113jie pan\u0101kumi un gaid\u0101m\u0101s inov\u0101cijas<\/p>\n<p>Lauris Reiniks ir paz\u012bstams ar savu sp\u0113ju rad\u012bt neaizmirstamus \u0161ovus un aizkustino\u0161as dziesmas. Vi\u0146a iepriek\u0161\u0113j\u0101s koncertturnejas ir guvu\u0161as lielu atsauc\u012bbu un apliecin\u0101ju\u0161as vi\u0146a sp\u0113ju uzrun\u0101t pla\u0161u publiku. \u0160oreiz, atgrie\u017eoties uz skatuves p\u0113c sal\u012bdzino\u0161i ilga p\u0101rtraukuma, tiek prognoz\u0113ts, ka \u201c100% Lauris Reiniks\u201d pied\u0101v\u0101s v\u0113l nebiju\u0161us muzik\u0101lus un vizu\u0101lus baud\u012bjumus. M\u0101kslinieks vienm\u0113r ir tiecies eksperiment\u0113t un mekl\u0113t jaunus veidus, k\u0101 izpausties, un \u0161\u012b t\u016bre nav iz\u0146\u0113mums. Tiek prognoz\u0113ts, ka programma b\u016bs r\u016bp\u012bgi izstr\u0101d\u0101ta, pied\u0101v\u0101jot gan int\u012bmus, gan ar\u012b grandiozus muzik\u0101lus mirk\u013cus, kas liks sird\u012bm pukst\u0113t strauj\u0101k. Var gaid\u012bt gan emocion\u0101las bal\u0101des, gan ar\u012b ener\u0123iskas un deju ritmu pilnas kompoz\u012bcijas, kas vienl\u012bdz\u012bgi iepriecin\u0101s gan vi\u0146a ilglaic\u012bgos fanus, gan ar\u012b jaunus klaus\u012bt\u0101jus.<\/p>\n<p>Turnejas pl\u0101ni un iesp\u0113ja piedz\u012bvot Reinika talantu<\/p>\n<p>Lai gan prec\u012bzs koncertu grafiks un norises vietas tiks izzi\u0146otas v\u0113l\u0101k, jau tagad ir skaidrs, ka \u0161\u012b gaid\u0101m\u0101 koncertturneja b\u016bs viens no pavasara muzik\u0101lajiem notikumiem Latvij\u0101. Reinika atgrie\u0161an\u0101s uz skatuves ir ilgi gaid\u012bts notikums, un vi\u0146a talants ir apliecin\u0101jies gadu gait\u0101 ne tikai m\u016bzik\u0101, bet ar\u012b k\u0101 veiksm\u012bgam TV \u0161ovu vad\u012bt\u0101jam. \u0160\u012b t\u016bre sniegs unik\u0101lu iesp\u0113ju klaus\u012bt\u0101jiem kl\u0101tien\u0113 izbaud\u012bt vi\u0146a harizmu un profesion\u0101lo sniegumu. \u201c100% Lauris Reiniks\u201d sol\u0101s b\u016bt ne tikai koncerts, bet vesels piedz\u012bvojums, kas piepild\u012bs ar pozit\u012bv\u0101m emocij\u0101m un \u013caus atkal iem\u012bl\u0113t latvie\u0161u m\u016bziku. Tiek aicin\u0101ts sekot l\u012bdzi jaunumiem, lai nepalaistu gar\u0101m bi\u013ce\u0161u ieg\u0101des iesp\u0113jas un uzzin\u0101tu par tuv\u0101kajiem koncertiem.<\/p>\n","protected":false},"excerpt":{"rendered":"Jaunumi m\u016bzikas pasaul\u0113: Lauris Reiniks atgrie\u017eas uz skatuves ar grandiozu koncertt\u016bri P\u0113c ilg\u0101ka rado\u0161\u0101s darb\u012bbas p\u0101rtraukuma, popul\u0101rais latvie\u0161u&hellip;\n","protected":false},"author":2,"featured_media":62253,"comment_status":"","ping_status":"","sticky":false,"template":"","format":"standard","meta":{"footnotes":""},"categories":[19],"tags":[89,90,11142,4772,35,39,38,194,36,37,34,4484,12443,40],"class_list":{"0":"post-62252","1":"post","2":"type-post","3":"status-publish","4":"format-standard","5":"has-post-thumbnail","7":"category-izklaide","8":"tag-entertainment","9":"tag-izklaide","10":"tag-jaunais-albums","11":"tag-koncertturneja","12":"tag-latvia","13":"tag-latvian","14":"tag-latviesu","15":"tag-latviesu-muzika","16":"tag-latviesu-valoda","17":"tag-latviesuvaloda","18":"tag-latvija","19":"tag-latvijas-koncerti","20":"tag-lauris-reiniks","21":"tag-lv"},"share_on_mastodon":{"url":"https:\/\/pubeurope.com\/@lv\/115640445434625394","error":""},"_links":{"self":[{"href":"https:\/\/www.europesays.com\/lv\/wp-json\/wp\/v2\/posts\/62252","targetHints":{"allow":["GET"]}}],"collection":[{"href":"https:\/\/www.europesays.com\/lv\/wp-json\/wp\/v2\/posts"}],"about":[{"href":"https:\/\/www.europesays.com\/lv\/wp-json\/wp\/v2\/types\/post"}],"author":[{"embeddable":true,"href":"https:\/\/www.europesays.com\/lv\/wp-json\/wp\/v2\/users\/2"}],"replies":[{"embeddable":true,"href":"https:\/\/www.europesays.com\/lv\/wp-json\/wp\/v2\/comments?post=62252"}],"version-history":[{"count":0,"href":"https:\/\/www.europesays.com\/lv\/wp-json\/wp\/v2\/posts\/62252\/revisions"}],"wp:featuredmedia":[{"embeddable":true,"href":"https:\/\/www.europesays.com\/lv\/wp-json\/wp\/v2\/media\/62253"}],"wp:attachment":[{"href":"https:\/\/www.europesays.com\/lv\/wp-json\/wp\/v2\/media?parent=62252"}],"wp:term":[{"taxonomy":"category","embeddable":true,"href":"https:\/\/www.europesays.com\/lv\/wp-json\/wp\/v2\/categories?post=62252"},{"taxonomy":"post_tag","embeddable":true,"href":"https:\/\/www.europesays.com\/lv\/wp-json\/wp\/v2\/tags?post=62252"}],"curies":[{"name":"wp","href":"https:\/\/api.w.org\/{rel}","templated":true}]}}