{"id":62270,"date":"2025-11-30T20:45:10","date_gmt":"2025-11-30T20:45:10","guid":{"rendered":"https:\/\/www.europesays.com\/lv\/62270\/"},"modified":"2025-11-30T20:45:10","modified_gmt":"2025-11-30T20:45:10","slug":"video-%e2%9f%a9-bunkus-slepkavibas-lieta-aizstaviba-prasa-atcelt-1-instances-lietas-spriedumu-2","status":"publish","type":"post","link":"https:\/\/www.europesays.com\/lv\/62270\/","title":{"rendered":"VIDEO \u27e9 Bunkus slepkav\u012bbas liet\u0101 aizst\u0101v\u012bba prasa atcelt 1. instances lietas spriedumu"},"content":{"rendered":"<p>Prokurors noraida aps\u016bdz\u012bbas versiju par k\u0101diem p\u0101rk\u0101pumiem. Gan sa\u012bsin\u0101tais, gan pilnais sprieduma ori\u0123in\u0101ls ir ar roku parakst\u012bti dokuments. (Jo tiesnesis jau to lasa tiesas z\u0101l\u0113). Un tas izsl\u0113dz tiesas apspriedes nosl\u0113puma p\u0101rk\u0101pumu. Nol\u0113mumi, kas s\u016bt\u012bti elektroniski, ir tikai atvasin\u0101jumi. Nevienam nav \u0161aubu, ka sprieduma failu izveidojusi tiesnese Sigita Dolniece un p\u0113c sa\u012bsin\u0101t\u0101 sprieduma nolas\u012b\u0161anas vi\u0146ai bija 7 min\u016btes laika, kad vi\u0146a \u0161o failu ar\u012b elektroniski parakst\u012bja un tas tika nos\u016bt\u012bts lietas dal\u012bbniekiem.<\/p>\n<p>&#8220;Nek\u0101 person\u012bga&#8221; zin\u0101ms, ka gaid\u0101mas izmai\u0146as aps\u016bdz\u0113t\u0101 Mihaila U\u013cmana advok\u0101tu sast\u0101v\u0101. Ties\u0101 sa\u0146emts zv\u0113rin\u0101ta advok\u0101ta Egona Rusanova un v\u0113l vair\u0101ku vi\u0146a biroja darbnieku orderi. Atg\u0101din\u0101m, ka Rusanovs bija U\u013cmana biznesa partnera Aleksandra Babenko d\u0113la advok\u0101ts. Artjomu Babenko p\u0113rn aiztur\u0113ja aizdom\u0101s par iesp\u0113jamu policista Rom\u0101na Ja\u0161ina slepkav\u012bbas gatavo\u0161anu. Pirms policija paguva piem\u0113rot jaunu dro\u0161\u012bbas l\u012bdzekli, Babenko juniors Latviju pameta un p\u0113c likumsargu zi\u0146\u0101m, dev\u0101s uz Baltkrieviju .<\/p>\n<p>Ar\u012b cietu\u0161ie l\u016bdz \u0161o jaut\u0101jumu par lietas atgrie\u0161anu pirmajai instancei tiesu tagad neizlemt, jo taj\u0101 var sl\u0113pties &#8220;zem\u016bdens akme\u0146i&#8221;. Jo var rad\u012bt priek\u0161tatu, ka tiesas sast\u0101vam jau ir radies viedoklis par apel\u0101cijas s\u016bdz\u012bb\u0101s iek\u013cautiem jaut\u0101jumiem, v\u0113l nemaz neuzs\u0101kot apspriedi. Un to aizst\u0101vji var izmantot sav\u0101s interes\u0113s Kas\u0101cijas instanc\u0113.<\/p>\n","protected":false},"excerpt":{"rendered":"Prokurors noraida aps\u016bdz\u012bbas versiju par k\u0101diem p\u0101rk\u0101pumiem. Gan sa\u012bsin\u0101tais, gan pilnais sprieduma ori\u0123in\u0101ls ir ar roku parakst\u012bti dokuments.&hellip;\n","protected":false},"author":2,"featured_media":62212,"comment_status":"","ping_status":"","sticky":false,"template":"","format":"standard","meta":{"footnotes":""},"categories":[5],"tags":[23,28,29,32,33,6277,22,30,31,35,39,38,36,37,34,40,7139,20,26,27,595,24,25,21],"class_list":{"0":"post-62270","1":"post","2":"type-post","3":"status-publish","4":"format-standard","5":"has-post-thumbnail","7":"category-aktualitates","8":"tag-aktualitates","9":"tag-breaking-news","10":"tag-breakingnews","11":"tag-featured-news","12":"tag-featurednews","13":"tag-gunars-kutris","14":"tag-headlines","15":"tag-latest-news","16":"tag-latestnews","17":"tag-latvia","18":"tag-latvian","19":"tag-latviesu","20":"tag-latviesu-valoda","21":"tag-latviesuvaloda","22":"tag-latvija","23":"tag-lv","24":"tag-martins-bunkus","25":"tag-news","26":"tag-popularakas-zinas","27":"tag-popularakaszinas","28":"tag-slepkaviba","29":"tag-top-stories","30":"tag-topstories","31":"tag-zinas"},"share_on_mastodon":{"url":"https:\/\/pubeurope.com\/@lv\/115640606578168617","error":""},"_links":{"self":[{"href":"https:\/\/www.europesays.com\/lv\/wp-json\/wp\/v2\/posts\/62270","targetHints":{"allow":["GET"]}}],"collection":[{"href":"https:\/\/www.europesays.com\/lv\/wp-json\/wp\/v2\/posts"}],"about":[{"href":"https:\/\/www.europesays.com\/lv\/wp-json\/wp\/v2\/types\/post"}],"author":[{"embeddable":true,"href":"https:\/\/www.europesays.com\/lv\/wp-json\/wp\/v2\/users\/2"}],"replies":[{"embeddable":true,"href":"https:\/\/www.europesays.com\/lv\/wp-json\/wp\/v2\/comments?post=62270"}],"version-history":[{"count":0,"href":"https:\/\/www.europesays.com\/lv\/wp-json\/wp\/v2\/posts\/62270\/revisions"}],"wp:featuredmedia":[{"embeddable":true,"href":"https:\/\/www.europesays.com\/lv\/wp-json\/wp\/v2\/media\/62212"}],"wp:attachment":[{"href":"https:\/\/www.europesays.com\/lv\/wp-json\/wp\/v2\/media?parent=62270"}],"wp:term":[{"taxonomy":"category","embeddable":true,"href":"https:\/\/www.europesays.com\/lv\/wp-json\/wp\/v2\/categories?post=62270"},{"taxonomy":"post_tag","embeddable":true,"href":"https:\/\/www.europesays.com\/lv\/wp-json\/wp\/v2\/tags?post=62270"}],"curies":[{"name":"wp","href":"https:\/\/api.w.org\/{rel}","templated":true}]}}