{"id":62275,"date":"2025-11-30T20:56:15","date_gmt":"2025-11-30T20:56:15","guid":{"rendered":"https:\/\/www.europesays.com\/lv\/62275\/"},"modified":"2025-11-30T20:56:15","modified_gmt":"2025-11-30T20:56:15","slug":"latvijas-luksusa-projekts-sanem-balvu-prestiza-eiropas-konkursa","status":"publish","type":"post","link":"https:\/\/www.europesays.com\/lv\/62275\/","title":{"rendered":"Latvijas luksusa projekts sa\u0146em balvu presti\u017e\u0101 Eiropas konkurs\u0101"},"content":{"rendered":"<p>Luksusa projekts J\u016brmal\u0101 &#8220;Noble&#8221; sa\u0146\u0113mis Eiropas lab\u0101k\u0101 projekta balvu presti\u017eaj\u0101 &#8220;International Property Award&#8221; konkurs\u0101 kategorij\u0101 &#8220;Lab\u0101kais Dz\u012bvojamais projekts, 10-19 apartamenti&#8221;. <\/p>\n<p>&#8220;International Property Awards&#8221; godina izcil\u012bbu arhitekt\u016br\u0101, dizain\u0101 un att\u012bst\u012bb\u0101. Balva ir pasaul\u0113 atz\u012bts izcil\u012bbas apliecin\u0101jums. Projektus v\u0113rt\u0113 neatkar\u012bga starptautiska \u017e\u016brija, kas sast\u0101v no 100 profesion\u0101\u013ciem nekustam\u0101 \u012bpa\u0161uma, dizaina un m\u0101rketinga jom\u0101s. Apbalvojumi tiek pie\u0161\u0137irti, nov\u0113rt\u0113jot projektu dizaina, b\u016bvniec\u012bbas un prezent\u0101cijas kvalit\u0101ti. <\/p>\n<p>&#8220;Noble&#8221;  arhitekt\u016bru un publisko telpu \u2013 spa kompleksa, vestibila, fitnesa z\u0101les \u2013, k\u0101 ar\u012b demo dz\u012bvok\u013ca un penthausa interjerus veidojis birojs &#8220;OAD&#8221; arhitektes Zanes Teteres-\u0160ulces vad\u012bb\u0101. Dz\u012bvok\u013cu interjerus izstr\u0101d\u0101ju\u0161i ar\u012b &#8220;Krassky Design Studio&#8221; un &#8220;SOG Interiors&#8221;. Teritorijas labiek\u0101rtojuma koncepciju veidoja &#8220;Galantus&#8221;. B\u016bvdarbus veic &#8220;Pilnsabiedr\u012bba 3A&#8221;, kas sa\u0146\u0113musi vair\u0101kas balvas konkur\u0101 &#8220;Gada lab\u0101k\u0101 b\u016bve&#8221;. Projekta z\u012bmolu, vizu\u0101lo identit\u0101ti un t\u012bmek\u013ca vietnes dizainu veidojis arhitekt\u016bras, pl\u0101no\u0161anas un dizaina birojs &#8220;Umagamma&#8221;. <\/p>\n<p class=\"m-0\">Seko &#8220;Delfi&#8221; ar\u012b  <a target=\"_blank\" href=\"https:\/\/www.instagram.com\/delfi.lv\/\" rel=\"nofollow noopener\">Instagram<\/a>  un <a target=\"_blank\" href=\"https:\/\/www.youtube.com\/channel\/UCw5foWtcJvAbUm64rv7jwUQ\" rel=\"nofollow noopener\">YouTube<\/a>  profil\u0101 \u2013 pievienojies, lai uzzin\u0101tu svar\u012bg\u0101ko un interesant\u0101ko pirmais!<\/p>\n<p>Publik\u0101cijas saturs vai t\u0101s jebk\u0101da apjoma da\u013ca ir aizsarg\u0101ts autorties\u012bbu objekts Autorties\u012bbu likuma izpratn\u0113, un t\u0101 izmanto\u0161ana bez izdev\u0113ja at\u013caujas ir aizliegta. Vair\u0101k lasi  <a target=\"_blank\" href=\"https:\/\/www.delfi.lv\/noteikumi#autortiesibas\" rel=\"nofollow noopener\">\u0161eit<\/a><script async src=\"\/\/www.instagram.com\/embed.js\"><\/script><\/p>\n","protected":false},"excerpt":{"rendered":"Luksusa projekts J\u016brmal\u0101 &#8220;Noble&#8221; sa\u0146\u0113mis Eiropas lab\u0101k\u0101 projekta balvu presti\u017eaj\u0101 &#8220;International Property Award&#8221; konkurs\u0101 kategorij\u0101 &#8220;Lab\u0101kais Dz\u012bvojamais projekts,&hellip;\n","protected":false},"author":2,"featured_media":62276,"comment_status":"","ping_status":"","sticky":false,"template":"","format":"standard","meta":{"footnotes":""},"categories":[12],"tags":[23,28,29,7221,32,33,22,30,31,35,39,38,36,37,34,40,20,26,27,24,25,21],"class_list":{"0":"post-62275","1":"post","2":"type-post","3":"status-publish","4":"format-standard","5":"has-post-thumbnail","7":"category-latvija","8":"tag-aktualitates","9":"tag-breaking-news","10":"tag-breakingnews","11":"tag-eiropas-zinas","12":"tag-featured-news","13":"tag-featurednews","14":"tag-headlines","15":"tag-latest-news","16":"tag-latestnews","17":"tag-latvia","18":"tag-latvian","19":"tag-latviesu","20":"tag-latviesu-valoda","21":"tag-latviesuvaloda","22":"tag-latvija","23":"tag-lv","24":"tag-news","25":"tag-popularakas-zinas","26":"tag-popularakaszinas","27":"tag-top-stories","28":"tag-topstories","29":"tag-zinas"},"share_on_mastodon":{"url":"https:\/\/pubeurope.com\/@lv\/115640650037278789","error":""},"_links":{"self":[{"href":"https:\/\/www.europesays.com\/lv\/wp-json\/wp\/v2\/posts\/62275","targetHints":{"allow":["GET"]}}],"collection":[{"href":"https:\/\/www.europesays.com\/lv\/wp-json\/wp\/v2\/posts"}],"about":[{"href":"https:\/\/www.europesays.com\/lv\/wp-json\/wp\/v2\/types\/post"}],"author":[{"embeddable":true,"href":"https:\/\/www.europesays.com\/lv\/wp-json\/wp\/v2\/users\/2"}],"replies":[{"embeddable":true,"href":"https:\/\/www.europesays.com\/lv\/wp-json\/wp\/v2\/comments?post=62275"}],"version-history":[{"count":0,"href":"https:\/\/www.europesays.com\/lv\/wp-json\/wp\/v2\/posts\/62275\/revisions"}],"wp:featuredmedia":[{"embeddable":true,"href":"https:\/\/www.europesays.com\/lv\/wp-json\/wp\/v2\/media\/62276"}],"wp:attachment":[{"href":"https:\/\/www.europesays.com\/lv\/wp-json\/wp\/v2\/media?parent=62275"}],"wp:term":[{"taxonomy":"category","embeddable":true,"href":"https:\/\/www.europesays.com\/lv\/wp-json\/wp\/v2\/categories?post=62275"},{"taxonomy":"post_tag","embeddable":true,"href":"https:\/\/www.europesays.com\/lv\/wp-json\/wp\/v2\/tags?post=62275"}],"curies":[{"name":"wp","href":"https:\/\/api.w.org\/{rel}","templated":true}]}}