{"id":62308,"date":"2025-11-30T21:45:11","date_gmt":"2025-11-30T21:45:11","guid":{"rendered":"https:\/\/www.europesays.com\/lv\/62308\/"},"modified":"2025-11-30T21:45:11","modified_gmt":"2025-11-30T21:45:11","slug":"meteorologi-iepazistina-ar-laika-prognozi-novembra-nosledzosajai-dienai-1188-lv","status":"publish","type":"post","link":"https:\/\/www.europesays.com\/lv\/62308\/","title":{"rendered":"Meteorologi iepaz\u012bstina ar laika prognozi novembra nosl\u0113dzo\u0161ajai dienai &#8211; 1188.lv"},"content":{"rendered":"<ol>\n<li><a href=\"https:\/\/news.google.com\/rss\/articles\/CBMiqAFBVV95cUxQdDdDWGtNdEZJXzNkbHMzdXcyWUoyYlhLSUZzQm41dTRXNVNYdWxySmxlSHoyU09SZzZkMy1URXVyeXBBT0dMVW1LdWR4UklpeW9FZGFaSmQ3WUFYMTZjYi1BNnkyaXUxdm9vSlljVTV0bE1Jdm1oOHNkVnFFam5fcFVNUy1RSHBOdmJkdmEtRFJUWWlONjRqMWhRQlo5ekh2MFNJaEJqdDk?oc=5\" target=\"_blank\" rel=\"nofollow noopener\">Meteorologi iepaz\u012bstina ar laika prognozi novembra nosl\u0113dzo\u0161ajai dienai<\/a>&nbsp;&nbsp;1188.lv<\/li>\n<li><a href=\"https:\/\/news.google.com\/rss\/articles\/CBMimgFBVV95cUxPOG5hZnB2R09aeUp1WTFweC1ZNnRkUGo4RTJMOGU3dldCMjl5UUtvNG9WTTB4RHEtc29TQ2VKNjctekVkTjdNZFluR2J1ZUlBcnhDWG00WVRMTzhMY1h2MS1PM05jZzFveWJYRVFocngzS0pPX2ZEUk1YYUpLQi0tY0xNaUZHTG1xRDJ2WUtSX21qNm5hdHN4YkJn?oc=5\" target=\"_blank\" rel=\"nofollow noopener\">Ar\u012b sv\u0113tdien autoce\u013ci viet\u0101m apledos<\/a>&nbsp;&nbsp;Delfi<\/li>\n<li><a href=\"https:\/\/news.google.com\/rss\/articles\/CBMiqwFBVV95cUxPckdVVWRDU1JnVnI2SWV2V3VJcFlidHZlTDFYc3BHalNGM3hIUVl6NzdhQWpTb2FoOENjdGNKZDdRVW8tWnFfZURoOGxBSjJveW9aNEd3UWJULXo0djF4cEZKclU4dldpWVo1bmtYVnRmOHhoWEc2TVJFdklsR0RVLVhnUGhZS2pRZ1JWSU4wWjFVeVpvUUlRN3FkaVd3TnhtTFdnaVE1Nm1zWE0?oc=5\" target=\"_blank\" rel=\"nofollow noopener\">Zi\u0146as vieglaj\u0101 valod\u0101 29. novembr\u012b \/ Raksts<\/a>&nbsp;&nbsp;LSM<\/li>\n<li><a href=\"https:\/\/news.google.com\/rss\/articles\/CBMieEFVX3lxTFBYMC1CVFloV3VqMDNlSHliUE9nZUhZYVN3b2FrTzF3bm13WldVeHpIaEFLdTdudnhHbUlicXljOGs5ekcwTE4wdDhlOWZ0TUVQLWd4VXh0bzJENXJSS3FjZ0wzREpVdjBOZ1RabWdtWFc5S0V2VmtpZA?oc=5\" target=\"_blank\" rel=\"nofollow noopener\">Sv\u0113tdien nav gaid\u0101mi iev\u0113rojami nokri\u0161\u0146i<\/a>&nbsp;&nbsp;TVNET<\/li>\n<li><a href=\"https:\/\/news.google.com\/rss\/articles\/CBMilgFBVV95cUxOZi01UUJ5T2NpMHZUbWhIek1qRzZGQ25sWW1uNHJaLWE4VlVta1Q4Rm9BT2o2bmVwY3B4QVpPNk1wWF91OURXb3VyUDA5VkZfeVRpdHBac0FlekdqMkxuWG5IZ1VsZFhZcG1UbEhhOWVUdHFDVDlPdEVPaWlmSzJuUlVRM09PaTFiVkg5XzI4N0dzcWFqTXc?oc=5\" target=\"_blank\" rel=\"nofollow noopener\">Da\u013c\u0101 Vidzemes apgr\u016btin\u0101ta brauk\u0161ana pa galvenajiem autoce\u013ciem<\/a>&nbsp;&nbsp;Apollo.lv<\/li>\n<\/ol>\n","protected":false},"excerpt":{"rendered":"Meteorologi iepaz\u012bstina ar laika prognozi novembra nosl\u0113dzo\u0161ajai dienai&nbsp;&nbsp;1188.lv Ar\u012b sv\u0113tdien autoce\u013ci viet\u0101m apledos&nbsp;&nbsp;Delfi Zi\u0146as vieglaj\u0101 valod\u0101 29. novembr\u012b&hellip;\n","protected":false},"author":2,"featured_media":62309,"comment_status":"","ping_status":"","sticky":false,"template":"","format":"standard","meta":{"footnotes":""},"categories":[5],"tags":[129,1395,3333,23,28,29,32,33,22,30,31,35,39,38,36,37,34,40,20,26,27,3334,3179,3335,3180,24,25,21],"class_list":{"0":"post-62308","1":"post","2":"type-post","3":"status-publish","4":"format-standard","5":"has-post-thumbnail","7":"category-aktualitates","8":"tag-__typenameadvicekeyword","9":"tag-id408","10":"tag-id563","11":"tag-aktualitates","12":"tag-breaking-news","13":"tag-breakingnews","14":"tag-featured-news","15":"tag-featurednews","16":"tag-headlines","17":"tag-latest-news","18":"tag-latestnews","19":"tag-latvia","20":"tag-latvian","21":"tag-latviesu","22":"tag-latviesu-valoda","23":"tag-latviesuvaloda","24":"tag-latvija","25":"tag-lv","26":"tag-news","27":"tag-popularakas-zinas","28":"tag-popularakaszinas","29":"tag-sluglaika-zina","30":"tag-slugweather","31":"tag-titlelaika-zina","32":"tag-titleweather","33":"tag-top-stories","34":"tag-topstories","35":"tag-zinas"},"share_on_mastodon":{"url":"https:\/\/pubeurope.com\/@lv\/115640842497111741","error":""},"_links":{"self":[{"href":"https:\/\/www.europesays.com\/lv\/wp-json\/wp\/v2\/posts\/62308","targetHints":{"allow":["GET"]}}],"collection":[{"href":"https:\/\/www.europesays.com\/lv\/wp-json\/wp\/v2\/posts"}],"about":[{"href":"https:\/\/www.europesays.com\/lv\/wp-json\/wp\/v2\/types\/post"}],"author":[{"embeddable":true,"href":"https:\/\/www.europesays.com\/lv\/wp-json\/wp\/v2\/users\/2"}],"replies":[{"embeddable":true,"href":"https:\/\/www.europesays.com\/lv\/wp-json\/wp\/v2\/comments?post=62308"}],"version-history":[{"count":0,"href":"https:\/\/www.europesays.com\/lv\/wp-json\/wp\/v2\/posts\/62308\/revisions"}],"wp:featuredmedia":[{"embeddable":true,"href":"https:\/\/www.europesays.com\/lv\/wp-json\/wp\/v2\/media\/62309"}],"wp:attachment":[{"href":"https:\/\/www.europesays.com\/lv\/wp-json\/wp\/v2\/media?parent=62308"}],"wp:term":[{"taxonomy":"category","embeddable":true,"href":"https:\/\/www.europesays.com\/lv\/wp-json\/wp\/v2\/categories?post=62308"},{"taxonomy":"post_tag","embeddable":true,"href":"https:\/\/www.europesays.com\/lv\/wp-json\/wp\/v2\/tags?post=62308"}],"curies":[{"name":"wp","href":"https:\/\/api.w.org\/{rel}","templated":true}]}}