{"id":62362,"date":"2025-11-30T23:58:08","date_gmt":"2025-11-30T23:58:08","guid":{"rendered":"https:\/\/www.europesays.com\/lv\/62362\/"},"modified":"2025-11-30T23:58:08","modified_gmt":"2025-11-30T23:58:08","slug":"unikals-vokals-un-pasaules-slava-lente-lv","status":"publish","type":"post","link":"https:\/\/www.europesays.com\/lv\/62362\/","title":{"rendered":"unik\u0101ls vok\u0101ls un pasaules slava\u00a0\u2014\u00a0Lente.lv"},"content":{"rendered":"<p>Pasaules slavenais dzied\u0101t\u0101js Dim\u0101\u0161s Kudaibergens uzst\u0101sies R\u012bg\u0101<\/p>\n<p>Pasaul\u0113 paz\u012bstamais Kazahst\u0101nas dzied\u0101t\u0101js Dim\u0101\u0161s Kudaibergens, kura unik\u0101l\u0101s vok\u0101l\u0101s sp\u0113jas ir iekaroju\u0161as miljoniem sirdis vis\u0101 pasaul\u0113, sniegs grandiozu koncertu R\u012bg\u0101. 2025. gada 12. decembr\u012b \u201cXiaomi Ar\u0113n\u0101\u201d (iepriek\u0161 zin\u0101ma k\u0101 \u201cAr\u0113na R\u012bga\u201d) notiks vi\u0146a pla\u0161i gaid\u012btais \u0161ovs \u201cStranger\u201d.<\/p>\n<p>Unik\u0101ls talants un pla\u0161a balss amplit\u016bda<\/p>\n<p>Dim\u0101\u0161s Kudaibergens ir m\u0101kslinieks, kura bals\u012b vienlaikus skan baritons, tenors un pat alt\u012bno, demonstr\u0113jot neticamu vok\u0101lo meistar\u012bbu. Vi\u0146a balss aptver gandr\u012bz visu klavieru diapazonu, un pat p\u0101rsniedz to, sp\u0113jot vienlaic\u012bgi izpild\u012bt dziesmas devi\u0146\u0101s valod\u0101s. Dzied\u0101t\u0101js br\u012bvi p\u0101rvietojas starp da\u017e\u0101diem \u017eanriem \u2013 no operas l\u012bdz repam, no roka l\u012bdz tautas m\u016bzikai, izmantojot krossovera tehniku, kas padara vi\u0146a priek\u0161nesumus patiesi aizraujo\u0161us un neaizmirstamus. Vi\u0146a vok\u0101l\u0101 amplit\u016bda ir patie\u0161\u0101m iespaid\u012bga, sniedzoties no zem\u0101kaj\u0101m not\u012bm kr\u016bt\u012bs l\u012bdz pat augst\u0101kaj\u0101m falseta not\u012bm, un tiek v\u0113rt\u0113ta k\u0101 se\u0161as okt\u0101vas ar diviem pus so\u013ciem, kas ir reti sastopams talants m\u016bsdienu m\u016bzikas pasaul\u0113.<\/p>\n<p>Karjeras s\u0101kums un starptautisk\u0101 atzin\u012bba<\/p>\n<p>Dim\u0101\u0161s savu pirmo reizi uz skatuves k\u0101pa jau divu gadu vecum\u0101, un vi\u0146a talants tika kopts no b\u0113rn\u012bbas, pateicoties vi\u0146a vec\u0101kiem, kuri abi ir Kazahst\u0101nas nopelniem bag\u0101ti dzied\u0101t\u0101ji.  Vi\u0146\u0161 regul\u0101ri piedal\u012bj\u0101s koncertos un konkursos, apg\u016bstot da\u017e\u0101dus m\u016bzikas instrumentus un pat radot savus aran\u017e\u0113jumus.  Patiesa starptautiska atzin\u012bba Dim\u0101\u0161am atn\u0101ca p\u0113c dal\u012bbas \u0136\u012bnas telev\u012bzijas \u0161ov\u0101 \u201cSinger\u201d, kur vi\u0146\u0161, b\u016bdams 22 gadus vecs, k\u013cuva par jaun\u0101ko dal\u012bbnieku \u0161ova v\u0113stur\u0113 un ieguva 2. vietu.  \u0160is pan\u0101kums atv\u0113ra durvis uz pla\u0161\u0101ku auditoriju \u0100zij\u0101, veicinot vi\u0146a popularit\u0101tes strauju pieaugumu.  Vi\u0146\u0161 ir sa\u0146\u0113mis daudzas noz\u012bm\u012bgas balvas Kazahst\u0101n\u0101, bet \u0136\u012bn\u0101 vi\u0146u atzinu\u0161i par \u201c\u0100zijas popul\u0101r\u0101ko dzied\u0101t\u0101ju\u201d (Top Chinese Music Awards) un \u201cLab\u0101ko \u0101rvalstu dzied\u0101t\u0101ju\u201d (MTV Global Chinese Music Awards).<\/p>\n<p>Koncerts R\u012bg\u0101 \u2013 \u201cStranger\u201d<\/p>\n<p>\u0160is gaid\u0101mais koncerts R\u012bg\u0101, kas ir da\u013ca no vi\u0146a \u201cStranger\u201d pasaules koncertt\u016bres, sol\u0101s b\u016bt \u012bpa\u0161s notikums. Dim\u0101\u0161s izpild\u012bs gan savus lab\u0101kos un popul\u0101r\u0101kos darbus, gan ar\u012b prezent\u0113s pavisam jaunu, svaigu materi\u0101lu, sag\u0101d\u0101jot klaus\u012bt\u0101jiem muzik\u0101lu baud\u012bjumu. Vi\u0146a koncerti ir paz\u012bstami ar iespaid\u012bgu uzvedumu un dzi\u013cu emocion\u0101lo pies\u0101tin\u0101jumu, pulc\u0113jot t\u016bksto\u0161iem fanu ne tikai no Latvijas, bet ar\u012b no cit\u0101m valst\u012bm. Pirms tam Dim\u0101\u0161s jau ir uzst\u0101jies Latvij\u0101 2020. gad\u0101 lielt\u016bres \u201cArnau\u201d ietvaros, un vi\u0146a atgrie\u0161an\u0101s R\u012bg\u0101 tiek \u013coti gaid\u012bta.<\/p>\n<p>Dim\u0101\u0161a ietekme un sadarb\u012bbas<\/p>\n<p>Dim\u0101\u0161am ir fanu klubi 114 pasaules valst\u012bs, kas apliecina vi\u0146a glob\u0101lo popularit\u0101ti.  Vi\u0146a karjeras laik\u0101 vi\u0146\u0161 ir sadarbojies ar t\u0101diem pasaul\u0113 atz\u012btiem m\u016bzi\u0137iem k\u0101 Hos\u0113 Karerass un Plasido Domingo, k\u0101 ar\u012b ar pasaulslaveniem producentiem, piem\u0113ram, Volteru Afanasieffu, kur\u0161 str\u0101d\u0101jis ar t\u0101d\u0101m zvaigzn\u0113m k\u0101 Vitnija Hj\u016bstone un Marija Kerija. Dim\u0101\u0161a sp\u0113ja rad\u012bt m\u016bziku da\u017e\u0101d\u0101s valod\u0101s un \u017eanros, vienlaikus saglab\u0101jot savu unik\u0101lo stilu, padara vi\u0146u par patiesu m\u016bsdienu m\u016bzikas fenomenu. Vi\u0146a m\u016bzik\u0101 bie\u017ei vien j\u016btamas tradicion\u0101lo Kazahst\u0101nas instrumentu ska\u0146as, t\u0101d\u0113j\u0101di iepaz\u012bstinot klaus\u012bt\u0101jus ar savas dzimtenes kult\u016bru.<\/p>\n","protected":false},"excerpt":{"rendered":"Pasaules slavenais dzied\u0101t\u0101js Dim\u0101\u0161s Kudaibergens uzst\u0101sies R\u012bg\u0101 Pasaul\u0113 paz\u012bstamais Kazahst\u0101nas dzied\u0101t\u0101js Dim\u0101\u0161s Kudaibergens, kura unik\u0101l\u0101s vok\u0101l\u0101s sp\u0113jas ir&hellip;\n","protected":false},"author":2,"featured_media":62363,"comment_status":"","ping_status":"","sticky":false,"template":"","format":"standard","meta":{"footnotes":""},"categories":[19],"tags":[5957,89,90,656,35,39,38,36,37,34,40,16399,3718,16398],"class_list":{"0":"post-62362","1":"post","2":"type-post","3":"status-publish","4":"format-standard","5":"has-post-thumbnail","7":"category-izklaide","8":"tag-dimass-kudaibergens","9":"tag-entertainment","10":"tag-izklaide","11":"tag-koncerts-riga","12":"tag-latvia","13":"tag-latvian","14":"tag-latviesu","15":"tag-latviesu-valoda","16":"tag-latviesuvaloda","17":"tag-latvija","18":"tag-lv","19":"tag-pasaules-slavenais-dziedatajs","20":"tag-stranger","21":"tag-vokalas-spejas"},"share_on_mastodon":{"url":"https:\/\/pubeurope.com\/@lv\/115641365519002784","error":""},"_links":{"self":[{"href":"https:\/\/www.europesays.com\/lv\/wp-json\/wp\/v2\/posts\/62362","targetHints":{"allow":["GET"]}}],"collection":[{"href":"https:\/\/www.europesays.com\/lv\/wp-json\/wp\/v2\/posts"}],"about":[{"href":"https:\/\/www.europesays.com\/lv\/wp-json\/wp\/v2\/types\/post"}],"author":[{"embeddable":true,"href":"https:\/\/www.europesays.com\/lv\/wp-json\/wp\/v2\/users\/2"}],"replies":[{"embeddable":true,"href":"https:\/\/www.europesays.com\/lv\/wp-json\/wp\/v2\/comments?post=62362"}],"version-history":[{"count":0,"href":"https:\/\/www.europesays.com\/lv\/wp-json\/wp\/v2\/posts\/62362\/revisions"}],"wp:featuredmedia":[{"embeddable":true,"href":"https:\/\/www.europesays.com\/lv\/wp-json\/wp\/v2\/media\/62363"}],"wp:attachment":[{"href":"https:\/\/www.europesays.com\/lv\/wp-json\/wp\/v2\/media?parent=62362"}],"wp:term":[{"taxonomy":"category","embeddable":true,"href":"https:\/\/www.europesays.com\/lv\/wp-json\/wp\/v2\/categories?post=62362"},{"taxonomy":"post_tag","embeddable":true,"href":"https:\/\/www.europesays.com\/lv\/wp-json\/wp\/v2\/tags?post=62362"}],"curies":[{"name":"wp","href":"https:\/\/api.w.org\/{rel}","templated":true}]}}