{"id":62405,"date":"2025-12-01T03:13:16","date_gmt":"2025-12-01T03:13:16","guid":{"rendered":"https:\/\/www.europesays.com\/lv\/62405\/"},"modified":"2025-12-01T03:13:16","modified_gmt":"2025-12-01T03:13:16","slug":"tramps-un-epstina-dokumenti-kapec-tie-tik-loti-supo-asv-prezidenta-kreslu","status":"publish","type":"post","link":"https:\/\/www.europesays.com\/lv\/62405\/","title":{"rendered":"Tramps un Epst\u012bna dokumenti. K\u0101p\u0113c tie tik \u013coti \u0161\u016bpo ASV prezidenta kr\u0113slu?"},"content":{"rendered":"<p>Septembr\u012b, kad Tramps v\u0113l nebija main\u012bjis savu nost\u0101ju, viena no aptauj\u0101m liecin\u0101ja, ka piln\u012bgu dokumentu public\u0113\u0161anu, aizkl\u0101jot vien\u012bgi upuru v\u0101rdus, atbalst\u012bja 67% re\u0123istr\u0113to republik\u0101\u0146u v\u0113l\u0113t\u0101ju, kam\u0113r v\u0113l 18% atbalst\u012bja da\u013c\u0113ju dokumentu publik\u0101ciju. &#8220;Atkl\u0101t\u012bba par to, kas noticis, v\u0113l\u0113t\u0101jiem ir \u013coti svar\u012bga,&#8221; sarun\u0101 ar britu sabiedrisko raidorganiz\u0101ciju BBC nor\u0101da \u0145\u016bhemp\u0161\u012bras Republik\u0101\u0146u partijas biju\u0161ais priek\u0161s\u0113d\u0113t\u0101js Kriss Egers. Vi\u0146\u0161 apgalvo, ka tas liecinot par vesel\u012bgu partiju, kas, past\u0101vot domstarp\u012bb\u0101m, sp\u0113j non\u0101kt pie risin\u0101juma, kas faktiski visus apmierina.<\/p>\n","protected":false},"excerpt":{"rendered":"Septembr\u012b, kad Tramps v\u0113l nebija main\u012bjis savu nost\u0101ju, viena no aptauj\u0101m liecin\u0101ja, ka piln\u012bgu dokumentu public\u0113\u0161anu, aizkl\u0101jot vien\u012bgi&hellip;\n","protected":false},"author":2,"featured_media":62406,"comment_status":"","ping_status":"","sticky":false,"template":"","format":"standard","meta":{"footnotes":""},"categories":[14],"tags":[23,57,28,29,32,33,22,30,31,35,39,38,36,37,34,40,20,26,27,24,25,54,55,56,21,58],"class_list":{"0":"post-62405","1":"post","2":"type-post","3":"status-publish","4":"format-standard","5":"has-post-thumbnail","7":"category-zinas-no-arvalstim","8":"tag-aktualitates","9":"tag-arvalstim","10":"tag-breaking-news","11":"tag-breakingnews","12":"tag-featured-news","13":"tag-featurednews","14":"tag-headlines","15":"tag-latest-news","16":"tag-latestnews","17":"tag-latvia","18":"tag-latvian","19":"tag-latviesu","20":"tag-latviesu-valoda","21":"tag-latviesuvaloda","22":"tag-latvija","23":"tag-lv","24":"tag-news","25":"tag-popularakas-zinas","26":"tag-popularakaszinas","27":"tag-top-stories","28":"tag-topstories","29":"tag-world","30":"tag-world-news","31":"tag-worldnews","32":"tag-zinas","33":"tag-zinas-no-arvalstim"},"share_on_mastodon":{"url":"https:\/\/pubeurope.com\/@lv\/115642132315211159","error":""},"_links":{"self":[{"href":"https:\/\/www.europesays.com\/lv\/wp-json\/wp\/v2\/posts\/62405","targetHints":{"allow":["GET"]}}],"collection":[{"href":"https:\/\/www.europesays.com\/lv\/wp-json\/wp\/v2\/posts"}],"about":[{"href":"https:\/\/www.europesays.com\/lv\/wp-json\/wp\/v2\/types\/post"}],"author":[{"embeddable":true,"href":"https:\/\/www.europesays.com\/lv\/wp-json\/wp\/v2\/users\/2"}],"replies":[{"embeddable":true,"href":"https:\/\/www.europesays.com\/lv\/wp-json\/wp\/v2\/comments?post=62405"}],"version-history":[{"count":0,"href":"https:\/\/www.europesays.com\/lv\/wp-json\/wp\/v2\/posts\/62405\/revisions"}],"wp:featuredmedia":[{"embeddable":true,"href":"https:\/\/www.europesays.com\/lv\/wp-json\/wp\/v2\/media\/62406"}],"wp:attachment":[{"href":"https:\/\/www.europesays.com\/lv\/wp-json\/wp\/v2\/media?parent=62405"}],"wp:term":[{"taxonomy":"category","embeddable":true,"href":"https:\/\/www.europesays.com\/lv\/wp-json\/wp\/v2\/categories?post=62405"},{"taxonomy":"post_tag","embeddable":true,"href":"https:\/\/www.europesays.com\/lv\/wp-json\/wp\/v2\/tags?post=62405"}],"curies":[{"name":"wp","href":"https:\/\/api.w.org\/{rel}","templated":true}]}}