{"id":62429,"date":"2025-12-01T03:44:30","date_gmt":"2025-12-01T03:44:30","guid":{"rendered":"https:\/\/www.europesays.com\/lv\/62429\/"},"modified":"2025-12-01T03:44:30","modified_gmt":"2025-12-01T03:44:30","slug":"siguldas-novada-veidojas-bistams-apledojums-dienesti-strada-pastiprinata-rezima","status":"publish","type":"post","link":"https:\/\/www.europesays.com\/lv\/62429\/","title":{"rendered":"Siguldas novad\u0101 veidojas b\u012bstams apledojums! Dienesti str\u0101d\u0101 pastiprin\u0101t\u0101 re\u017e\u012bm\u0101"},"content":{"rendered":"<p>\u0160or\u012bt novad\u0101 l\u012bst sasalsto\u0161s lietus \u2013 uz ce\u013ciem un ietv\u0113m veidojas \u201cmelnais ledus\u201d, kas var k\u013c\u016bt slidens da\u017eu min\u016b\u0161u laik\u0101.<\/p>\n<p>Gan autovad\u012bt\u0101jus, gan g\u0101j\u0113jus aicina b\u016bt \u012bpa\u0161i uzman\u012bgiem!<\/p>\n<p>Ziemas dienesti str\u0101d\u0101 bez p\u0101rtraukuma \u2013 vispirms tiek kais\u012btas intens\u012bv\u0101k\u0101s ielas, sabiedrisk\u0101 transporta mar\u0161ruti un piek\u013cuve skol\u0101m, \u0101rstniec\u012bbas un operat\u012bvaj\u0101m iest\u0101d\u0113m.<\/p>\n<ul>\n<li>Asfalt\u0113t\u0101s ielas tiek apstr\u0101d\u0101tas ar s\u0101li<\/li>\n<li>Grants ce\u013ci \u2013 ar smilti<\/li>\n<li>Viet\u0101m tiek veikta rievo\u0161ana<\/li>\n<\/ul>\n<p>L\u016bdzam autovad\u012bt\u0101jus piel\u0101got brauk\u0161anas \u0101trumu un \u012bpa\u0161i uzman\u012bties l\u012bkumos, pie g\u0101j\u0113ju p\u0101rej\u0101m un pieturviet\u0101m. G\u0101j\u0113ji \u2013 esiet piesardz\u012bgi, ietves var b\u016bt \u013coti slidenas!<\/p>\n<p>Par slideniem ce\u013ciem vai ietv\u0113m zi\u0146o:<\/p>\n<ul>\n<li>Siguldas novada mobilaj\u0101 lietotn\u0113<\/li>\n<li>E-past\u0101: celi@sigulda.lv<\/li>\n<\/ul>\n<p><img decoding=\"async\" src=\"https:\/\/www.europesays.com\/lv\/wp-content\/uploads\/2025\/12\/2f12a0f6248dd69e9ac90f6c744bf329.png\" title=\"Foto: Publicit\u0101tes att\u0113ls\" alt=\"Foto: Publicit\u0101tes att\u0113ls\"\/><\/p>\n<p class=\"article-img-desc\">Foto: Publicit\u0101tes att\u0113ls<\/p>\n","protected":false},"excerpt":{"rendered":"\u0160or\u012bt novad\u0101 l\u012bst sasalsto\u0161s lietus \u2013 uz ce\u013ciem un ietv\u0113m veidojas \u201cmelnais ledus\u201d, kas var k\u013c\u016bt slidens da\u017eu&hellip;\n","protected":false},"author":2,"featured_media":62430,"comment_status":"","ping_status":"","sticky":false,"template":"","format":"standard","meta":{"footnotes":""},"categories":[12],"tags":[129,4274,14891,14368,23,28,29,32,33,22,30,31,35,39,38,36,37,34,40,20,26,27,4275,14369,14892,4276,14370,14893,24,25,21],"class_list":{"0":"post-62429","1":"post","2":"type-post","3":"status-publish","4":"format-standard","5":"has-post-thumbnail","7":"category-latvija","8":"tag-__typenameadvicekeyword","9":"tag-id558","10":"tag-id564","11":"tag-id797","12":"tag-aktualitates","13":"tag-breaking-news","14":"tag-breakingnews","15":"tag-featured-news","16":"tag-featurednews","17":"tag-headlines","18":"tag-latest-news","19":"tag-latestnews","20":"tag-latvia","21":"tag-latvian","22":"tag-latviesu","23":"tag-latviesu-valoda","24":"tag-latviesuvaloda","25":"tag-latvija","26":"tag-lv","27":"tag-news","28":"tag-popularakas-zinas","29":"tag-popularakaszinas","30":"tag-slugcelu-satiksme","31":"tag-slugsigulda","32":"tag-slugziema","33":"tag-titlecelu-satiksme","34":"tag-titlesigulda","35":"tag-titleziema","36":"tag-top-stories","37":"tag-topstories","38":"tag-zinas"},"share_on_mastodon":{"url":"","error":"Validation failed: Text character limit of 500 exceeded"},"_links":{"self":[{"href":"https:\/\/www.europesays.com\/lv\/wp-json\/wp\/v2\/posts\/62429","targetHints":{"allow":["GET"]}}],"collection":[{"href":"https:\/\/www.europesays.com\/lv\/wp-json\/wp\/v2\/posts"}],"about":[{"href":"https:\/\/www.europesays.com\/lv\/wp-json\/wp\/v2\/types\/post"}],"author":[{"embeddable":true,"href":"https:\/\/www.europesays.com\/lv\/wp-json\/wp\/v2\/users\/2"}],"replies":[{"embeddable":true,"href":"https:\/\/www.europesays.com\/lv\/wp-json\/wp\/v2\/comments?post=62429"}],"version-history":[{"count":0,"href":"https:\/\/www.europesays.com\/lv\/wp-json\/wp\/v2\/posts\/62429\/revisions"}],"wp:featuredmedia":[{"embeddable":true,"href":"https:\/\/www.europesays.com\/lv\/wp-json\/wp\/v2\/media\/62430"}],"wp:attachment":[{"href":"https:\/\/www.europesays.com\/lv\/wp-json\/wp\/v2\/media?parent=62429"}],"wp:term":[{"taxonomy":"category","embeddable":true,"href":"https:\/\/www.europesays.com\/lv\/wp-json\/wp\/v2\/categories?post=62429"},{"taxonomy":"post_tag","embeddable":true,"href":"https:\/\/www.europesays.com\/lv\/wp-json\/wp\/v2\/tags?post=62429"}],"curies":[{"name":"wp","href":"https:\/\/api.w.org\/{rel}","templated":true}]}}