{"id":62439,"date":"2025-12-01T04:04:08","date_gmt":"2025-12-01T04:04:08","guid":{"rendered":"https:\/\/www.europesays.com\/lv\/62439\/"},"modified":"2025-12-01T04:04:08","modified_gmt":"2025-12-01T04:04:08","slug":"janis-stibelis-izdod-jaunu-dziesmu-mans-draugs-un-aicina-uz-iespaidigu-jubilejas-koncertu-vef-kulturas-pili-lente-lv","status":"publish","type":"post","link":"https:\/\/www.europesays.com\/lv\/62439\/","title":{"rendered":"J\u0101nis St\u012bbelis izdod jaunu dziesmu &#8220;Mans draugs&#8221; un aicina uz iespaid\u012bgu jubilejas koncertu VEF Kult\u016bras pil\u012b\u00a0\u2014\u00a0Lente.lv"},"content":{"rendered":"<p>J\u0101nis St\u012bbelis atz\u012bm\u0113 noz\u012bm\u012bgu dz\u012bves posmu ar jaunu dziesmu un gaid\u0101mo jubilejas koncertu<\/p>\n<p>M\u016bzi\u0137is J\u0101nis St\u012bbelis ir iepriecin\u0101jis savus klaus\u012bt\u0101jus, izdodot jaunu singlu ar aizkustino\u0161u nosaukumu &#8220;Mans draugs&#8221;. \u0160\u012b sirds dziesma, kas tapusi sadarb\u012bb\u0101 ar iem\u012b\u013cotajiem m\u0101ksliniekiem Laimu Vaikuli, Normundu Rutuli un Intaru Busuli, ir sirsn\u012bgs velt\u012bjums draudz\u012bbas sp\u0113kam un neaizst\u0101jam\u012bbai.<\/p>\n<p>Dziesmas m\u016bzikas un v\u0101rdu autors ir pats J\u0101nis St\u012bbelis, kur\u0161 \u0161aj\u0101 ska\u0146darb\u0101 ielicis dzi\u013cu un person\u012bgu v\u0113st\u012bjumu. &#8220;Mans draugs&#8221; ir vair\u0101k nek\u0101 tikai dziesma \u2013 t\u0101 ir atspulgs cilv\u0113kiem, ar kuriem kop\u0101 esam izdz\u012bvoju\u0161i svar\u012bgus dz\u012bves mirk\u013cus, un ar\u012b tiem, kas nu ir aizsaul\u0113. T\u0101s v\u0113st\u012bjums ir vienk\u0101r\u0161s, bet vienlaikus sp\u0113c\u012bgs \u2013 neatkar\u012bgi no t\u0101, kur dz\u012bve m\u016bs aiznes\u012bs, \u012bst\u0101s m\u0101jas un vissilt\u0101k\u0101 satik\u0161an\u0101s vieta vienm\u0113r b\u016bs Latvija. K\u0101 pats St\u012bbelis atkl\u0101j, draudz\u012bba ir k\u0101 laika p\u0101rbaude, un tie draugi, kas paliek l\u012bdz\u0101s gadu gait\u0101, ir \u012bsti un v\u0113rt\u012bgi. \u0160\u012b dziesma rad\u012bta, lai kop\u012bgiem sp\u0113kiem piepild\u012btu koncertz\u0101les ar draudz\u012bbas un atkalredz\u0113\u0161an\u0101s prieku. Jau tapa ar\u012b video dziesmai, kas papildina t\u0101s emocion\u0101lo v\u0113st\u012bjumu.<\/p>\n<p>Dziesma &#8220;Mans draugs&#8221; ir pieejama vis\u0101s popul\u0101r\u0101kaj\u0101s m\u016bzikas straum\u0113\u0161anas un lejupiel\u0101des platform\u0101s, \u013caujot katram klaus\u012bt\u0101jam izbaud\u012bt t\u0101s melodiju un dzi\u013co saturu. T\u0101s pirmatska\u0146ojums notika ar\u012b festiv\u0101l\u0101 &#8220;Laima Rendezvous J\u016brmala 2025&#8221;, kur t\u0101 izpeln\u012bj\u0101s publikas atzin\u012bbu. St\u012bbelis ir izdevis vair\u0101kus veiksm\u012bgus albumus, tostarp &#8220;Gl\u0101ze piena&#8221; un &#8220;Summer City&#8221;, kas ir sa\u0146\u0113mu\u0161i Latvijas M\u016bzikas ierakstu gada balvas. Vi\u0146a karjera ir bag\u0101ta ar sasniegumiem, un vi\u0146\u0161 paz\u012bstams ar\u012b ar skatuves v\u0101rdu J Stever.<\/p>\n<p>Jubilejas koncerts \u2013 rado\u0161\u0101s darb\u012bbas retrospekcija<\/p>\n<p>Lai atz\u012bm\u0113tu savas daudzpus\u012bg\u0101s rado\u0161\u0101s darb\u012bbas noz\u012bm\u012bgu posmu, J\u0101nis St\u012bbelis aicina visus savus talanta cien\u012bt\u0101jus uz grandiozu jubilejas koncertu, kas notiks 2025. gada 14. novembr\u012b le\u0123end\u0101raj\u0101 VEF Kult\u016bras pil\u012b. \u0160is pas\u0101kums sol\u0101s b\u016bt ne tikai koncerta, bet ar\u012b patiesas svin\u012bbu atmosf\u0113ras epicentrs, kur\u0101 kop\u0101 ar draugiem un kol\u0113\u0123iem tiks godin\u0101ti &#8220;jautr\u0101 m\u016bzi\u0137u un draugu komp\u0101nija&#8221;, atskatoties uz rado\u0161\u0101s darb\u012bbas retrospekciju.<\/p>\n<p>Koncert\u0101 skan\u0113s dziesmas no visiem J\u0101\u0146a St\u012bbe\u013ca desmit solo albumiem, pied\u0101v\u0101jot klaus\u012bt\u0101jiem pla\u0161u un daudzveid\u012bgu muzik\u0101lo ce\u013cojumu cauri vi\u0146a karjerai. K\u0101 jau pien\u0101kas k\u0101rt\u012bg\u0101 dzim\u0161anas dienas ball\u012bt\u0113, neizpaliks ar\u012b p\u0101rsteigumi: pl\u0101noti jaunu, v\u0113l nedzird\u0113tu dziesmu pirmatska\u0146ojumi, \u012bpa\u0161o viesu uzst\u0101\u0161an\u0101s un, protams, sirds siltuma pilna sadzied\u0101\u0161an\u0101s ar publiku. St\u012bbe\u013ca &#8220;sap\u0146u komanda&#8221; \u2013 pavado\u0161\u0101 grupa, kur\u0101 sp\u0113l\u0113s t\u0101di m\u016bzi\u0137i k\u0101 Raimonds Macats, J\u0101nis Kalni\u0146\u0161, Reinis Ozoli\u0146\u0161, Andris Bui\u0137is, Gints Smukais, Gints Pab\u0113rzs un Lu\u012bze Gotlaufa, kop\u0101 ar \u012bpa\u0161ajiem viesiem \u2013 kori &#8220;S\u014dla&#8221; diri\u0123enta Kaspara \u0100damsona vad\u012bb\u0101, rad\u012bs neaizmirstamu vakaru.<\/p>\n<p>Bi\u013cetes uz \u0161o gaid\u0101mo notikumu ir pieejamas vis\u0101s &#8220;Bi\u013ce\u0161u parad\u012bze&#8221; tirdzniec\u012bbas viet\u0101s un tie\u0161saist\u0113 m\u0101jaslap\u0101 www.bilesuparadize.lv, \u013caujot ikvienam, kas v\u0113las b\u016bt da\u013ca no \u0161\u012b sv\u0113tku gaisotnes, nodro\u0161in\u0101t savu iel\u016bgumu uz \u0161o muzik\u0101lo notikumu. Koncerta organizatori ar\u012b inform\u0113, ka pas\u0101kuma laik\u0101 tiks veikta foto un video uz\u0146em\u0161ana, kas var tikt izmantota publicit\u0101tes nol\u016bkos.<\/p>\n<p>\u0160is jubilejas koncerts ir ne tikai atskats uz aizvad\u012btajiem gadiem, bet ar\u012b apliecin\u0101jums J\u0101\u0146a St\u012bbe\u013ca nemit\u012bgajai rado\u0161ajai ener\u0123ijai un sp\u0113jai iedvesmot ar savu m\u016bziku. Vi\u0146\u0161 pats uzsver, ka darbs vi\u0146am nekad nav bijis tikai darbs, bet gan sirdslieta, kas aizrauj un mudina vienm\u0113r mekl\u0113t jaunas muzik\u0101l\u0101s izpausmes. \u0160\u012b aizraut\u012bba un zin\u0101tk\u0101re ir j\u016btama gan jaunaj\u0101 singl\u0101 &#8220;Mans draugs&#8221;, gan gaid\u0101maj\u0101 koncert\u0101, kas sola b\u016bt emocij\u0101m bag\u0101ts un neaizmirstams pas\u0101kums.<\/p>\n","protected":false},"excerpt":{"rendered":"J\u0101nis St\u012bbelis atz\u012bm\u0113 noz\u012bm\u012bgu dz\u012bves posmu ar jaunu dziesmu un gaid\u0101mo jubilejas koncertu M\u016bzi\u0137is J\u0101nis St\u012bbelis ir iepriecin\u0101jis&hellip;\n","protected":false},"author":2,"featured_media":62440,"comment_status":"","ping_status":"","sticky":false,"template":"","format":"standard","meta":{"footnotes":""},"categories":[19],"tags":[89,90,6549,193,35,39,38,194,36,37,34,40,16421,431],"class_list":{"0":"post-62439","1":"post","2":"type-post","3":"status-publish","4":"format-standard","5":"has-post-thumbnail","7":"category-izklaide","8":"tag-entertainment","9":"tag-izklaide","10":"tag-janis-stibelis","11":"tag-jubilejas-koncerts","12":"tag-latvia","13":"tag-latvian","14":"tag-latviesu","15":"tag-latviesu-muzika","16":"tag-latviesu-valoda","17":"tag-latviesuvaloda","18":"tag-latvija","19":"tag-lv","20":"tag-mans-draugs","21":"tag-vef-kulturas-pils"},"share_on_mastodon":{"url":"https:\/\/pubeurope.com\/@lv\/115642332806223214","error":""},"_links":{"self":[{"href":"https:\/\/www.europesays.com\/lv\/wp-json\/wp\/v2\/posts\/62439","targetHints":{"allow":["GET"]}}],"collection":[{"href":"https:\/\/www.europesays.com\/lv\/wp-json\/wp\/v2\/posts"}],"about":[{"href":"https:\/\/www.europesays.com\/lv\/wp-json\/wp\/v2\/types\/post"}],"author":[{"embeddable":true,"href":"https:\/\/www.europesays.com\/lv\/wp-json\/wp\/v2\/users\/2"}],"replies":[{"embeddable":true,"href":"https:\/\/www.europesays.com\/lv\/wp-json\/wp\/v2\/comments?post=62439"}],"version-history":[{"count":0,"href":"https:\/\/www.europesays.com\/lv\/wp-json\/wp\/v2\/posts\/62439\/revisions"}],"wp:featuredmedia":[{"embeddable":true,"href":"https:\/\/www.europesays.com\/lv\/wp-json\/wp\/v2\/media\/62440"}],"wp:attachment":[{"href":"https:\/\/www.europesays.com\/lv\/wp-json\/wp\/v2\/media?parent=62439"}],"wp:term":[{"taxonomy":"category","embeddable":true,"href":"https:\/\/www.europesays.com\/lv\/wp-json\/wp\/v2\/categories?post=62439"},{"taxonomy":"post_tag","embeddable":true,"href":"https:\/\/www.europesays.com\/lv\/wp-json\/wp\/v2\/tags?post=62439"}],"curies":[{"name":"wp","href":"https:\/\/api.w.org\/{rel}","templated":true}]}}