{"id":62449,"date":"2025-12-01T04:44:11","date_gmt":"2025-12-01T04:44:11","guid":{"rendered":"https:\/\/www.europesays.com\/lv\/62449\/"},"modified":"2025-12-01T04:44:11","modified_gmt":"2025-12-01T04:44:11","slug":"video-investe-100-miljonus-eiro-razotne-latgale-dienas-bizness","status":"publish","type":"post","link":"https:\/\/www.europesays.com\/lv\/62449\/","title":{"rendered":"VIDEO: Invest\u0113 100 miljonus eiro ra\u017eotn\u0113 Latgal\u0113 :: Dienas Bizness"},"content":{"rendered":"<p class=\"text-font font-size--text-xlarge margin-3--bottom font-weight--bold padding-1--top\">Invest\u0113jot apm\u0113ram 100 miljonus eiro jaunas lielform\u0101ta b\u0113rza sapl\u0101k\u0161\u0146a produktu r\u016bpn\u012bcas izveid\u0113, rad\u012btas 80 jaunas darbavietas, kas SIA Verems dod iesp\u0113ju ra\u017eot inovat\u012bvus produktus un teju dubultot ra\u017eo\u0161anas jaudas.<\/p>\n<p class=\"text-font font-size--text-xlarge margin-3--bottom\">Pa\u0161laik R\u0113zeknes speci\u0101l\u0101s ekonomiskas zonas SIA Verems jaun\u0101 ra\u017eotne str\u0101d\u0101 testa re\u017e\u012bm\u0101. T\u0101 ir liel\u0101k\u0101 invest\u012bcija vienas ra\u017eotnes izveidei Latgal\u0113 un liel\u0101k\u0101 ar\u012b uz\u0146\u0113muma darb\u012bbas laik\u0101, jo t\u0101d\u0113j\u0101di l\u012bdz\u0101s jau eso\u0161ajai b\u0113rza sapl\u0101k\u0161\u0146a ra\u017eotnei ir izveidota v\u0113l viena, tikai izejvielas taupo\u0161\u0101ka, ar augst\u0101ku darba ra\u017e\u012bgumu un liel\u0101k\u0101m tehnolo\u0123iskaj\u0101m iesp\u0113j\u0101m jaunu sapl\u0101k\u0161\u0146a izstr\u0101d\u0101jumu ra\u017eo\u0161an\u0101. \u201eIdeja par Verems otro ra\u017eotni jau bija pirms daudziem gadiem, ta\u010du jaun\u0101 ra\u017eotne tapa aptuveni divu gadu laik\u0101 no projekta saska\u0146o\u0161anas l\u012bdz gatavam pirmajam sapl\u0101k\u0161\u0146a produktam,\u201d v\u0113rien\u012bg\u0101 projekta \u012bsteno\u0161anas laiku skaidro R\u0113zeknes speci\u0101l\u0101s ekonomiskas zonas SIA Verems padomes priek\u0161s\u0113d\u0113t\u0101js J\u0101nis Staris.<\/p>\n<p class=\"text-font font-size--text-xlarge margin-3--bottom\">Vi\u0146\u0161 atz\u012bst, ka jaun\u0101s ra\u017eotnes izveidei ir piesaist\u012bts valsts atbalsts 10 milj. eiro apm\u0113r\u0101, kas nav mazs, ta\u010du t\u0101 \u012bpatsvars no kop\u0113j\u0101 projekta izmaks\u0101m ir maz\u0101ks par 10%. \u201eJaunas r\u016bpn\u012bcas izveid\u0113 b\u016bs invest\u0113ti vair\u0101k par 100 miljoniem eiro, kas viena projekta \u012bsteno\u0161anai nav maza summa,\u201d ieguld\u012bjuma apm\u0113ru skaidro J. Staris. Vi\u0146\u0161 gan atz\u012bst, ka valsts atbalsta izmanto\u0161anai ir sal\u012bdzino\u0161i garas un sare\u017e\u0123\u012btas proced\u016bras, kas pagarina iecer\u0113t\u0101 projekta \u012bsteno\u0161anas laiku un t\u0101d\u0113j\u0101di ietekm\u0113 ar\u012b konkur\u0113tsp\u0113ju tirg\u016b. \u201eJa valsts atbalsta apjoms ir maz\u0101ks par vienu miljonu eiro, tad laikietilp\u012bgo birokr\u0101tisko proced\u016bru d\u0113\u013c var pat b\u016bt izdev\u012bg\u0101k iztikt bez \u0161\u0101da atbalsta,\u201d uz jaut\u0101jumu par birokr\u0101tisk\u0101 sloga un atbalsta apm\u0113ra balansu atbild J. Staris. Vi\u0146apr\u0101t, valsts atbalsta m\u0113r\u0137is ir, lai uz\u0146\u0113mumi b\u016btu motiv\u0113t\u0101ki \u2014 ieinteres\u0113t\u0101ki veikt attiec\u012bg\u0101s valstiski nepiecie\u0161am\u0101s invest\u012bcijas un lai tas notiktu \u0101tr\u0101k. \u201eInvestoriem, kuri iegulda Latgal\u0113, net\u0101lu no Krievijas un Baltkrievijas robe\u017eas, valsts atbalsts var\u0113tu b\u016bt ar\u012b liel\u0101ks,\u201d uz jaut\u0101jumu par valsts atbalsta apm\u0113ru Latgal\u0113 atbild J. Staris. Vi\u0146\u0161 gan nenoliedz iesp\u0113ju, ka ar\u012b n\u0101kotn\u0113 Verems izaugsm\u0113 var\u0113tu izmantot valsts atbalsta instrumentus, jo t\u0101d\u0113j\u0101di ir viegl\u0101k pie\u0146emt l\u0113mumus par jaunu att\u012bst\u012bbas projektu uzs\u0101k\u0161anu nek\u0101 bez \u0161\u0101da valsts atbalsta.<\/p>\n<p class=\"text-font font-size--text-xlarge margin-3--bottom\">Izmanto sa\u0161\u0137idrin\u0101t\u0101s g\u0101zes ku\u0123os<\/p>\n<p class=\"text-font font-size--text-xlarge margin-3--bottom\">\u201eLielform\u0101ta sapl\u0101k\u0161\u0146a produkcijas pirc\u0113ji ir transporta sektor\u0101 str\u0101d\u0101jo\u0161ie uz\u0146\u0113mumi Eirop\u0101 un \u0100zij\u0101, k\u0101 ar\u012b celtniec\u012bbas veid\u0146u ra\u017eot\u0101ji,\u201d R\u0113zekn\u0113 ra\u017eoto b\u0113rza sapl\u0101k\u0161\u0146a produktu pat\u0113r\u0113t\u0101jus atkl\u0101j J. Staris. Vi\u0146\u0161 uzsver, ka R\u0113zekn\u0113 ra\u017eoto lielform\u0101ta b\u0113rza sapl\u0101ksni izmanto sa\u0161\u0137idrin\u0101t\u0101s g\u0101zes tankku\u0123u b\u016bv\u0113t\u0101ji. \u201eB\u0113rza sapl\u0101ksnis savas fizik\u0101l\u0101s \u012bpa\u0161\u012bbas nemaina ar\u012b zem\u0101s temperat\u016br\u0101s (nek\u013c\u016bst trausls), k\u0101d\u0101s tiek transport\u0113ta sa\u0161\u0137idrin\u0101t\u0101 g\u0101ze,\u201d uz produkta \u012bpa\u0161\u012bbu, kura \u013cauj to izmantot \u013coti specifiskam m\u0113r\u0137im, nor\u0101da J. Staris. Vi\u0146\u0161 uzsver, ka piepras\u012bjums p\u0113c sa\u0161\u0137idrin\u0101t\u0101s g\u0101zes ku\u0123iem nav samazin\u0101jies, tie\u0161i pret\u0113ji &#8211; pat pieaudzis, jo \u012bpa\u0161i \u0161\u012b energoresursa transport\u0113\u0161anai uz valst\u012bm un re\u0123ioniem, kur pa\u0161laik ener\u0123ijas ra\u017eo\u0161anai k\u0101 izejvielu izmanto citus fosil\u0101 kurin\u0101m\u0101 veidus. \u201eLatvij\u0101 g\u0101zes pat\u0113ri\u0146u varam samazin\u0101t uz biomasas r\u0113\u0137ina, ta\u010du t\u0101du iesp\u0113ju \u013coti daudz\u0101m pasaules valst\u012bm nav,\u201d t\u0101 J. Staris.Otrs noz\u012bm\u012bgs lielform\u0101ta b\u0113rza sapl\u0101k\u0161\u0146a pat\u0113r\u0113t\u0101js ir autor\u016bpniec\u012bba. \u201eTicu, ka autor\u016bpniec\u012bba Eiropas Savien\u012bb\u0101 neizn\u012bks, t\u0101pat k\u0101 b\u016bvniec\u012bba, kura ir v\u0113l viens \u013coti b\u016btisks R\u0113zeknes novad\u0101 ra\u017eoto lielform\u0101ta b\u0113rza sapl\u0101k\u0161\u0146a produktu pat\u0113r\u0113t\u0101js,\u201d nor\u0101da J. Staris. Vi\u0146\u0161 atz\u012bst, ka uz\u0146\u0113muma produkcijas liel\u0101kais noieta tirgus ir Eiropa.<\/p>\n<p class=\"text-font font-size--text-xlarge margin-3--bottom\">Jaunas iesp\u0113jas<\/p>\n<p class=\"text-font font-size--text-xlarge margin-3--bottom\">\u201eJauna ra\u017eotne noz\u012bm\u0113 ne tikai liel\u0101kus b\u0113rza lielform\u0101ta sapl\u0101k\u0161\u0146a ra\u017eo\u0161anas apjomus sal\u012bdzin\u0101jum\u0101 ar eso\u0161ajiem, bet ar\u012b jaunu produktu ra\u017eo\u0161anu, turkl\u0101t jaun\u0101kas ra\u017eo\u0161anas tehnolo\u0123ijas \u013cauj taup\u012bg\u0101k izmantot koksnes resursus un palielin\u0101t to lietder\u012bgo izn\u0101kumu,\u201d uz jaut\u0101jumu par jaunas ra\u017eotnes dotaj\u0101m iesp\u0113j\u0101m atbild J. Staris. Vi\u0146\u0161 atz\u012bst, ka kopum\u0101 jaun\u0101 ra\u017eotne palielin\u0101s piepras\u012bjumu p\u0113c finiera un t\u0101 ra\u017eo\u0161anai nepiecie\u0161amajiem finierklu\u010diem. \u201eLiel\u0101koties jaun\u0101 r\u016bpn\u012bca izmantos uz\u0146\u0113mum\u0101 sara\u017eoto finieri, bet da\u013ca tiks pieg\u0101d\u0101ta no m\u0101sas komp\u0101nijas Lietuv\u0101 (Likmere), kas, t\u0101pat k\u0101 Verems RSEZ SIA, ir Latvijas Finieris koncern\u0101 ietilpsto\u0161s uz\u0146\u0113mums,\u201d par sapl\u0101k\u0161\u0146a ra\u017eo\u0161anai nepiecie\u0161am\u0101 finiera ieguves avotiem atbild J. Staris.<\/p>\n<p class=\"text-font font-size--text-xlarge margin-3--bottom\">80 jaunas darba vietas<\/p>\n<p class=\"text-font font-size--text-xlarge margin-3--bottom\">Izveidojot jaunu ra\u017eotni, par vair\u0101k nek\u0101 25% Verem\u0101 pieaugs ar\u012b darbavietu skaits. \u201eJa 2024. gada nogal\u0113 uz\u0146\u0113mum\u0101 tie\u0161i bija nodarbin\u0101ti vair\u0101k nek\u0101 300 cilv\u0113ki, tad 2025. gada nogal\u0113 to skaits jau p\u0101rsniedz 400, kas noz\u012bm\u0113, ka ir rad\u012btas jaunas darbavietas, kuras palielina ar\u012b darba apjomu apkaim\u0113 str\u0101d\u0101jo\u0161ajiem pakalpojumu sniedz\u0113jiem un materi\u0101lu pieg\u0101d\u0101t\u0101jiem,\u201d skaidro J. Staris. Vi\u0146\u0161 tic, ka Latvija neatteiksies no savas zemes apsaimnieko\u0161anas un koksnes resursu, kurus izmantot b\u0113rza sapl\u0101k\u0161\u0146a ra\u017eo\u0161anai, pietiks. \u201eVerems, invest\u0113jot vair\u0101k nek\u0101 100 miljonus eiro, ir uz\u0146\u0113mies riskus gan attiec\u012bb\u0101 uz resursu pieejam\u012bbu, gan uz gatav\u0101s produkcijas tirgus sv\u0101rst\u012bb\u0101m, v\u0113l jo vair\u0101k, ja no ra\u017eotnes l\u012bdz Latvijas robe\u017eai nav pat 40 km,\u201d t\u0101 J. Staris. Vi\u0146\u0161 atz\u012bst, ka \u0161\u0101dos apst\u0101k\u013cos ir \u013coti gr\u016bti prognoz\u0113t ieguld\u012bt\u0101 atpeln\u012b\u0161anas laiku.<\/p>\n<p class=\"text-font font-size--text-xlarge margin-3--bottom\">Invest\u012bciju klusuma neb\u016bs<\/p>\n<p class=\"text-font font-size--text-xlarge margin-3--bottom\">Lai ar\u012b jaunaj\u0101 ra\u017eotn\u0113 v\u0113l notiek p\u0113d\u0113jie b\u016bvniec\u012bbas darbi, tom\u0113r, p\u0113c J. Stara sac\u012bt\u0101, ir pietiekami daudz ideju un pl\u0101nu par nepiecie\u0161amajiem tehnolo\u0123iskajiem uzlabojumiem jau eso\u0161aj\u0101 r\u016bpn\u012bc\u0101. \u201eNek\u0101da invest\u012bciju klusuma, m\u0113s dom\u0101jam, neb\u016bs, jo ir pietiekami daudz risin\u0101mu jaut\u0101jumu, piem\u0113ram, darba ra\u017e\u012bguma un efektivit\u0101tes paaugstin\u0101\u0161ana, kam ir nepiecie\u0161ami kapit\u0101lieguld\u012bjumi,\u201d t\u0101 J. Staris. Vi\u0146\u0161 nor\u0101da, ka tie\u0161i t\u0101p\u0113c ar\u012b n\u0101kamajos gados Verem\u0101 tiks invest\u0113ti l\u012bdzek\u013ci, tiesa, ne t\u0101dos apjomos, k\u0101di tika ieguld\u012bti jaun\u0101s ra\u017eotnes izveidei.<\/p>\n<p class=\"text-font font-size--text-xlarge margin-3--bottom\">2026. gads kop\u0113s 2025. gadu<\/p>\n<p class=\"text-font font-size--text-xlarge margin-3--bottom\">\u201e2025. gads ir sava veida 2024. gada turpin\u0101jums \u2014 t\u0101tad nosac\u012btas stabilit\u0101tes laiks, savuk\u0101rt attiec\u012bb\u0101 uz 2026. gadu nav pamata prognoz\u0113t k\u0101das b\u016btiskas p\u0101rmai\u0146as gan t\u0101p\u0113c, ka saglab\u0101jas tie pa\u0161i \u0123eopolitiskie, gan ar\u012b Latvijas iek\u0161politiskie riski,\u201d uzjaut\u0101jumu attiec\u012bb\u0101 uz n\u0101kam\u0101 gada prognoz\u0113m atbild J. Staris. Vi\u0146\u0161 steidz piemetin\u0101t, ka 2026. gads Latvij\u0101 tie\u0161i un netie\u0161i aizrit\u0113s gaid\u0101mo Saeimas v\u0113l\u0113\u0161anu z\u012bm\u0113, kuru rezult\u0101ti var main\u012bt daudzus, tostarp me\u017ea nozarei b\u016btiskus jaut\u0101jumus.<\/p>\n<p class=\"text-font font-size--text-xlarge margin-3--bottom\">Viz\u012btkarte<\/p>\n<ul class=\"text-font font-size--text-xlarge\">\n<li>Nosaukums: Verems RSEZ SIA<\/li>\n<li>Nozare: lielform\u0101ta b\u0113rza sapl\u0101k\u0161\u0146a produktu ra\u017eo\u0161ana<\/li>\n<li>Neto apgroz\u012bjums: 52.56 milj. eiro 2024.g.<\/li>\n<li>Samaks\u0101ti nodok\u013ci: 3.78 milj. eiro 2024.g.<\/li>\n<li>Atrodas: R\u0113zeknes novadsStr\u0101d\u0101jo\u0161o skaits: 440 (pa\u0161laik) <\/li>\n<li>Dibin\u0101ta: 1996.g.<\/li>\n<\/ul>\n<p class=\"text-font font-size--text-xlarge margin-3--bottom\">Avots: Verems RSEZ SIA<\/p>\n<p class=\"text-font font-size--text-xlarge margin-3--bottom\">VIEDOKLIS<\/p>\n<p class=\"text-font font-size--text-xlarge margin-3--bottom\">Darbavieta maks\u0101 miljonu eiro<\/p>\n<p class=\"text-font font-size--text-xlarge margin-3--bottom\">Kristaps Klauss, Latvijas Kokr\u016bpniec\u012bbas feder\u0101cijas viceprezidents <\/p>\n<p class=\"text-font font-size--text-xlarge margin-3--bottom\">Invest\u012bcijas jaunas ra\u017eotnes izveid\u0113 Verems RSEZ SIA ir noz\u012bm\u012bgs ieguld\u012bjums ne tikai kokr\u016bpniec\u012bb\u0101, bet gan vis\u0101 Latgales re\u0123ion\u0101, kuru bie\u017ei nezin k\u0101d\u0113\u013c daudzi noraksta, jo tas atrodas \u013coti tuvu Krievijai. Latvijas komp\u0101nija nebaid\u0101s un iegulda vair\u0101k nek\u0101 100 miljonus eiro jaun\u0101 r\u016bpn\u012bc\u0101, savuk\u0101rt Ikea grupa ieg\u0101d\u0101jas zemes, p\u0101rsvar\u0101 me\u017ea zemes Latgal\u0113 par vair\u0101k nek\u0101 700 miljoniem eiro. Tas tikai pier\u0101da, ka Latgale un visa Latvija ir pievilc\u012bga vide invest\u012bcij\u0101m.Sapl\u0101k\u0161\u0146a produktu tirgi pa\u0161laik ir sal\u012bdzino\u0161i lab\u0101 st\u0101vokl\u012b, un Verems izmanto \u0161o situ\u0101ciju, nostiprina savu konkur\u0113tsp\u0113ju ne tikai \u0161odienai, bet ar n\u0101kotnei, vienlaikus rada 80 jaunas darbavietas, kas vienam darba dev\u0113jam Latgal\u0113 ir \u013coti liels skaits. Ir v\u0113rts aizdom\u0101ties, cik izmaks\u0101 vienas jaunas darbavietas rad\u012b\u0161ana, jo, ieguldot 100 miljonus eiro, ir rad\u012btas 80 jaunas darba vietas, t\u0101tad viena darbavieta apstr\u0101des r\u016bpniec\u012bb\u0101 izmaks\u0101 vair\u0101k nek\u0101 vienu miljonu eiro. Tas tikai apliecina, ka \u0161\u0101das darbavietas ir j\u0101ciena.Pateicoties Latvij\u0101 izaugu\u0161ajiem b\u0113rziem un labajam piepras\u012bjumam pasaules tirg\u016b, b\u0113rza finiera un b\u0113rza sapl\u0101k\u0161\u0146a ra\u017eo\u0161ana Latvij\u0101 turpina augt. Jau dr\u012bzum\u0101 var\u0113sim redz\u0113t v\u0113l vienu sapl\u0101k\u0161\u0146a ra\u017eotni net\u0101lu no Ogres un ar\u012b citviet k\u0101du finierfabriku.<\/p>\n<p><a href=\"https:\/\/www.europesays.com\/lv\/wp-content\/uploads\/2025\/11\/20251111-1619-mezaattfonds.jpg\" target=\"_blank\"><img decoding=\"async\" class=\"margin-3--right\" src=\"https:\/\/www.europesays.com\/lv\/wp-content\/uploads\/2025\/11\/20251111-1619-mezaattfonds.jpg\" style=\"max-width: 45%; max-height: 50%; float: left\"\/><\/a><\/p>\n","protected":false},"excerpt":{"rendered":"Invest\u0113jot apm\u0113ram 100 miljonus eiro jaunas lielform\u0101ta b\u0113rza sapl\u0101k\u0161\u0146a produktu r\u016bpn\u012bcas izveid\u0113, rad\u012btas 80 jaunas darbavietas, kas SIA&hellip;\n","protected":false},"author":2,"featured_media":58060,"comment_status":"","ping_status":"","sticky":false,"template":"","format":"standard","meta":{"footnotes":""},"categories":[12],"tags":[23,869,77,870,28,29,867,32,33,22,30,31,35,39,38,36,37,34,871,868,40,20,26,27,24,25,21],"class_list":{"0":"post-62449","1":"post","2":"type-post","3":"status-publish","4":"format-standard","5":"has-post-thumbnail","7":"category-latvija","8":"tag-aktualitates","9":"tag-biznesa-zinas","10":"tag-bizness","11":"tag-bizness-latvija","12":"tag-breaking-news","13":"tag-breakingnews","14":"tag-dienas-zinas","15":"tag-featured-news","16":"tag-featurednews","17":"tag-headlines","18":"tag-latest-news","19":"tag-latestnews","20":"tag-latvia","21":"tag-latvian","22":"tag-latviesu","23":"tag-latviesu-valoda","24":"tag-latviesuvaloda","25":"tag-latvija","26":"tag-latvijas-biznesa-zinas","27":"tag-latvijas-zinas","28":"tag-lv","29":"tag-news","30":"tag-popularakas-zinas","31":"tag-popularakaszinas","32":"tag-top-stories","33":"tag-topstories","34":"tag-zinas"},"share_on_mastodon":{"url":"https:\/\/pubeurope.com\/@lv\/115642490277400233","error":""},"_links":{"self":[{"href":"https:\/\/www.europesays.com\/lv\/wp-json\/wp\/v2\/posts\/62449","targetHints":{"allow":["GET"]}}],"collection":[{"href":"https:\/\/www.europesays.com\/lv\/wp-json\/wp\/v2\/posts"}],"about":[{"href":"https:\/\/www.europesays.com\/lv\/wp-json\/wp\/v2\/types\/post"}],"author":[{"embeddable":true,"href":"https:\/\/www.europesays.com\/lv\/wp-json\/wp\/v2\/users\/2"}],"replies":[{"embeddable":true,"href":"https:\/\/www.europesays.com\/lv\/wp-json\/wp\/v2\/comments?post=62449"}],"version-history":[{"count":0,"href":"https:\/\/www.europesays.com\/lv\/wp-json\/wp\/v2\/posts\/62449\/revisions"}],"wp:featuredmedia":[{"embeddable":true,"href":"https:\/\/www.europesays.com\/lv\/wp-json\/wp\/v2\/media\/58060"}],"wp:attachment":[{"href":"https:\/\/www.europesays.com\/lv\/wp-json\/wp\/v2\/media?parent=62449"}],"wp:term":[{"taxonomy":"category","embeddable":true,"href":"https:\/\/www.europesays.com\/lv\/wp-json\/wp\/v2\/categories?post=62449"},{"taxonomy":"post_tag","embeddable":true,"href":"https:\/\/www.europesays.com\/lv\/wp-json\/wp\/v2\/tags?post=62449"}],"curies":[{"name":"wp","href":"https:\/\/api.w.org\/{rel}","templated":true}]}}