{"id":62459,"date":"2025-12-01T05:13:08","date_gmt":"2025-12-01T05:13:08","guid":{"rendered":"https:\/\/www.europesays.com\/lv\/62459\/"},"modified":"2025-12-01T05:13:08","modified_gmt":"2025-12-01T05:13:08","slug":"pavests-leons-xiv-turcija-un-libana-aicina-uz-vienotibu-un-mieru-raksts","status":"publish","type":"post","link":"https:\/\/www.europesays.com\/lv\/62459\/","title":{"rendered":"P\u0101vests Leons XIV Turcij\u0101 un Lib\u0101n\u0101 aicina uz vienot\u012bbu un mieru \/ Raksts"},"content":{"rendered":"<p>Romas kato\u013cu bazn\u012bcas p\u0101vests Leons XIV no Turcijas ieradies Lib\u0101n\u0101. Viens no svar\u012bg\u0101kajiem vi\u0146a viz\u012btes v\u0113t\u012bjumiem ir aicin\u0101jums uz mieru un cilv\u0113ku, tai skait\u0101 kristie\u0161u, vienot\u012bbu.<\/p>\n<p>Viens no Turcijas apmekl\u0113juma iemesliem bija N\u012bkejas koncila 1700.\u00a0gadadienas svin\u012bbas. 325. gad\u0101 \u0161eit sapulc\u0113j\u0101s apm\u0113ram 300 b\u012bskapi no vis\u0101m Sen\u0101s Romas imp\u0113rijas da\u013c\u0101m. Vi\u0146i izstr\u0101d\u0101ja v\u0113l joproj\u0101m kristie\u0161u izmantotos kop\u012bgos tic\u012bbas principus. T\u0101p\u0113c simboliski bija p\u0101vesta teiktie v\u0101rdi Stambulas Sv\u0113t\u0101 Georga bazn\u012bc\u0101 kop\u012bgaj\u0101 dievkalpojum\u0101 ar Konstantinopoles ekumenisko patriarhu Bartolomeju.<\/p>\n<p>&#8220;Agr\u0101k biju\u0161i daudzi p\u0101rpratumi un pat konflikti starp da\u017e\u0101du bazn\u012bcu kristie\u0161iem, un joproj\u0101m past\u0101v \u0161\u0137\u0113r\u0161\u013ci, kas ne\u013cauj mums sasniegt piln\u012bgu kop\u012bbu. T\u0101p\u0113c m\u0113s nedr\u012bkstam atsl\u0101bt centienos p\u0113c vienot\u012bbas,&#8221; uzsv\u0113ra pontifiks.<\/p>\n<p>Ar\u012b politisko un ekonomisko probl\u0113mu p\u0101r\u0146emtaj\u0101 Lib\u0101n\u0101 p\u0101vesta viz\u012btei ir pirmk\u0101rt ir vienojo\u0161a noz\u012bme. Uzrun\u0101 prezidenta pil\u012b par t\u0113mu &#8220;sv\u0113t\u012bgi miera nes\u0113ji&#8221; Sv\u0113tais T\u0113vs uzsv\u0113ra, ka miers Lib\u0101n\u0101 ir ikdienas nepiecie\u0161am\u012bba, kas sak\u0146ojas valsts sare\u017e\u0123\u012btaj\u0101 soci\u0101laj\u0101 strukt\u016br\u0101 un past\u0101v\u012bgajos izaicin\u0101jumos. Dz\u012bvot mier\u0101 noz\u012bm\u0113 prast dz\u012bvot vienot\u012bb\u0101 un str\u0101d\u0101t kop\u0101 n\u0101kotnes lab\u0101, vi\u0146\u0161 pauda.<\/p>\n<p>                    Valodas k\u013c\u016bda rakst\u0101?<\/p>\n<p class=\"d-none d-md-block\">Iez\u012bm\u0113jiet tekstu un spiediet Ctrl+Enter, lai nos\u016bt\u012btu labojamo teksta fragmentu redaktoram! Par faktu k\u013c\u016bd\u0101m l\u016bdzam zi\u0146ot e-past\u0101 <a href=\"https:\/\/www.lsm.lv\/cdn-cgi\/l\/email-protection\" class=\"__cf_email__\" data-cfemail=\"2c5e49484d474f45464d6c405f4102405a\" rel=\"nofollow noopener\" target=\"_blank\">[email\u00a0protected]<\/a>.<\/p>\n<p class=\"d-md-none\">Iez\u012bm\u0113jiet tekstu un spiediet uz Zi\u0146ot par k\u013c\u016bdu pogas, lai nos\u016bt\u012btu labojamo teksta fragmentu redaktoram!<\/p>\n<p>\n                    Zi\u0146ot par k\u013c\u016bdu\n                <\/p>\n","protected":false},"excerpt":{"rendered":"Romas kato\u013cu bazn\u012bcas p\u0101vests Leons XIV no Turcijas ieradies Lib\u0101n\u0101. Viens no svar\u012bg\u0101kajiem vi\u0146a viz\u012btes v\u0113t\u012bjumiem ir aicin\u0101jums&hellip;\n","protected":false},"author":2,"featured_media":62460,"comment_status":"","ping_status":"","sticky":false,"template":"","format":"standard","meta":{"footnotes":""},"categories":[14],"tags":[23,57,28,29,32,33,22,30,31,35,39,38,36,37,34,40,20,26,27,24,25,54,55,56,21,58],"class_list":{"0":"post-62459","1":"post","2":"type-post","3":"status-publish","4":"format-standard","5":"has-post-thumbnail","7":"category-zinas-no-arvalstim","8":"tag-aktualitates","9":"tag-arvalstim","10":"tag-breaking-news","11":"tag-breakingnews","12":"tag-featured-news","13":"tag-featurednews","14":"tag-headlines","15":"tag-latest-news","16":"tag-latestnews","17":"tag-latvia","18":"tag-latvian","19":"tag-latviesu","20":"tag-latviesu-valoda","21":"tag-latviesuvaloda","22":"tag-latvija","23":"tag-lv","24":"tag-news","25":"tag-popularakas-zinas","26":"tag-popularakaszinas","27":"tag-top-stories","28":"tag-topstories","29":"tag-world","30":"tag-world-news","31":"tag-worldnews","32":"tag-zinas","33":"tag-zinas-no-arvalstim"},"share_on_mastodon":{"url":"https:\/\/pubeurope.com\/@lv\/115642604144252547","error":""},"_links":{"self":[{"href":"https:\/\/www.europesays.com\/lv\/wp-json\/wp\/v2\/posts\/62459","targetHints":{"allow":["GET"]}}],"collection":[{"href":"https:\/\/www.europesays.com\/lv\/wp-json\/wp\/v2\/posts"}],"about":[{"href":"https:\/\/www.europesays.com\/lv\/wp-json\/wp\/v2\/types\/post"}],"author":[{"embeddable":true,"href":"https:\/\/www.europesays.com\/lv\/wp-json\/wp\/v2\/users\/2"}],"replies":[{"embeddable":true,"href":"https:\/\/www.europesays.com\/lv\/wp-json\/wp\/v2\/comments?post=62459"}],"version-history":[{"count":0,"href":"https:\/\/www.europesays.com\/lv\/wp-json\/wp\/v2\/posts\/62459\/revisions"}],"wp:featuredmedia":[{"embeddable":true,"href":"https:\/\/www.europesays.com\/lv\/wp-json\/wp\/v2\/media\/62460"}],"wp:attachment":[{"href":"https:\/\/www.europesays.com\/lv\/wp-json\/wp\/v2\/media?parent=62459"}],"wp:term":[{"taxonomy":"category","embeddable":true,"href":"https:\/\/www.europesays.com\/lv\/wp-json\/wp\/v2\/categories?post=62459"},{"taxonomy":"post_tag","embeddable":true,"href":"https:\/\/www.europesays.com\/lv\/wp-json\/wp\/v2\/tags?post=62459"}],"curies":[{"name":"wp","href":"https:\/\/api.w.org\/{rel}","templated":true}]}}