{"id":62463,"date":"2025-12-01T05:15:08","date_gmt":"2025-12-01T05:15:08","guid":{"rendered":"https:\/\/www.europesays.com\/lv\/62463\/"},"modified":"2025-12-01T05:15:08","modified_gmt":"2025-12-01T05:15:08","slug":"sonedel-jekabpils-novada-iemirdzas-svetku-egles-jekabpils-laiks-jekabpils-zinas","status":"publish","type":"post","link":"https:\/\/www.europesays.com\/lv\/62463\/","title":{"rendered":"\u0160oned\u0113\u013c J\u0113kabpils novad\u0101 iemirdzas sv\u0113tku egles \/ J\u0113kabpils Laiks: J\u0113kabpils zi\u0146as"},"content":{"rendered":"<p>Pirm\u0101 decembra ned\u0113\u013ca J\u0113kabpils un apk\u0101rtn\u0113 sol\u0101s b\u016bt pilna ar sv\u0113tku noska\u0146u, sporta un kult\u016bras notikumiem. Gaid\u0101mi gan Ziemassv\u0113tku eg\u013cu iemirdz\u0113\u0161an\u0101s br\u012b\u017ei, gan aizraujo\u0161i sporta ma\u010di, gan iesp\u0113jas p\u0101rbaud\u012bt savas prasmes \u0161ah\u0101 un zol\u012bt\u0113, k\u0101 ar\u012b baud\u012bt deju kolekt\u012bvu priek\u0161nesumus un jaunie\u0161u sasniegumus.<\/p>\n<p>4. decembr\u012b pulksten 18:00 Vecpils\u0113tas laukum\u0101 \u2013 egles iedeg\u0161ana<\/p>\n<p>4. decembr\u012b pulksten 18.00 Vecpils\u0113tas laukum\u0101 iemirdz\u0113sies J\u0113kabpils galven\u0101 Ziemassv\u0113tku egle. Sv\u0113tku noska\u0146u rad\u012bs vok\u0101lie ansamb\u013ci \u201cKamol\u012btis\u201d un \u201cSupermeitenes\u201d, kuru dzied\u0101t\u0101ji pal\u012bdz\u0113s iedegt egles gaismi\u0146as. Pas\u0101kuma laik\u0101 darbosies ar\u012b \u201cZiemassv\u0113tku vec\u012b\u0161a pasts\u201d.<\/p>\n<p>5. decembr\u012b pulksten 16:00 Bir\u017eu Tautas nam\u0101 \u2013 egles iemirdz\u0113\u0161an\u0101s<\/p>\n<p>5.decembr\u012b pulksten 16.00 Bir\u017eu Tautas nam\u0101 svin\u012bgi tiks iedegta Bir\u017eu sv\u0113tku egle. R\u016b\u0137i ar saviem pal\u012bgiem par\u016bp\u0113sies ne tikai par egles iemirdz\u0113\u0161anos, bet ar\u012b par jautr\u0101m rota\u013c\u0101m, siltu t\u0113ju un pipark\u016bku mielastu. T\u0101pat l\u012bdz\u012bgi pas\u0101kums 6. decembr\u012b pl\u0101nots Me\u017e\u0101r\u0113, 7. decembr\u012b \u2013 G\u0101rsen\u0113 un Akn\u012bst\u0113, bet 11. decembr\u012b egle iemirdz\u0113sies Rube\u0146os.<\/p>\n<p>5. decembr\u012b pulksten 20:00 J\u0113kabpils Sporta hall\u0113 \u2013 basketbols<\/p>\n<p>5. decembr\u012b pulksten 20.00 J\u0113kabpils Sporta hall\u0113 gaid\u0101ma spraiga Ramirent basketbola l\u012bgas sp\u0113le \u2013 laukum\u0101 tiksies \u201cJ\u0113kabpils BA\u201d un \u201cBert\u0101nu Valmieras BS\u201d. Gaid\u0101ms dinamisks un aizraujo\u0161s ma\u010ds, kas sol\u0101s iepriecin\u0101t l\u012bdzjut\u0113jus.<\/p>\n<p>6. decembr\u012b pulksten 10:00 J\u0113kabpils stadiona trib\u012b\u0146u \u0113k\u0101 \u2013 \u0161ahs<\/p>\n<p>6. decembr\u012b pulksten 10.00 J\u0113kabpils stadiona trib\u012b\u0146u \u0113k\u0101 notiks ikm\u0113ne\u0161a \u0161aha balvu izc\u012b\u0146a. Turn\u012brs tiek r\u012bkots katra m\u0113ne\u0161a pirmaj\u0101 sestdien\u0101, un taj\u0101 var piedal\u012bties visi \u0161ahisti \u2013 neatkar\u012bgi no vecuma vai dzimuma. Tas ir lielisks veids, k\u0101 gan pieredz\u0113ju\u0161iem sp\u0113l\u0113t\u0101jiem, gan jaunajiem talantiem p\u0101rbaud\u012bt savas prasmes un c\u012bn\u012bties par balv\u0101m.<\/p>\n<p>6. decembr\u012b pulksten 14:00 L\u012bv\u0101nos \u2013 Eiropas deju kolekt\u012bvu sadancis<\/p>\n<p>6. decembr\u012b pulksten 14.00 L\u012bv\u0101nu novada Kult\u016bras centr\u0101 norisin\u0101sies Eiropas deju kolekt\u012bvu sadancis. Pas\u0101kum\u0101 piedal\u012bsies deju kolekt\u012bvi no da\u017e\u0101d\u0101m Latgales viet\u0101m, un tas b\u016bs ne tikai koncerts, bet ar\u012b draudz\u012bbas un pieredzes apmai\u0146as sv\u0113tki deju cien\u012bt\u0101jiem.<\/p>\n<p>6. decembr\u012b pulksten 18:00 J\u0113kabpils Tautas nam\u0101 \u2013 Jaunatnes gada balva<\/p>\n<p>6. decembr\u012b pulksten 18.00 J\u0113kabpils Tautas nam\u0101 notiks J\u0113kabpils novada Jaunatnes gada balvu pasnieg\u0161anas ceremonija. \u0160is ikgad\u0113jais notikums vieno akt\u012bv\u0101kos, rado\u0161\u0101kos un iedvesmojo\u0161\u0101kos jaunie\u0161us kop\u0101 ar vi\u0146u atbalst\u012bt\u0101jiem. Vakara s\u0101kum\u0101 tiks sumin\u0101ti br\u012bvpr\u0101t\u012bgie un balvas ieguv\u0113ji, bet p\u0113c ofici\u0101l\u0101s da\u013cas sekos svin\u012bgs balle.<\/p>\n<p>7. decembr\u012b pulksten 10:00 Bir\u017eu Tautas nam\u0101 \u2013 zol\u012btes \u010dempion\u0101ts<\/p>\n<p>7. decembr\u012b pulksten 10.00 Bir\u017eu Tautas nam\u0101 notiks 2. k\u0101rta Bir\u017eu zol\u012btes \u010dempion\u0101t\u0101. Laipni aicin\u0101ti visi, kas v\u0113las izm\u0113\u0123in\u0101t savus sp\u0113kus \u2013 godalgoto vietu ieguv\u0113ji sa\u0146ems balvas.<\/p>\n","protected":false},"excerpt":{"rendered":"Pirm\u0101 decembra ned\u0113\u013ca J\u0113kabpils un apk\u0101rtn\u0113 sol\u0101s b\u016bt pilna ar sv\u0113tku noska\u0146u, sporta un kult\u016bras notikumiem. Gaid\u0101mi gan&hellip;\n","protected":false},"author":2,"featured_media":62464,"comment_status":"","ping_status":"","sticky":false,"template":"","format":"standard","meta":{"footnotes":""},"categories":[5],"tags":[23,28,29,32,33,22,987,986,30,31,35,39,38,36,37,34,40,20,26,27,24,25,21],"class_list":{"0":"post-62463","1":"post","2":"type-post","3":"status-publish","4":"format-standard","5":"has-post-thumbnail","7":"category-aktualitates","8":"tag-aktualitates","9":"tag-breaking-news","10":"tag-breakingnews","11":"tag-featured-news","12":"tag-featurednews","13":"tag-headlines","14":"tag-jekabpils-zinas","15":"tag-jekabpilslaiks","16":"tag-latest-news","17":"tag-latestnews","18":"tag-latvia","19":"tag-latvian","20":"tag-latviesu","21":"tag-latviesu-valoda","22":"tag-latviesuvaloda","23":"tag-latvija","24":"tag-lv","25":"tag-news","26":"tag-popularakas-zinas","27":"tag-popularakaszinas","28":"tag-top-stories","29":"tag-topstories","30":"tag-zinas"},"share_on_mastodon":{"url":"https:\/\/pubeurope.com\/@lv\/115642611961123155","error":""},"_links":{"self":[{"href":"https:\/\/www.europesays.com\/lv\/wp-json\/wp\/v2\/posts\/62463","targetHints":{"allow":["GET"]}}],"collection":[{"href":"https:\/\/www.europesays.com\/lv\/wp-json\/wp\/v2\/posts"}],"about":[{"href":"https:\/\/www.europesays.com\/lv\/wp-json\/wp\/v2\/types\/post"}],"author":[{"embeddable":true,"href":"https:\/\/www.europesays.com\/lv\/wp-json\/wp\/v2\/users\/2"}],"replies":[{"embeddable":true,"href":"https:\/\/www.europesays.com\/lv\/wp-json\/wp\/v2\/comments?post=62463"}],"version-history":[{"count":0,"href":"https:\/\/www.europesays.com\/lv\/wp-json\/wp\/v2\/posts\/62463\/revisions"}],"wp:featuredmedia":[{"embeddable":true,"href":"https:\/\/www.europesays.com\/lv\/wp-json\/wp\/v2\/media\/62464"}],"wp:attachment":[{"href":"https:\/\/www.europesays.com\/lv\/wp-json\/wp\/v2\/media?parent=62463"}],"wp:term":[{"taxonomy":"category","embeddable":true,"href":"https:\/\/www.europesays.com\/lv\/wp-json\/wp\/v2\/categories?post=62463"},{"taxonomy":"post_tag","embeddable":true,"href":"https:\/\/www.europesays.com\/lv\/wp-json\/wp\/v2\/tags?post=62463"}],"curies":[{"name":"wp","href":"https:\/\/api.w.org\/{rel}","templated":true}]}}