{"id":62469,"date":"2025-12-01T05:19:14","date_gmt":"2025-12-01T05:19:14","guid":{"rendered":"https:\/\/www.europesays.com\/lv\/62469\/"},"modified":"2025-12-01T05:19:14","modified_gmt":"2025-12-01T05:19:14","slug":"lietuvas-atomelektrostacija-izcelies-ugunsgreks","status":"publish","type":"post","link":"https:\/\/www.europesays.com\/lv\/62469\/","title":{"rendered":"Lietuvas atomelektrostacij\u0101 izc\u0113lies ugunsgr\u0113ks"},"content":{"rendered":"<p>Ugunsgr\u0113ks tika lokaliz\u0113ts maz\u0101k nek\u0101 30 min\u016b\u0161u laik\u0101 p\u0113c ugunsdz\u0113s\u0113ju iera\u0161an\u0101s, un cietu\u0161o nav.<\/p>\n<p>&#8220;Plkst. 19:07 ugunsgr\u0113ks tika pasludin\u0101ts par nodz\u0113stu,&#8221; a\u0123ent\u016brai BNS past\u0101st\u012bja elektrostacijas p\u0101rst\u0101ve Jolita Ma\u017eeikiene. Vi\u0146a sac\u012bja, ka incidents s\u0101cies, kad dekontamin\u0101cijai izmantotaj\u0101 lodveida t\u012br\u012b\u0161anas iek\u0101rt\u0101 iekrauta jauna met\u0101la radioakt\u012bvo atkritumu partija.<\/p>\n<p>&#8220;T\u0101 tika aizv\u0113rta un iedarbin\u0101ta. P\u0113c br\u012b\u017ea atskan\u0113ja bl\u0101va ska\u0146a, un no ma\u0161\u012bnas filtriem s\u0101ka n\u0101kt d\u016bmi,&#8221; sac\u012bja Ma\u017eeikiene. Vi\u0146a piebilda, ka darbinieki rea\u0123\u0113ja nekav\u0113joties, izsaucot ugunsdz\u0113s\u0113jus un evaku\u0113jot teritoriju.<\/p>\n<p>Ugunsdz\u0113s\u012bbas un gl\u0101b\u0161anas dienests pazi\u0146oja, ka zi\u0146ojumu sa\u0146\u0113ma plkst. 16:37. Ugunsdz\u0113s\u0113ji ierad\u0101s tr\u012bs min\u016b\u0161u laik\u0101, evaku\u0113ja no \u0113kas devi\u0146us cilv\u0113kus un l\u012bdz plkst. 17:05 ierobe\u017eoja liesmas. \u0112ka tika klasific\u0113ta k\u0101 viena no objekta zem\u0101k\u0101 riska \u0113k\u0101m.<\/p>\n<p>Gan Ugunsdz\u0113s\u012bbas un gl\u0101b\u0161anas dienests, gan Radi\u0101cijas aizsardz\u012bbas centrs pazi\u0146oja, ka ugunsgr\u0113ks nerada draudus sabiedr\u012bbai.<\/p>\n<p>&#8220;Apk\u0101rt\u0113j\u0101s vides radi\u0101cijas l\u012bmenis nav main\u012bjies, un nav nek\u0101du draudu iedz\u012bvot\u0101jiem vai videi,&#8221; pazi\u0146ojum\u0101 nor\u0101d\u012bja Radi\u0101cijas a\u0123ent\u016bra.<\/p>\n<p>Ma\u017eeikiene sac\u012bja, ka ugunsgr\u0113ks izc\u0113lies zon\u0101, kur tiek apstr\u0101d\u0101ti vismaz\u0101k radioakt\u012bvo atkritumu. Dekontamin\u0101cijas darbi ir aptur\u0113ti, kam\u0113r r\u016bpn\u012bca izmekl\u0113 ugunsgr\u0113ka c\u0113loni.<\/p>\n<p>Vis\u0101 elektrostacij\u0101 tiks veiktas papildu p\u0101rbaudes, lai noteiktu jebk\u0101das radi\u0101cijas l\u012bme\u0146a izmai\u0146as, un ugunsdz\u0113s\u0113ju apr\u012bkojums tiks pak\u013cauts papildu p\u0101rbaudei.<\/p>\n<p>Ignalinas atomelektrostacija tika sl\u0113gta 2009. gad\u0101. Piln\u012bga demont\u0101\u017ea ir paredz\u0113ta l\u012bdz 2040. gadam.<\/p>\n","protected":false},"excerpt":{"rendered":"Ugunsgr\u0113ks tika lokaliz\u0113ts maz\u0101k nek\u0101 30 min\u016b\u0161u laik\u0101 p\u0113c ugunsdz\u0113s\u0113ju iera\u0161an\u0101s, un cietu\u0161o nav. &#8220;Plkst. 19:07 ugunsgr\u0113ks tika&hellip;\n","protected":false},"author":2,"featured_media":62470,"comment_status":"","ping_status":"","sticky":false,"template":"","format":"standard","meta":{"footnotes":""},"categories":[14],"tags":[10463,23,57,28,29,32,33,22,16425,30,31,35,39,38,36,37,34,1464,40,20,26,27,24,25,54,55,56,21,58],"class_list":{"0":"post-62469","1":"post","2":"type-post","3":"status-publish","4":"format-standard","5":"has-post-thumbnail","7":"category-zinas-no-arvalstim","8":"tag-aes","9":"tag-aktualitates","10":"tag-arvalstim","11":"tag-breaking-news","12":"tag-breakingnews","13":"tag-featured-news","14":"tag-featurednews","15":"tag-headlines","16":"tag-ignalinas-atomeletrostacija","17":"tag-latest-news","18":"tag-latestnews","19":"tag-latvia","20":"tag-latvian","21":"tag-latviesu","22":"tag-latviesu-valoda","23":"tag-latviesuvaloda","24":"tag-latvija","25":"tag-lietuva","26":"tag-lv","27":"tag-news","28":"tag-popularakas-zinas","29":"tag-popularakaszinas","30":"tag-top-stories","31":"tag-topstories","32":"tag-world","33":"tag-world-news","34":"tag-worldnews","35":"tag-zinas","36":"tag-zinas-no-arvalstim"},"share_on_mastodon":{"url":"https:\/\/pubeurope.com\/@lv\/115642627690299662","error":""},"_links":{"self":[{"href":"https:\/\/www.europesays.com\/lv\/wp-json\/wp\/v2\/posts\/62469","targetHints":{"allow":["GET"]}}],"collection":[{"href":"https:\/\/www.europesays.com\/lv\/wp-json\/wp\/v2\/posts"}],"about":[{"href":"https:\/\/www.europesays.com\/lv\/wp-json\/wp\/v2\/types\/post"}],"author":[{"embeddable":true,"href":"https:\/\/www.europesays.com\/lv\/wp-json\/wp\/v2\/users\/2"}],"replies":[{"embeddable":true,"href":"https:\/\/www.europesays.com\/lv\/wp-json\/wp\/v2\/comments?post=62469"}],"version-history":[{"count":0,"href":"https:\/\/www.europesays.com\/lv\/wp-json\/wp\/v2\/posts\/62469\/revisions"}],"wp:featuredmedia":[{"embeddable":true,"href":"https:\/\/www.europesays.com\/lv\/wp-json\/wp\/v2\/media\/62470"}],"wp:attachment":[{"href":"https:\/\/www.europesays.com\/lv\/wp-json\/wp\/v2\/media?parent=62469"}],"wp:term":[{"taxonomy":"category","embeddable":true,"href":"https:\/\/www.europesays.com\/lv\/wp-json\/wp\/v2\/categories?post=62469"},{"taxonomy":"post_tag","embeddable":true,"href":"https:\/\/www.europesays.com\/lv\/wp-json\/wp\/v2\/tags?post=62469"}],"curies":[{"name":"wp","href":"https:\/\/api.w.org\/{rel}","templated":true}]}}