{"id":62474,"date":"2025-12-01T05:23:07","date_gmt":"2025-12-01T05:23:07","guid":{"rendered":"https:\/\/www.europesays.com\/lv\/62474\/"},"modified":"2025-12-01T05:23:07","modified_gmt":"2025-12-01T05:23:07","slug":"video-trakais-basketbola-vakars-filadelfija-hawks-bez-porzinga-otraja-pagarinajuma-uzvar-76ers-tv3-lv","status":"publish","type":"post","link":"https:\/\/www.europesays.com\/lv\/62474\/","title":{"rendered":"VIDEO: Trakais basketbola vakars Filadelfij\u0101 &#8211; &quot;Hawks&quot; bez Porzi\u0146\u0123a otraj\u0101 pagarin\u0101jum\u0101 uzvar &quot;76ers&quot; &#8211; tv3.lv"},"content":{"rendered":"<ol>\n<li><a href=\"https:\/\/news.google.com\/rss\/articles\/CBMixAFBVV95cUxOY2pfVld5VVByYlJIMThsSGtaUDlDQXVyb25PX0NxbmUtYWpEcVpjZ0F4RDB6dkkxY3lfYWNJZjdrYUZJMEM0TGtqVTFsOWdfQlpudndvcEdBQkQ5OThFeFBVc2NzT3hIR0lmQzI4eEJfMXZHSDR6aTQ0WHV0Z2N2Rmk1UE1STGptRHE4ZWZ0NTBfRnBVc0R6N3VLVFRzdlk1VG0tTUxCVWRJQzdFaFE2X0tZS3dxeGNxVElXOEFoa3VMaWhf?oc=5\" target=\"_blank\" rel=\"nofollow noopener\">VIDEO: Trakais basketbola vakars Filadelfij\u0101 &#8211; &#8220;Hawks&#8221; bez Porzi\u0146\u0123a otraj\u0101 pagarin\u0101jum\u0101 uzvar &#8220;76ers&#8221;<\/a>&nbsp;&nbsp;tv3.lv<\/li>\n<li><a href=\"https:\/\/news.google.com\/rss\/articles\/CBMiqgFBVV95cUxPamIzS2dsaDhPQnN6ZjFvYlNIMG1WcjBCYjkyVU1Qci1HRFNzT1FTM09IR08yZjZ3enh4Qk1rekplSDR2ZXZDcl9jUU1vRzRlSVVLaWVCZkVCdnlHcE5kQlQ5UXdEUVVfV2FTOHZOdE1JekM1N3dqR3hHZEREWU44M2NRdFk3Yk5ya1phbV9QV3dMb2pMVno2Szd2MzV1cTNiYzFrLXEwLUUzUQ?oc=5\" target=\"_blank\" rel=\"nofollow noopener\">Porzi\u0146\u0123is nepiedal\u012bsies ar\u012b &#8220;Hawks&#8221; n\u0101kamaj\u0101 sp\u0113l\u0113<\/a>&nbsp;&nbsp;Delfi<\/li>\n<li><a href=\"https:\/\/news.google.com\/rss\/articles\/CBMilAFBVV95cUxNYzFoTk8yM3pPR0VSSXptRmJmbjB4LU5COXRpdDg0T2VhS1dEYVozdXR4N3Zrb2w5NmJxTXBjYS00ak5jNXFBV0N6YjgtWTRrQU1sMHN3R1dJZjVkVGZsSnY5VnpYYzlVWDd0MVdxSGR4ellKTXpZN3lMMjlEUlVHN1ZpVGI2MU1kcVFvUEpQenFsaFJQ?oc=5\" target=\"_blank\" rel=\"nofollow noopener\">Porzi\u0146\u0123is slim\u012bbas d\u0113\u013c nesp\u0113l\u0113, D\u017eonsons ar triple-double kaldina Atlantas uzvaru \u2013 Basketbols<\/a>&nbsp;&nbsp;Sportacentrs.com<\/li>\n<li><a href=\"https:\/\/news.google.com\/rss\/articles\/CBMihgFBVV95cUxNclZvaXpIczVuazdYcEduR2kzaGpqUFc3djNYb3U5NFY2bWlSQlFRZ3pab05OR0U1VVB5LWVzLW0wTm1GWEFlSG1aVE9hczF1LTU4RUljOHp4ZzJWaElmcV9fYUtWeGhmZjdyeWt1b0FJbk9fYU81VlhkUmZyV2V6OVMwRnVPZw?oc=5\" target=\"_blank\" rel=\"nofollow noopener\">&#8220;Hawks&#8221; bez Porzi\u0146\u0123a pal\u012bdz\u012bbas pieveic &#8220;Cavaliers&#8221;<\/a>&nbsp;&nbsp;TVNET Sports<\/li>\n<li><a href=\"https:\/\/news.google.com\/rss\/articles\/CBMiuAFBVV95cUxOVEltb1V0ZWtPMXRCY1p0T2djMkx4RVhOTm5YRTd0SVhlR3lnVWZVMXNiTmNZOFFMMU1XRG1rZDJtTHh6c1YwZ0FuaDY5S0VEaGxad0RlZDZ2emc4MHFTNkR1WThvRGRHT0pXUFJLYVhVSWg1V3VrblR3N3hJM24xeU80VFBiOFlrM3BrcXVXZ2RKOG9uaUgyeFREOXZlNkRSMng1UXlyVjgyUEtaTkNEcnZSRlZIUkVl?oc=5\" target=\"_blank\" rel=\"nofollow noopener\">Porzi\u0146\u0123a pirmais m\u0113nesis Atlant\u0101 \u2013 sast\u0101v\u0101 ar vispla\u0161\u0101ko komandas sp\u0113li<\/a>&nbsp;&nbsp;liepajniekiem.lv<\/li>\n<\/ol>\n","protected":false},"excerpt":{"rendered":"VIDEO: Trakais basketbola vakars Filadelfij\u0101 &#8211; &#8220;Hawks&#8221; bez Porzi\u0146\u0123a otraj\u0101 pagarin\u0101jum\u0101 uzvar &#8220;76ers&#8221;&nbsp;&nbsp;tv3.lv Porzi\u0146\u0123is nepiedal\u012bsies ar\u012b &#8220;Hawks&#8221; n\u0101kamaj\u0101&hellip;\n","protected":false},"author":2,"featured_media":62475,"comment_status":"","ping_status":"","sticky":false,"template":"","format":"standard","meta":{"footnotes":""},"categories":[17],"tags":[35,39,38,36,37,34,40,1258,67],"class_list":{"0":"post-62474","1":"post","2":"type-post","3":"status-publish","4":"format-standard","5":"has-post-thumbnail","7":"category-sports","8":"tag-latvia","9":"tag-latvian","10":"tag-latviesu","11":"tag-latviesu-valoda","12":"tag-latviesuvaloda","13":"tag-latvija","14":"tag-lv","15":"tag-nba","16":"tag-sports"},"share_on_mastodon":{"url":"https:\/\/pubeurope.com\/@lv\/115642643450496260","error":""},"_links":{"self":[{"href":"https:\/\/www.europesays.com\/lv\/wp-json\/wp\/v2\/posts\/62474","targetHints":{"allow":["GET"]}}],"collection":[{"href":"https:\/\/www.europesays.com\/lv\/wp-json\/wp\/v2\/posts"}],"about":[{"href":"https:\/\/www.europesays.com\/lv\/wp-json\/wp\/v2\/types\/post"}],"author":[{"embeddable":true,"href":"https:\/\/www.europesays.com\/lv\/wp-json\/wp\/v2\/users\/2"}],"replies":[{"embeddable":true,"href":"https:\/\/www.europesays.com\/lv\/wp-json\/wp\/v2\/comments?post=62474"}],"version-history":[{"count":0,"href":"https:\/\/www.europesays.com\/lv\/wp-json\/wp\/v2\/posts\/62474\/revisions"}],"wp:featuredmedia":[{"embeddable":true,"href":"https:\/\/www.europesays.com\/lv\/wp-json\/wp\/v2\/media\/62475"}],"wp:attachment":[{"href":"https:\/\/www.europesays.com\/lv\/wp-json\/wp\/v2\/media?parent=62474"}],"wp:term":[{"taxonomy":"category","embeddable":true,"href":"https:\/\/www.europesays.com\/lv\/wp-json\/wp\/v2\/categories?post=62474"},{"taxonomy":"post_tag","embeddable":true,"href":"https:\/\/www.europesays.com\/lv\/wp-json\/wp\/v2\/tags?post=62474"}],"curies":[{"name":"wp","href":"https:\/\/api.w.org\/{rel}","templated":true}]}}