{"id":62476,"date":"2025-12-01T05:25:12","date_gmt":"2025-12-01T05:25:12","guid":{"rendered":"https:\/\/www.europesays.com\/lv\/62476\/"},"modified":"2025-12-01T05:25:12","modified_gmt":"2025-12-01T05:25:12","slug":"brisele-pievelk-skruves-dalibvalstu-suverenitate-saruk-acu-prieksa","status":"publish","type":"post","link":"https:\/\/www.europesays.com\/lv\/62476\/","title":{"rendered":"Brisele pievelk skr\u016bves \u2013 dal\u012bbvalstu suverenit\u0101te sar\u016bk acu priek\u0161\u0101"},"content":{"rendered":"<p>                                                                    <img decoding=\"async\" src=\"https:\/\/www.europesays.com\/lv\/wp-content\/uploads\/2025\/12\/22070.jpg\" alt=\"Foto\" id=\"mainfoto\" \/><br \/> <br \/>\n                                    Ringolds Balodis \u00b7 01.12.2025. \u00b7 <a href=\"\/\/m.pietiek.com\/lapa.php\/raksti\/ne_tikai_par_geju_laulibam_brisele_pievelk_skruves__dalibvalstu_suverenitate_saruk_acu_prieksa\/komentari\">Koment\u0101ri (0)<\/a><\/p>\n<p id=\"share\">Iesaki rakstu:<br \/><a href=\"https:\/\/twitter.com\/intent\/tweet?text=Iesaku: Ne tikai par geju laul\u012bb\u0101m: Brisele pievelk skr\u016bves \u2013 dal\u012bbvalstu suverenit\u0101te sar\u016bk acu priek\u0161\u0101&amp;url=http:\/\/www.pietiek.com\/raksti\/ne_tikai_par_geju_laulibam_brisele_pievelk_skruves__dalibvalstu_suverenitate_saruk_acu_prieksa\/\" rel=\"nofollow noopener\" target=\"_blank\"><img decoding=\"async\" src=\"https:\/\/www.europesays.com\/lv\/wp-content\/uploads\/2025\/10\/twt.png\" alt=\"Twitter\" border=\"0\" \/><\/a><br \/>\n                    <a href=\"https:\/\/www.facebook.com\/share.php?u=http:\/\/www.pietiek.com\/raksti\/ne_tikai_par_geju_laulibam_brisele_pievelk_skruves__dalibvalstu_suverenitate_saruk_acu_prieksa\/\" rel=\"nofollow noopener\" target=\"_blank\"><img decoding=\"async\" src=\"https:\/\/www.europesays.com\/lv\/wp-content\/uploads\/2025\/10\/fcb.png\" alt=\"Facebook\" border=\"0\" \/><\/a><\/p>\n<p>                    <a href=\"http:\/\/www.pietiek.com\/raksti\/ne_tikai_par_geju_laulibam_brisele_pievelk_skruves__dalibvalstu_suverenitate_saruk_acu_prieksa\/#\" onclick=\"DraugiemSay(&#039;Ne tikai par geju laul\u012bb\u0101m: Brisele pievelk skr\u016bves \u2013 dal\u012bbvalstu suverenit\u0101te sar\u016bk acu priek\u0161\u0101&#039;, &#039;http:\/\/www.pietiek.com\/raksti\/ne_tikai_par_geju_laulibam_brisele_pievelk_skruves__dalibvalstu_suverenitate_saruk_acu_prieksa\/&#039;, &#039;Pietiek.com&#039;);return false;\" title=\"draugiem.lv\" rel=\"nofollow noopener\" target=\"_blank\"><img decoding=\"async\" src=\"https:\/\/www.europesays.com\/lv\/wp-content\/uploads\/2025\/10\/drg.png\" alt=\"Draugiem.lv\" border=\"0\" \/><\/a>\n                    <\/p>\n<p><p>Ir pie\u0146emts ES Tiesas (EST) spriedums, kas nosaka \u2014 dal\u012bbvalst\u012bm\u00a0ir j\u0101atz\u012bst viendzimuma p\u0101ra laul\u012bba, ja t\u0101 ir nosl\u0113gta cit\u0101 ES valst\u012b. \u0160is l\u0113mums man zin\u0101m\u0101 m\u0113r\u0101 atg\u0101dina slaveno ASV Augst\u0101k\u0101s tiesas lietu\u00a0Dred Scott v. Sandford\u00a0(1857). Protams, abu lietu saturs ir \u013coti at\u0161\u0137ir\u012bgs: vien\u0101 tika risin\u0101ts jaut\u0101jums par cilv\u0113ka \u2014 biju\u0161\u0101 verga br\u012bv\u012bbas atz\u012b\u0161anu, bet otr\u0101 par viendzimuma laul\u012bbu juridisko statusu. L\u012bdz\u012bba nav temat\u0101, bet\u00a0juridiskaj\u0101s sek\u0101s,\u00a0un\u00a0Dred Scott\u00a0liet\u0101 t\u0101s bija\u00a0\u013coti t\u0101lejo\u0161as. Spriedums saasin\u0101ja Zieme\u013cu un Dienvidu konfliktu un tiek uzskat\u012bts par vienu no ieganstiem, kas sekm\u0113ja Amerikas pilso\u0146u karu. Par \u0161o lietu sarakst\u012btas neskait\u0101mas juridisk\u0101s esejas\u2026<\/p>\n<\/p>\n<p>1.Dred Scott: v\u0113sturiska paral\u0113le ES spriedumam<\/p>\n<p>1857,gad\u0101 ASV bija dzi\u013ci sa\u0161\u0137eltas: da\u013ca \u0161tatu atbalst\u012bja verdz\u012bbu, bet Zieme\u013cu \u0161tatos t\u0101 bija aizliegta. Vergs Dreds Skots vair\u0101kus gadus dz\u012bvoja Ilinois\u0101 un Viskonsin\u0101 \u2014 teritorij\u0101s, kur verdz\u012bba bija piln\u012bb\u0101 aizliegta, un vi\u0146a saimnieks pret vi\u0146u iztur\u0113j\u0101s k\u0101 pret br\u012bvu cilv\u0113ku. P\u0113c saimnieka n\u0101ves Dreds nol\u0113ma juridiski nostiprin\u0101t savu br\u012bv\u012bbas statusu un v\u0113rs\u0101s ties\u0101. Lieta non\u0101ca l\u012bdz pat ASV Augst\u0101kajai tiesai.<\/p>\n<p>Taj\u0101 laik\u0101 Augst\u0101k\u0101s tiesas sast\u0101v\u0101 domin\u0113ja Dienvidu \u0161tatu tiesne\u0161i, kas bija labv\u0113l\u012bgi verdz\u012bbas instit\u016btam. Rezult\u0101t\u0101 tika pie\u0146emts viens no viskritiz\u0113t\u0101kajiem spriedumiem Amerikas tiesu v\u0113stur\u0113. Tiesa nol\u0113ma, ka vergs paliek vergs neatkar\u012bgi no t\u0101, kur\u0101 \u0161tat\u0101 vi\u0146\u0161 ir dz\u012bvojis un cik ilgi, t\u0101tad pat uztur\u0113\u0161an\u0101s \u201cbr\u012bvaj\u0101 teritorij\u0101\u201d nedod ties\u012bbas uz br\u012bv\u012bbu. Turkl\u0101t tiesa faktiski pasludin\u0101ja, ka verdz\u012bba ir aizsarg\u0101jama vis\u0101 ASV teritorij\u0101, neatkar\u012bgi no atsevi\u0161\u0137u \u0161tatu likumiem. Spriedums izrais\u012bja milz\u012bgu sa\u0161utumu Zieme\u013cos un v\u0113l vair\u0101k saasin\u0101ja politisko spriedzi starp verdz\u012bbu atbalsto\u0161ajiem un verdz\u012bbu noraido\u0161ajiem \u0161tatiem. To bie\u017ei min k\u0101 vienu no katalizatoriem, kas strauji tuvin\u0101ja valsti Amerikas pilso\u0146u karam. \u0160is spriedums k\u013cuva par simbolu tam, cik b\u012bstama var k\u013c\u016bt tiesu vara, ja t\u0101 pie\u0146em politiski motiv\u0113tus l\u0113mumus, kas p\u0101rk\u0101pj cilv\u0113kties\u012bbu un vienl\u012bdz\u012bbas principus.<\/p>\n<p>2. Kad tiesas k\u013c\u016bst par likumdev\u0113jiem: kur beidzas demokr\u0101tija un s\u0101kas tiesu politika?<\/p>\n<p>K\u0101 redzam, abos gad\u012bjumos augst\u0101k\u0101 tiesu instance pie\u0146\u0113ma l\u0113mumu, kura ietekme p\u0101rsniedza konkr\u0113to str\u012bdu un b\u016btiski ierobe\u017eoja dal\u012bbvalstu vai \u0161tatu iesp\u0113jas r\u012bkoties saska\u0146\u0101 ar sav\u0101m pa\u0161noteik\u0161an\u0101s trad\u012bcij\u0101m. Abos gad\u012bjumos augst\u0101k\u0101 tiesu instance pie\u0146\u0113ma l\u0113mumu, kas \u2014 neatkar\u012bgi no t\u0101 mot\u012bviem \u2014 raisa pla\u0161as un neprognoz\u0113jamas politisk\u0101s un sabiedrisk\u0101s sekas, \u012bpa\u0161i, ja l\u0113mums skar jomas, kur\u0101s sabiedr\u012bb\u0101 nav pan\u0101kts konsenss.<\/p>\n<p>Dred Scott spriedums tiek uzskat\u012bts par vienu no cilv\u0113kties\u012bbu p\u0101rk\u0101pumu kulmin\u0101cij\u0101m pirms Amerikas pilso\u0146u kara, jo tas non\u0101ca kras\u0101 pretrun\u0101 ar lielas sabiedr\u012bbas da\u013cas v\u0113rt\u012bb\u0101m un past\u0101vo\u0161aj\u0101m trad\u012bcij\u0101m. EST spriedums ir lo\u0123isks turpin\u0101jums ES politikai attiec\u012bb\u0101 par viendzimuma laul\u012bb\u0101m. Vai EST spriedums k\u013c\u016bs par politiskas un sabiedriskas eskal\u0101cijas katalizatoru, r\u0101d\u012bs laiks. Bet skaidrs ir tas, ka l\u012bdz\u012bgi k\u0101 ASV Augst\u0101k\u0101s tiesas spriedumi ar\u012b EST l\u0113mumi autom\u0101tiski k\u013c\u016bst saisto\u0161i vis\u0101m dal\u012bbvalst\u012bm, ne tikai konkr\u0113t\u0101s lietas pus\u0113m. Tas noz\u012bm\u0113, ka sprieduma sekas ir struktur\u0101las, nevis individu\u0101las, un var skart visu ES ties\u012bbu telpu. Tiesas l\u0113mums k\u013c\u016bst par politisk\u0101s realit\u0101tes noteic\u0113ju, apejot nacion\u0101lo likumdev\u0113ju un sabiedr\u012bbas vair\u0101kuma viedokli.<\/p>\n<p>3.Dal\u012bbvalstu veto n\u0101kotne un suverenit\u0101tes sa\u0161aurin\u0101\u0161an\u0101s Eirop\u0101<\/p>\n<p>Un skaidrs ir ar\u012b tas, ka dal\u012bbvalstu suverenit\u0101te ES ietvaros k\u013c\u016bst arvien iluzor\u0101ka un \u0161is spriedums to sa\u0161aurina v\u0113l vair\u0101k. L\u012bdz ar Lielbrit\u0101nijas aizie\u0161anu no ES ir pazudis ar\u012b liel\u0101kais Eiropas Savien\u012bbas t\u0101l\u0101kas federaliz\u0101cijas bremz\u0113t\u0101js. Tas savuk\u0101rt pav\u0113ra ce\u013cu t\u0101l\u0101kai integr\u0101cijai virzien\u0101, kur\u0101 nacion\u0101lo parlamentu loma mazin\u0101s, bet Briseles un ES tiesu ietekme pieaug.<\/p>\n<p>Dom\u0101ju, ka redz\u0113sim ar\u012b citus so\u013cus \u2014 piem\u0113ram, diskusijas par veto ties\u012bbu atcel\u0161anu \u0101rpolitik\u0101 vai nodok\u013cu jaut\u0101jumos. Tas noz\u012bm\u0113tu, ka dal\u012bbvalstu tautas griba un nacion\u0101lo parlamentu balsojumi bie\u017ei vien k\u013c\u016bs par form\u0101lu proced\u016bru, nevis re\u0101lu demokr\u0101tisku l\u0113mumu. \u0160\u0101das tendences tikai pastiprina jaut\u0101jumu: cik ilgi dal\u012bbvalstu suverenit\u0101te b\u016bs re\u0101la, nevis deklarat\u012bva?<\/p>\n<p>Nov\u0113rt\u0113 \u0161o rakstu:<\/p>\n<p>0<\/p>\n<p>0<\/p>\n<p>                <script async src=\"https:\/\/platform.twitter.com\/widgets.js\" charset=\"utf-8\"><\/script><\/p>\n","protected":false},"excerpt":{"rendered":"Ringolds Balodis \u00b7 01.12.2025. \u00b7 Koment\u0101ri (0) Iesaki rakstu: Ir pie\u0146emts ES Tiesas (EST) spriedums, kas nosaka \u2014&hellip;\n","protected":false},"author":2,"featured_media":62477,"comment_status":"","ping_status":"","sticky":false,"template":"","format":"standard","meta":{"footnotes":""},"categories":[14],"tags":[23,57,28,29,32,33,22,30,31,35,39,38,36,37,34,40,20,26,27,24,25,54,55,56,21,58],"class_list":{"0":"post-62476","1":"post","2":"type-post","3":"status-publish","4":"format-standard","5":"has-post-thumbnail","7":"category-zinas-no-arvalstim","8":"tag-aktualitates","9":"tag-arvalstim","10":"tag-breaking-news","11":"tag-breakingnews","12":"tag-featured-news","13":"tag-featurednews","14":"tag-headlines","15":"tag-latest-news","16":"tag-latestnews","17":"tag-latvia","18":"tag-latvian","19":"tag-latviesu","20":"tag-latviesu-valoda","21":"tag-latviesuvaloda","22":"tag-latvija","23":"tag-lv","24":"tag-news","25":"tag-popularakas-zinas","26":"tag-popularakaszinas","27":"tag-top-stories","28":"tag-topstories","29":"tag-world","30":"tag-world-news","31":"tag-worldnews","32":"tag-zinas","33":"tag-zinas-no-arvalstim"},"share_on_mastodon":{"url":"https:\/\/pubeurope.com\/@lv\/115642651417136333","error":""},"_links":{"self":[{"href":"https:\/\/www.europesays.com\/lv\/wp-json\/wp\/v2\/posts\/62476","targetHints":{"allow":["GET"]}}],"collection":[{"href":"https:\/\/www.europesays.com\/lv\/wp-json\/wp\/v2\/posts"}],"about":[{"href":"https:\/\/www.europesays.com\/lv\/wp-json\/wp\/v2\/types\/post"}],"author":[{"embeddable":true,"href":"https:\/\/www.europesays.com\/lv\/wp-json\/wp\/v2\/users\/2"}],"replies":[{"embeddable":true,"href":"https:\/\/www.europesays.com\/lv\/wp-json\/wp\/v2\/comments?post=62476"}],"version-history":[{"count":0,"href":"https:\/\/www.europesays.com\/lv\/wp-json\/wp\/v2\/posts\/62476\/revisions"}],"wp:featuredmedia":[{"embeddable":true,"href":"https:\/\/www.europesays.com\/lv\/wp-json\/wp\/v2\/media\/62477"}],"wp:attachment":[{"href":"https:\/\/www.europesays.com\/lv\/wp-json\/wp\/v2\/media?parent=62476"}],"wp:term":[{"taxonomy":"category","embeddable":true,"href":"https:\/\/www.europesays.com\/lv\/wp-json\/wp\/v2\/categories?post=62476"},{"taxonomy":"post_tag","embeddable":true,"href":"https:\/\/www.europesays.com\/lv\/wp-json\/wp\/v2\/tags?post=62476"}],"curies":[{"name":"wp","href":"https:\/\/api.w.org\/{rel}","templated":true}]}}