{"id":62486,"date":"2025-12-01T05:32:07","date_gmt":"2025-12-01T05:32:07","guid":{"rendered":"https:\/\/www.europesays.com\/lv\/62486\/"},"modified":"2025-12-01T05:32:07","modified_gmt":"2025-12-01T05:32:07","slug":"vindr-cesu-novada-grib-buvet-veja-parku-ar-300-metru-augstiem-torniem-dienas-bizness","status":"publish","type":"post","link":"https:\/\/www.europesays.com\/lv\/62486\/","title":{"rendered":"Vindr C\u0113su novad\u0101 grib b\u016bv\u0113t v\u0113ja parku ar 300 metru augstiem tor\u0146iem :: Dienas Bizness"},"content":{"rendered":"<p class=\"text-font font-size--text-xlarge margin-3--bottom font-weight--bold padding-1--top\">Atjaun\u012bg\u0101s ener\u0123ijas uz\u0146\u0113mums Vindr Latvia SIA pl\u0101no att\u012bst\u012bt v\u0113ja parku \u201cVidzeme\u201d C\u0113su novad\u0101. Paredz\u0113ts, ka projekta ietvaros tiks uzst\u0101d\u012btas l\u012bdz 43 v\u0113ja elektrostacij\u0101m ar kop\u0113jo jaudu l\u012bdz 309,6 megavatiem.<\/p>\n<p class=\"text-font font-size--text-xlarge margin-3--bottom\">Inform\u0101cija Ener\u0123\u0113tikas un vides a\u0123ent\u016bras m\u0101jaslap\u0101 liecina, ka IVN proces\u0101 pieteiktais un ietekmju nov\u0113rt\u0113jum\u0101 pie\u0146emtais VES augstums ir l\u012bdz 300 m un katras VES jauda \u2013 8 MW, lai gan turb\u012bnas ar \u0161\u0101du augstumu un jaudu pagaid\u0101m v\u0113l nera\u017eo (Iesnieguma sagatavo\u0161anas br\u012bd\u012b \u2013 2025.g.). Prec\u012bzs izb\u016bv\u0113jamo VES skaits un novietojums, k\u0101 ar\u012b uzst\u0101d\u0101mo VES modelis un tehniskie raksturlielumi \u0161obr\u012bd v\u0113l nav noteikti. IVN procesa ietvaros ir paredz\u0113ts v\u0113rt\u0113t vair\u0101kus VES mode\u013cus, kop\u0113jo uzst\u0101d\u0101mo VES skaitu, to izvietojumu un V\u0113ja parka kop\u0113jo jaudu. Izp\u0113tes teritorij\u0101 ietilpst 40 zemes vien\u012bbas. Izp\u0113tes teritorijas plat\u012bba ir 4760,245 ha. Lai nodro\u0161in\u0101tu sara\u017eot\u0101s elektroener\u0123ijas nodo\u0161anu kop\u0113j\u0101 t\u012bkl\u0101, tiks izb\u016bv\u0113ta jauna apak\u0161stacija. Apak\u0161staciju ir paredz\u0113ts piesl\u0113gt 330 kV elektrop\u0101rvades l\u012bnijai \u201cAizkraukle-Valmiera\u201d.<\/p>\n<p class=\"text-font font-size--text-xlarge margin-3--bottom\">Uz\u0146\u0113muma p\u0101rst\u0101vji kop\u0101 ar Norv\u0113\u0123ijas v\u0113stnieci Latvij\u0101 \u012ani Morengu (Ine M\u00e5reng) aizvad\u012btaj\u0101 ned\u0113\u013c\u0101 apmekl\u0113ja topo\u0161\u0101 v\u0113ja parka vietu, k\u0101 ar\u012b tik\u0101s ar C\u0113su novada domes p\u0101rst\u0101vjiem, lai p\u0101rrun\u0101tu sadarb\u012bbu un inform\u0113tu par projekta ieceri.<\/p>\n<p class=\"text-font font-size--text-xlarge margin-3--bottom\">\u201cV\u0113ja parks \u201cVidzeme\u201d ir iesp\u0113ja n\u0101kotn\u0113 stiprin\u0101t Latvijas ener\u0123\u0113tisko dro\u0161\u012bbu un sniegt ieguld\u012bjumu re\u0123iona att\u012bst\u012bb\u0101. T\u0101 k\u0101 projekts \u0161obr\u012bd ir agr\u012bn\u0101 ieceres posm\u0101, mums ir \u012bpa\u0161i svar\u012bgi uzklaus\u012bt viet\u0113jo kopienu un veidot atkl\u0101tu dialogu jau no pa\u0161a s\u0101kuma. Dr\u012bzum\u0101 s\u0101ksim ietekmes uz vidi nov\u0113rt\u0113juma procesu un aicin\u0101sim iedz\u012bvot\u0101jus piedal\u012bties sabiedriskaj\u0101 apsprie\u0161an\u0101, lai ikviens var\u0113tu sa\u0146emt atbildes uz sev svar\u012bgiem jaut\u0101jumiem un paust savu viedokli,\u201d nor\u0101da Vindr Latvia vad\u012bt\u0101ja Baiba Zauere.<\/p>\n<p class=\"text-font font-size--text-xlarge margin-3--bottom\">V\u0113ja parka \u201cVidzeme\u201d un ar to saist\u012bt\u0101s infrastrukt\u016bras ietekmes uz vidi nov\u0113rt\u0113juma (IVN) proced\u016bru paredz\u0113ts s\u0101kt n\u0101kam\u0101 gada s\u0101kum\u0101. Tiks organiz\u0113tas sabiedrisk\u0101s apsprie\u0161anas san\u0101ksmes, kur\u0101s b\u016bs aicin\u0101ti piedal\u012bties visi interesenti, lai sa\u0146emtu inform\u0101ciju par projektu, uzdotu jaut\u0101jumus un paustu savu viedokli. V\u0113ja parku pl\u0101nots att\u012bst\u012bt C\u0113su novada Amatas, Vaives, Veselavas un Skujenes pagastos.<\/p>\n<p class=\"text-font font-size--text-xlarge margin-3--bottom\">\u201cT\u0101dos projektos, k\u0101ds ir v\u0113ja parks \u201cVidzeme\u201d, m\u0113s redzam ne tikai ekonomisku potenci\u0101lu, bet ar\u012b iesp\u0113ju \u012bstenot ilgtsp\u0113j\u012bgas ener\u0123ijas risin\u0101jumus, kas balst\u0101s uz Latvijas un Norv\u0113\u0123ijas kop\u012bgaj\u0101m v\u0113rt\u012bb\u0101m \u2013 atbild\u012bbu pret vidi, sabiedr\u012bbu un n\u0101kotnes paaudz\u0113m. \u0160\u0101da pieeja nodro\u0161ina, ka ener\u0123\u0113tikas projekti sniedz ieguvumus gan viet\u0113jiem iedz\u012bvot\u0101jiem, gan pla\u0161\u0101kai Latvijas ekonomikai,\u201d uzsver Norv\u0113\u0123ijas v\u0113stniece Latvij\u0101 \u012ane Morenga.<\/p>\n<p class=\"text-font font-size--text-xlarge margin-3--bottom\">S\u0101kotn\u0113ji Vidzem\u0113 bija pl\u0101noti divi atsevi\u0161\u0137i v\u0113ja parki, ta\u010du, izv\u0113rt\u0113jot teritoriju, vides apst\u0101k\u013cus un tehnisk\u0101s iesp\u0113jas, nolemts apvienot p\u0113t\u0101mo zonu vien\u0101 liel\u0101k\u0101 park\u0101 \u2013 \u201cVidzeme\u201d. Tas \u013cauj vienk\u0101r\u0161ot sabiedr\u012bbas iesaistes un apsprie\u0161anas procesu, k\u0101 ar\u012b nodro\u0161in\u0101t efekt\u012bv\u0101ku zemes izmanto\u0161anu un optim\u0101lu vides ietekmes p\u0101rvald\u012bbu. Vienots parks noz\u012bm\u0113 skaidr\u0101ku komunik\u0101ciju ar viet\u0113j\u0101m kopien\u0101m, p\u0101rskat\u0101m\u0101kus infrastrukt\u016bras pl\u0101nus un vienk\u0101r\u0161\u0101ku projekta \u012bsteno\u0161anu, saglab\u0101jot iesp\u0113ju sniegt noz\u012bm\u012bgu ieguld\u012bjumu re\u0123iona ener\u0123\u0113tik\u0101 un ekonomiskaj\u0101 att\u012bst\u012bb\u0101.<\/p>\n<p class=\"text-font font-size--text-xlarge margin-3--bottom\">Uz\u0146\u0113mums Vindr Latvia ir da\u013ca no starptautiskas atjaun\u012bg\u0101s ener\u0123ijas grupas, kas att\u012bsta v\u0113ja un saules ener\u0123ijas projektus Latvij\u0101, Igaunij\u0101, Norv\u0113\u0123ij\u0101 un Zviedrij\u0101. Latvij\u0101 uz\u0146\u0113mums pa\u0161laik att\u012bsta projektu portfeli ar kop\u0113jo jaudu l\u012bdz 1,2 gigavatiem ar m\u0113r\u0137i b\u016btiski veicin\u0101t za\u013c\u0101s ener\u0123ijas pieejam\u012bbu un ener\u0123\u0113tisko neatkar\u012bbu. Topo\u0161ais v\u0113ja parks \u201cVidzeme\u201d ir da\u013ca no uz\u0146\u0113muma ilgtermi\u0146a invest\u012bciju pl\u0101na atjaun\u012bg\u0101s ener\u0123ijas att\u012bst\u012bbai Latvij\u0101.<\/p>\n<p class=\"text-font font-size--text-xlarge margin-3--bottom\">&#8220;Vindr Latvia&#8221; 2024. gad\u0101 ie\u0146\u0113mumus no pamatdarb\u012bbas neguva un cieta zaud\u0113jumus 329 630 eiro apm\u0113r\u0101. &#8220;Vindr Latvia&#8221; re\u0123istr\u0113ta 2023. gad\u0101, un t\u0101s pamatkapit\u0101ls ir 3780 eiro. Uz\u0146\u0113muma vien\u012bgais \u012bpa\u0161nieks ir Norv\u0113\u0123ij\u0101 re\u0123istr\u0113t\u0101 komp\u0101nija &#8220;Vindr&#8221;.<\/p>\n","protected":false},"excerpt":{"rendered":"Atjaun\u012bg\u0101s ener\u0123ijas uz\u0146\u0113mums Vindr Latvia SIA pl\u0101no att\u012bst\u012bt v\u0113ja parku \u201cVidzeme\u201d C\u0113su novad\u0101. Paredz\u0113ts, ka projekta ietvaros tiks&hellip;\n","protected":false},"author":2,"featured_media":62487,"comment_status":"","ping_status":"","sticky":false,"template":"","format":"standard","meta":{"footnotes":""},"categories":[12],"tags":[23,869,77,870,28,29,867,32,33,22,30,31,35,39,38,36,37,34,871,868,40,20,26,27,24,25,21],"class_list":{"0":"post-62486","1":"post","2":"type-post","3":"status-publish","4":"format-standard","5":"has-post-thumbnail","7":"category-latvija","8":"tag-aktualitates","9":"tag-biznesa-zinas","10":"tag-bizness","11":"tag-bizness-latvija","12":"tag-breaking-news","13":"tag-breakingnews","14":"tag-dienas-zinas","15":"tag-featured-news","16":"tag-featurednews","17":"tag-headlines","18":"tag-latest-news","19":"tag-latestnews","20":"tag-latvia","21":"tag-latvian","22":"tag-latviesu","23":"tag-latviesu-valoda","24":"tag-latviesuvaloda","25":"tag-latvija","26":"tag-latvijas-biznesa-zinas","27":"tag-latvijas-zinas","28":"tag-lv","29":"tag-news","30":"tag-popularakas-zinas","31":"tag-popularakaszinas","32":"tag-top-stories","33":"tag-topstories","34":"tag-zinas"},"share_on_mastodon":{"url":"https:\/\/pubeurope.com\/@lv\/115642678992427306","error":""},"_links":{"self":[{"href":"https:\/\/www.europesays.com\/lv\/wp-json\/wp\/v2\/posts\/62486","targetHints":{"allow":["GET"]}}],"collection":[{"href":"https:\/\/www.europesays.com\/lv\/wp-json\/wp\/v2\/posts"}],"about":[{"href":"https:\/\/www.europesays.com\/lv\/wp-json\/wp\/v2\/types\/post"}],"author":[{"embeddable":true,"href":"https:\/\/www.europesays.com\/lv\/wp-json\/wp\/v2\/users\/2"}],"replies":[{"embeddable":true,"href":"https:\/\/www.europesays.com\/lv\/wp-json\/wp\/v2\/comments?post=62486"}],"version-history":[{"count":0,"href":"https:\/\/www.europesays.com\/lv\/wp-json\/wp\/v2\/posts\/62486\/revisions"}],"wp:featuredmedia":[{"embeddable":true,"href":"https:\/\/www.europesays.com\/lv\/wp-json\/wp\/v2\/media\/62487"}],"wp:attachment":[{"href":"https:\/\/www.europesays.com\/lv\/wp-json\/wp\/v2\/media?parent=62486"}],"wp:term":[{"taxonomy":"category","embeddable":true,"href":"https:\/\/www.europesays.com\/lv\/wp-json\/wp\/v2\/categories?post=62486"},{"taxonomy":"post_tag","embeddable":true,"href":"https:\/\/www.europesays.com\/lv\/wp-json\/wp\/v2\/tags?post=62486"}],"curies":[{"name":"wp","href":"https:\/\/api.w.org\/{rel}","templated":true}]}}