{"id":62488,"date":"2025-12-01T05:33:08","date_gmt":"2025-12-01T05:33:08","guid":{"rendered":"https:\/\/www.europesays.com\/lv\/62488\/"},"modified":"2025-12-01T05:33:08","modified_gmt":"2025-12-01T05:33:08","slug":"pirmdiena-solas-but-silta-apollo-lv","status":"publish","type":"post","link":"https:\/\/www.europesays.com\/lv\/62488\/","title":{"rendered":"Pirmdiena sol\u0101s b\u016bt silta &#8211; Apollo.lv"},"content":{"rendered":"<ol>\n<li><a href=\"https:\/\/news.google.com\/rss\/articles\/CBMiZkFVX3lxTE1yeFBnMkxOd2NYeHVoeGVweWY5a1picl9vU1R4TmdjZFFyOWdrbmNyQ0gxbktwNVFfcy1feHYwbXpFR1ZSRVMwLUJDbmh5SlBUb2hoaDFLbEU2cmhFUFZGZ0o0M0hqdw?oc=5\" target=\"_blank\" rel=\"nofollow noopener\">Pirmdiena sol\u0101s b\u016bt silta<\/a>&nbsp;&nbsp;Apollo.lv<\/li>\n<li><a href=\"https:\/\/news.google.com\/rss\/articles\/CBMi7wFBVV95cUxPY0lxVWVUOVg0cTJ4RFpFRnpsbGRobFBDcVV4LUJwX2pscUk0Mno3eXl1bXREb1hZdm41ejk1aTdCeWRRTUlOWWR4QUR0R2lncFdYaTlwcXNDVVdWMlliaVVIUUh2eUxmU0EydWJVbHUwekNrcXJqLTZQOFFSRElTMGZqY1pSZkxSV3dldmpZbjlzN05ySXlobFZpUmROaXh4SzNmdWFNS1NjdHBybmJKYjNpNF93Q1lXTUp6akV0SXBBOWVlM3VwNWFTd0JrZnhRM2ZWYlRqdGswWm5NWXhUY2tmckRXMFY2Z3otRVhLZw?oc=5\" target=\"_blank\" rel=\"nofollow noopener\">Decembra pirmaj\u0101 ned\u0113\u013c\u0101 ziema Latvij\u0101 uz laiku atk\u0101psies, gaiss var iesilt l\u012bdz 8 gr\u0101diem \/ Raksts<\/a>&nbsp;&nbsp;LSM<\/li>\n<li><a href=\"https:\/\/news.google.com\/rss\/articles\/CBMibkFVX3lxTFBpZzV2OGEta0xOeVhSYjkzSUJPanYxZWh1MFprNC01ckNHdGctOU9FWFNYLVZybHYzem1IMm9lSi1ISHhQVVItQjlDVnBsNGZ1ZFBEZzNlZlR6eEUySFhEYkxMaWRpeWpMaHNoX1VR?oc=5\" target=\"_blank\" rel=\"nofollow noopener\">Pirmdien laikapst\u0101k\u013ci uzlabosies<\/a>&nbsp;&nbsp;TVNET<\/li>\n<li><a href=\"https:\/\/news.google.com\/rss\/articles\/CBMirAFBVV95cUxPdjJDSENBVC1abzZtSFRjRzRTQXdsYUdVMlNvOTJtOFBIZUVTaEZXZlVGaWNLdVlEclQ2N3RkMGxqTVdZYWFmVXFRMzBhbDh1a2VTMGsybzd3RGstcmtVXy1zUDcxM2pvamFNMzRQMHZCemNUWFhTSTR5dnQ5YjJaVmo5dnBGTGJDUVZkS1c5bFBDVFg5QmZTcjJzNUFINkVZM0phSkw5NV90TkVW?oc=5\" target=\"_blank\" rel=\"nofollow noopener\">Sinopti\u0137i public\u0113ju\u0161i jaun\u0101k\u0101s prognozes! N\u0101kamned\u0113\u013c laikapst\u0101k\u013ci Latvij\u0101 b\u016btiski main\u012bsies<\/a>&nbsp;&nbsp;LA.LV<\/li>\n<li><a href=\"https:\/\/news.google.com\/rss\/articles\/CBMihAFBVV95cUxPXzg4NUlqTDlNU2lUSXZSWkNWbG1fekNVUmtWTElBZWNXeDJGRmExaEZySWNRcWVEZV9OZWRVNERydkNaQ3dUWDZtbTRXeVRQdkV6WU45NmNYQWllVFJKSGd5OU1FRHpvZXhnVVdiaVpZcERFTVFkZUk4d2V3NklNX3lMTXg?oc=5\" target=\"_blank\" rel=\"nofollow noopener\">Piej\u016br\u0101 gaid\u0101ma silta diena<\/a>&nbsp;&nbsp;Diena<\/li>\n<\/ol>\n","protected":false},"excerpt":{"rendered":"Pirmdiena sol\u0101s b\u016bt silta&nbsp;&nbsp;Apollo.lv Decembra pirmaj\u0101 ned\u0113\u013c\u0101 ziema Latvij\u0101 uz laiku atk\u0101psies, gaiss var iesilt l\u012bdz 8 gr\u0101diem&hellip;\n","protected":false},"author":2,"featured_media":62489,"comment_status":"","ping_status":"","sticky":false,"template":"","format":"standard","meta":{"footnotes":""},"categories":[5],"tags":[23,28,29,32,33,22,396,397,30,31,35,39,38,36,37,34,40,20,26,27,24,25,21],"class_list":{"0":"post-62488","1":"post","2":"type-post","3":"status-publish","4":"format-standard","5":"has-post-thumbnail","7":"category-aktualitates","8":"tag-aktualitates","9":"tag-breaking-news","10":"tag-breakingnews","11":"tag-featured-news","12":"tag-featurednews","13":"tag-headlines","14":"tag-laika-zinas","15":"tag-laikapstakli","16":"tag-latest-news","17":"tag-latestnews","18":"tag-latvia","19":"tag-latvian","20":"tag-latviesu","21":"tag-latviesu-valoda","22":"tag-latviesuvaloda","23":"tag-latvija","24":"tag-lv","25":"tag-news","26":"tag-popularakas-zinas","27":"tag-popularakaszinas","28":"tag-top-stories","29":"tag-topstories","30":"tag-zinas"},"share_on_mastodon":{"url":"https:\/\/pubeurope.com\/@lv\/115642682771222253","error":""},"_links":{"self":[{"href":"https:\/\/www.europesays.com\/lv\/wp-json\/wp\/v2\/posts\/62488","targetHints":{"allow":["GET"]}}],"collection":[{"href":"https:\/\/www.europesays.com\/lv\/wp-json\/wp\/v2\/posts"}],"about":[{"href":"https:\/\/www.europesays.com\/lv\/wp-json\/wp\/v2\/types\/post"}],"author":[{"embeddable":true,"href":"https:\/\/www.europesays.com\/lv\/wp-json\/wp\/v2\/users\/2"}],"replies":[{"embeddable":true,"href":"https:\/\/www.europesays.com\/lv\/wp-json\/wp\/v2\/comments?post=62488"}],"version-history":[{"count":0,"href":"https:\/\/www.europesays.com\/lv\/wp-json\/wp\/v2\/posts\/62488\/revisions"}],"wp:featuredmedia":[{"embeddable":true,"href":"https:\/\/www.europesays.com\/lv\/wp-json\/wp\/v2\/media\/62489"}],"wp:attachment":[{"href":"https:\/\/www.europesays.com\/lv\/wp-json\/wp\/v2\/media?parent=62488"}],"wp:term":[{"taxonomy":"category","embeddable":true,"href":"https:\/\/www.europesays.com\/lv\/wp-json\/wp\/v2\/categories?post=62488"},{"taxonomy":"post_tag","embeddable":true,"href":"https:\/\/www.europesays.com\/lv\/wp-json\/wp\/v2\/tags?post=62488"}],"curies":[{"name":"wp","href":"https:\/\/api.w.org\/{rel}","templated":true}]}}