{"id":62506,"date":"2025-12-01T05:53:11","date_gmt":"2025-12-01T05:53:11","guid":{"rendered":"https:\/\/www.europesays.com\/lv\/62506\/"},"modified":"2025-12-01T05:53:11","modified_gmt":"2025-12-01T05:53:11","slug":"ttt-riga-un-rsu-basketbolistes-baltijas-liga-zaude-lietuvas-vienibam","status":"publish","type":"post","link":"https:\/\/www.europesays.com\/lv\/62506\/","title":{"rendered":"&#8220;TTT R\u012bga&#8221; un RSU basketbolistes Baltijas l\u012bg\u0101 zaud\u0113 Lietuvas vien\u012bb\u0101m"},"content":{"rendered":"<p>&#8220;TTT R\u012bga&#8221; sav\u0101 laukum\u0101 ar 68:79 (8:18, 27:21, 21:22, 12:18) piek\u0101p\u0101s Vi\u013c\u0146as &#8220;Kibirk\u0161tis&#8221;.<\/p>\n<p>Starp r\u012bdziniec\u0113m rezultat\u012bv\u0101k\u0101 ar 15 punktiem, septi\u0146\u0101m bumb\u0101m zem groziem un piec\u0101m rezultat\u012bv\u0101m piesp\u0113l\u0113m bija Ieva Pulvere, Enija V\u012bksne iekr\u0101ja 14 punktus un asto\u0146as atl\u0113ku\u0161\u0101s bumbas, kam\u0113r Nija Bekere pievienoja v\u0113l 13 punktus un asto\u0146as bumbas zem groziem.<\/p>\n<p>Vi\u013c\u0146as komandas uzvaru ar 14 punktiem sekm\u0113ja D\u017eapr\u012bsa D\u012bna un Daugile \u016ase, kura ar\u012b tika pie 19 atl\u0113ku\u0161aj\u0101m bumb\u0101m.<\/p>\n<p>Cit\u0101 sp\u0113l\u0113 RSU viesos ar 63:78 (25:21, 9:21, 16:23, 13:13) zaud\u0113ja Klaip\u0113das LCC.<\/p>\n<p>RSU lab\u0101 16 punktus guva Ieva V\u0113vere, \u0160arlote P\u0113tersone izc\u0113l\u0101s ar 14 punktiem un asto\u0146\u0101m bumb\u0101m zem groziem, kam\u0113r Lu\u012bze \u0160epte nosl\u0113dza ma\u010du ar 11 punktiem un tr\u012bs blo\u0137\u0113tiem metieniem.<\/p>\n<p>M\u0101jinie\u010du rind\u0101s rezultat\u012bv\u0101k\u0101 ar 14 punktiem un se\u0161\u0101m atl\u0113ku\u0161aj\u0101m bumb\u0101m bija L\u012bna Loceniece.<\/p>\n<p>&#8220;TTT R\u012bga&#8221; ar se\u0161\u0101m uzvar\u0101m asto\u0146\u0101s sp\u0113l\u0113s turn\u012bra tabul\u0101 atk\u0101pusies par vienu vietu un ir vicel\u012bdere, bet RSU ar tr\u012bs uzvar\u0101m ir sest\u0101 desmit komandu vid\u016b.<\/p>\n<p>WBBL pirmaj\u0101 div\u012bzij\u0101 Latviju p\u0101rst\u0101v &#8220;TTT R\u012bga&#8221; un &#8220;R\u012bgas Stradi\u0146a universit\u0101te&#8221; (RSU), Lietuvu &#8211; Vi\u013c\u0146as &#8220;Kibirk\u0161tis&#8221;, Klaip\u0113das &#8220;Nept\u016bnas-Amberton&#8221;, Klaip\u0113das LCC, &#8220;\u0160iauliai-Vilmers&#8221;, Al\u012btas &#8220;Gut.lt&#8221;, Kau\u0146as &#8220;Aistes-LSMU&#8221; un &#8220;Paneve\u017eys&#8221;, bet Igauniju &#8211; Tallinas TSA\/&#8221;Cityteed&#8221;.<\/p>\n<p>Otraj\u0101 div\u012bzij\u0101 Latviju p\u0101rst\u0101v &#8220;Liep\u0101ja&#8221;\/LSSS, Latvijas Jaunatnes izlase, &#8220;TTT Juniores&#8221; un &#8220;Daugavpils Universit\u0101te&#8221; (DU).<\/p>\n<p>Iepriek\u0161\u0113j\u0101 Baltijas l\u012bgas sezon\u0101 par \u010dempion\u0113m k\u013cuva Vi\u013c\u0146as &#8220;Kibirk\u0161tis&#8221; basketbolistes, kuras fin\u0101l\u0101 p\u0101rsp\u0113ja Klaip\u0113das &#8220;Nept\u016bnas&#8221;, bet c\u012b\u0146\u0101 par bronzas meda\u013c\u0101m &#8220;TTT R\u012bga&#8221; pieveica Klaip\u0113das LCC.<\/p>\n","protected":false},"excerpt":{"rendered":"&#8220;TTT R\u012bga&#8221; sav\u0101 laukum\u0101 ar 68:79 (8:18, 27:21, 21:22, 12:18) piek\u0101p\u0101s Vi\u013c\u0146as &#8220;Kibirk\u0161tis&#8221;. Starp r\u012bdziniec\u0113m rezultat\u012bv\u0101k\u0101 ar 15&hellip;\n","protected":false},"author":2,"featured_media":62507,"comment_status":"","ping_status":"","sticky":false,"template":"","format":"standard","meta":{"footnotes":""},"categories":[17],"tags":[145,35,39,38,36,37,34,2208,40,67,2150],"class_list":{"0":"post-62506","1":"post","2":"type-post","3":"status-publish","4":"format-standard","5":"has-post-thumbnail","7":"category-sports","8":"tag-basketbols","9":"tag-latvia","10":"tag-latvian","11":"tag-latviesu","12":"tag-latviesu-valoda","13":"tag-latviesuvaloda","14":"tag-latvija","15":"tag-latvijas-sieviesu-basketbola-izlase","16":"tag-lv","17":"tag-sports","18":"tag-ttt-riga"},"share_on_mastodon":{"url":"https:\/\/pubeurope.com\/@lv\/115642761391343330","error":""},"_links":{"self":[{"href":"https:\/\/www.europesays.com\/lv\/wp-json\/wp\/v2\/posts\/62506","targetHints":{"allow":["GET"]}}],"collection":[{"href":"https:\/\/www.europesays.com\/lv\/wp-json\/wp\/v2\/posts"}],"about":[{"href":"https:\/\/www.europesays.com\/lv\/wp-json\/wp\/v2\/types\/post"}],"author":[{"embeddable":true,"href":"https:\/\/www.europesays.com\/lv\/wp-json\/wp\/v2\/users\/2"}],"replies":[{"embeddable":true,"href":"https:\/\/www.europesays.com\/lv\/wp-json\/wp\/v2\/comments?post=62506"}],"version-history":[{"count":0,"href":"https:\/\/www.europesays.com\/lv\/wp-json\/wp\/v2\/posts\/62506\/revisions"}],"wp:featuredmedia":[{"embeddable":true,"href":"https:\/\/www.europesays.com\/lv\/wp-json\/wp\/v2\/media\/62507"}],"wp:attachment":[{"href":"https:\/\/www.europesays.com\/lv\/wp-json\/wp\/v2\/media?parent=62506"}],"wp:term":[{"taxonomy":"category","embeddable":true,"href":"https:\/\/www.europesays.com\/lv\/wp-json\/wp\/v2\/categories?post=62506"},{"taxonomy":"post_tag","embeddable":true,"href":"https:\/\/www.europesays.com\/lv\/wp-json\/wp\/v2\/tags?post=62506"}],"curies":[{"name":"wp","href":"https:\/\/api.w.org\/{rel}","templated":true}]}}