{"id":62516,"date":"2025-12-01T06:01:12","date_gmt":"2025-12-01T06:01:12","guid":{"rendered":"https:\/\/www.europesays.com\/lv\/62516\/"},"modified":"2025-12-01T06:01:12","modified_gmt":"2025-12-01T06:01:12","slug":"spriedze-asv-un-venecuelas-starpa-tramps-sazvanijies-ar-maduro","status":"publish","type":"post","link":"https:\/\/www.europesays.com\/lv\/62516\/","title":{"rendered":"Spriedze ASV un Venecu\u0113las starp\u0101: Tramps sazvan\u012bjies ar Maduro"},"content":{"rendered":"<p>ASV ir izvietoju\u0161as papildu karasp\u0113ku Kar\u012bbu j\u016bras re\u0123ion\u0101 un no Vidusj\u016bras uz \u0161o re\u0123ionu p\u0101rc\u0113lu\u0161as pasaul\u0113 liel\u0101ko lidma\u0161\u012bnu b\u0101zesku\u0123i &#8220;Gerald R Ford&#8221;, ko pavada citi karaku\u0123i un t\u0101las darb\u012bbas r\u0101diusa bumbved\u0113js.<\/p>\n<p>ASV armija p\u0113d\u0113j\u0101s ned\u0113\u013c\u0101s ir ap\u0161aud\u012bjusi narkotiku kontrabandistu ku\u0123us Kar\u012bbu j\u016br\u0101, nogalinot vair\u0101k nek\u0101 80 cilv\u0113kus. \u0160\u012bs darb\u012bbas ir pla\u0161i kritiz\u0113tas, jo Va\u0161ingtona s\u0101kotn\u0113ji nesniedza juridisku pamatojumu \u0161iem triecieniem.<\/p>\n<p>Trampa administr\u0101cija ir pasludin\u0101jusi narkotiku karte\u013cus par teroristu organiz\u0101cij\u0101m.<\/p>\n<p>Karakasa apgalvo, ka Va\u0161ingtona ar \u0161\u012bm oper\u0101cij\u0101m cen\u0161as pan\u0101kt Venecu\u0113las re\u017e\u012bma mai\u0146u, un sv\u0113tdien Maduro pazi\u0146oja, ka ASV v\u0113las p\u0101r\u0146emt sav\u0101 kontrol\u0113 Venecu\u0113las naftu.<\/p>\n<p>V\u0113stul\u0113 naftas eksport\u0113t\u0101jvalstu organiz\u0101cijai OPEC Maduro apgalvojis, ka ASV palielina milit\u0101ro kl\u0101tb\u016btni Kar\u012bbu j\u016bras re\u0123ion\u0101 centienos p\u0101r\u0146emt sav\u0101 kontrol\u0113 Venecu\u0113las naftas rezerves.<\/p>\n<p>Maduro pazi\u0146oja, ka ASV sp\u0113ki Kar\u012bbu j\u016br\u0101 sasniedz 15 000 karav\u012bru un 14 karaku\u0123us. Ar\u012b ASV medijos ir izskan\u0113ju\u0161i l\u012bdz\u012bgi dati.<\/p>\n<p>ASV neuzskata Maduro par likum\u012bgu prezidentu. T\u0101pat k\u0101 Eiropas Savien\u012bba un daudzas Lat\u012b\u0146amerikas valstis, t\u0101s ap\u0161auba 2024. gada prezidenta v\u0113l\u0113\u0161anu ofici\u0101los rezult\u0101tus.<\/p>\n<p>ASV ar\u012b aps\u016bdz Venecu\u0113lu par saist\u012bbu ar narkotiku tirdzniec\u012bbu. <a href=\"https:\/\/www.tvnet.lv\/term\/555645\/venecuela\" class=\"topicLink\" target=\"_blank\" rel=\"nofollow noopener\">Venecu\u0113la<\/a> to noliedz.<\/p>\n","protected":false},"excerpt":{"rendered":"ASV ir izvietoju\u0161as papildu karasp\u0113ku Kar\u012bbu j\u016bras re\u0123ion\u0101 un no Vidusj\u016bras uz \u0161o re\u0123ionu p\u0101rc\u0113lu\u0161as pasaul\u0113 liel\u0101ko lidma\u0161\u012bnu&hellip;\n","protected":false},"author":2,"featured_media":62517,"comment_status":"","ping_status":"","sticky":false,"template":"","format":"standard","meta":{"footnotes":""},"categories":[14],"tags":[23,57,292,28,29,542,32,33,22,30,31,35,39,38,36,37,34,40,359,20,26,27,24,25,358,54,55,56,21,58],"class_list":{"0":"post-62516","1":"post","2":"type-post","3":"status-publish","4":"format-standard","5":"has-post-thumbnail","7":"category-zinas-no-arvalstim","8":"tag-aktualitates","9":"tag-arvalstim","10":"tag-asv","11":"tag-breaking-news","12":"tag-breakingnews","13":"tag-donalds-tramps","14":"tag-featured-news","15":"tag-featurednews","16":"tag-headlines","17":"tag-latest-news","18":"tag-latestnews","19":"tag-latvia","20":"tag-latvian","21":"tag-latviesu","22":"tag-latviesu-valoda","23":"tag-latviesuvaloda","24":"tag-latvija","25":"tag-lv","26":"tag-narkotikas","27":"tag-news","28":"tag-popularakas-zinas","29":"tag-popularakaszinas","30":"tag-top-stories","31":"tag-topstories","32":"tag-venecuela","33":"tag-world","34":"tag-world-news","35":"tag-worldnews","36":"tag-zinas","37":"tag-zinas-no-arvalstim"},"share_on_mastodon":{"url":"https:\/\/pubeurope.com\/@lv\/115642793030395271","error":""},"_links":{"self":[{"href":"https:\/\/www.europesays.com\/lv\/wp-json\/wp\/v2\/posts\/62516","targetHints":{"allow":["GET"]}}],"collection":[{"href":"https:\/\/www.europesays.com\/lv\/wp-json\/wp\/v2\/posts"}],"about":[{"href":"https:\/\/www.europesays.com\/lv\/wp-json\/wp\/v2\/types\/post"}],"author":[{"embeddable":true,"href":"https:\/\/www.europesays.com\/lv\/wp-json\/wp\/v2\/users\/2"}],"replies":[{"embeddable":true,"href":"https:\/\/www.europesays.com\/lv\/wp-json\/wp\/v2\/comments?post=62516"}],"version-history":[{"count":0,"href":"https:\/\/www.europesays.com\/lv\/wp-json\/wp\/v2\/posts\/62516\/revisions"}],"wp:featuredmedia":[{"embeddable":true,"href":"https:\/\/www.europesays.com\/lv\/wp-json\/wp\/v2\/media\/62517"}],"wp:attachment":[{"href":"https:\/\/www.europesays.com\/lv\/wp-json\/wp\/v2\/media?parent=62516"}],"wp:term":[{"taxonomy":"category","embeddable":true,"href":"https:\/\/www.europesays.com\/lv\/wp-json\/wp\/v2\/categories?post=62516"},{"taxonomy":"post_tag","embeddable":true,"href":"https:\/\/www.europesays.com\/lv\/wp-json\/wp\/v2\/tags?post=62516"}],"curies":[{"name":"wp","href":"https:\/\/api.w.org\/{rel}","templated":true}]}}