{"id":62520,"date":"2025-12-01T06:07:08","date_gmt":"2025-12-01T06:07:08","guid":{"rendered":"https:\/\/www.europesays.com\/lv\/62520\/"},"modified":"2025-12-01T06:07:08","modified_gmt":"2025-12-01T06:07:08","slug":"bojagajuso-skaits-pieaug-lidz-442-glabeji-cinas-par-katru-dzivibu-lente-lv","status":"publish","type":"post","link":"https:\/\/www.europesays.com\/lv\/62520\/","title":{"rendered":"boj\u0101g\u0101ju\u0161o skaits pieaug l\u012bdz 442, gl\u0101b\u0113ji c\u012bn\u0101s par katru dz\u012bv\u012bbu\u00a0\u2014\u00a0Lente.lv"},"content":{"rendered":"<p>Indon\u0113zijas gl\u0101b\u0113ji turpina mekl\u0113t izdz\u012bvoju\u0161os pl\u016bdos un zemes nogruvumos<\/p>\n<p>Indon\u0113zij\u0101 turpin\u0101s intens\u012bva gl\u0101b\u0161anas oper\u0101cija p\u0113c posto\u0161iem pl\u016bdiem un zemes nogruvumiem, kas satrieku\u0161i valsti. Varas iest\u0101des sv\u0113tdien zi\u0146oja, ka boj\u0101g\u0101ju\u0161o skaits sasniedzis 442 cilv\u0113kus, un gl\u0101b\u0113ji arvien cen\u0161as piek\u013c\u016bt visvair\u0101k skartajiem rajoniem Sumatras sal\u0101. Tur t\u016bksto\u0161iem iedz\u012bvot\u0101ju paliku\u0161i bez nepiecie\u0161amaj\u0101m pamata liet\u0101m.<\/p>\n<p>P\u0113d\u0113j\u0101s dien\u0101s uzlaboju\u0161ies laikapst\u0101k\u013ci Sumatr\u0101, \u013caujot gl\u0101b\u0113jiem atrast un izgl\u0101bt vair\u0101k cilv\u0113ku \u0137erme\u0146u. Tom\u0113r daudzas teritorijas joproj\u0101m ir gr\u016bti sasniedzamas zemes nogruvumu un strauju pl\u016bdu d\u0113\u013c, kas jau pa\u0146\u0113mu\u0161i vair\u0101k nek\u0101 300 dz\u012bv\u012bbu un atst\u0101ju\u0161i daudzus bez v\u0113sts.<\/p>\n<p>Tr\u016bkst resursu un piek\u013cuves gr\u016bti skartaj\u0101m zon\u0101m<\/p>\n<p>Nacion\u0101l\u0101s katastrofu p\u0101rvald\u012bbas a\u0123ent\u016bras (BNPB) dati liecina, ka aptuveni 402 cilv\u0113ki joproj\u0101m ir pazudu\u0161i. S\u0101kotn\u0113jie gl\u0101b\u0161anas darbi tika kav\u0113ti smag\u0101s tehnikas tr\u016bkuma d\u0113\u013c. K\u0101 nor\u0101d\u012bjis vald\u012bbas katastrofu pal\u012bdz\u012bbas a\u0123ent\u016bras vad\u012bt\u0101js Suharjanto (kas, t\u0101pat k\u0101 daudzi indon\u0113zie\u0161i, lieto tikai vienu v\u0101rdu), tiek uzskat\u012bts, ka boj\u0101g\u0101ju\u0161o skaits turpin\u0101s pieaugt, jo daudzi \u0137erme\u0146i v\u0113l nav atrasti un sasniegti.<\/p>\n<p>Sumatras da\u013cas, kas paz\u012bstamas ar saviem za\u013cajiem me\u017eiem, vulk\u0101niem un kalnu gr\u0113d\u0101m, ir izol\u0113tas boj\u0101to ce\u013cu un p\u0101rrauto sakaru l\u012bniju d\u0113\u013c. Pal\u012bdz\u012bbas pieg\u0101de tiek veikta ar transporta lidma\u0161\u012bn\u0101m.<\/p>\n<p>Mon\u016bnu lieti izrais\u012bju\u0161i posto\u0161us pl\u016bdus<\/p>\n<p>\u0160ie posto\u0161ie pl\u016bdi un zemes nogruvumi ir jaun\u0101k\u0101 dabas katastrofa, kas sk\u0101rusi Indon\u0113ziju. Valsts atrodas uz Klus\u0101 oke\u0101na &#8220;Uguns gredzena&#8221;, seismiski akt\u012bva loka, kas bie\u017ei vien piedz\u012bvo zemestr\u012bces, vulk\u0101nu izvirdumus un cunami. Pag\u0101ju\u0161\u0101s ned\u0113\u013cas sp\u0113c\u012bg\u0101s musonu lietusg\u0101zes izrais\u012bja upju izie\u0161anu no krastiem.<\/p>\n<p>\u016adens pl\u016bdi plos\u012bju\u0161ies kalnu ciematos, aiznesot cilv\u0113kus un appludinot t\u016bksto\u0161iem m\u0101ju un \u0113ku trij\u0101s provinc\u0113s: Zieme\u013csumatr\u0101, Rietumsumatr\u0101 un Aceh\u0101. Zieme\u013csumatr\u0101 boj\u0101g\u0101ju\u0161o skaits sasniedzis 166, Rietumsumatr\u0101 miru\u0161i 90 cilv\u0113ki, bet Aceh\u0101 atrasti 47 upuru \u0137erme\u0146i. Aptuveni 59 660 \u0123imenes ir p\u0101rvietotas uz pagaidu vald\u012bbas patversm\u0113m.<\/p>\n<p>Cer\u012bba uz izdz\u012bvoju\u0161ajiem un sabiedr\u012bbas ba\u017eas<\/p>\n<p>Varas iest\u0101des izmantoja m\u0101ksl\u012bgo nokri\u0161\u0146u rad\u012b\u0161anu (cloud seeding), izkaisot da\u013ci\u0146as m\u0101ko\u0146os, lai novirz\u012btu lietusg\u0101zes prom no gl\u0101b\u0161anas darbu zon\u0101m. Rietumsumatras Padangas Pand\u017eangas pils\u0113t\u0101 gl\u0101b\u0113ji atrada pl\u016bdu upura \u0137ermeni. Agamas apgabal\u0101 Rietumsumatr\u0101 gandr\u012bz 80 cilv\u0113ku joproj\u0101m ir pazudu\u0161i, aprakti zem dub\u013cu un akme\u0146u kalniem.<\/p>\n<p>Past\u0101v izmis\u012bga nepiecie\u0161am\u012bba p\u0113c smag\u0101s tehnikas, lai sasniegtu iesp\u0113jamos izdz\u012bvoju\u0161os. Tuvi cilv\u0113ki raud\u0101ja, v\u0113rojot, k\u0101 gl\u0101b\u0113ji izvelk \u0137erme\u0146us no apraktas m\u0101jas Salarehas Aia ciemat\u0101. Att\u0113los redzami ar\u012b milz\u012bgi ba\u013c\u0137u mas\u012bvi, kas izskaloti Rietumsumatras Air Tawar pludmal\u0113, radot sabiedr\u012bb\u0101 ba\u017eas par iesp\u0113jamu neleg\u0101lo cir\u0161anu, kas var\u0113tu b\u016bt veicin\u0101jusi katastrofu.<\/p>\n<p>P\u0113d\u0113j\u0101s zi\u0146as no Aceh provinces<\/p>\n<p>Acehas provinc\u0113, Sumatras zieme\u013cu gal\u0101, varasiest\u0101d\u0113m bija gr\u016bt\u012bbas disloc\u0113t traktorus un citu smago apr\u012bkojumu. Simtiem policistu, karav\u012bru un viet\u0113jo iedz\u012bvot\u0101ju ar plik\u0101m rok\u0101m, l\u0101pst\u0101m un kap\u013ciem p\u0101rmekl\u0113ja drupas, kam\u0113r re\u0123ionu plos\u012bja sp\u0113c\u012bgs lietus. Aceh\u0101 izsludin\u0101ts \u0101rk\u0101rtas st\u0101voklis l\u012bdz 11. decembrim.<\/p>\n<p>Viet\u0113jie mediji zi\u0146oja, ka Bireuenas apgabal\u0101 Aceh\u0101 notiku\u0161ie straujie pl\u016bdi sabruca vienu tiltu, paraliz\u0113jot divvirzienu satiksmi no Zieme\u013csumatras pils\u0113tas Medanas uz Bandu Aceh, un piespie\u017eot iedz\u012bvot\u0101jus \u0161\u0137\u0113rsot upi no ciema uz ciemu ar laivu. Indon\u0113zij\u0101, salu arhipel\u0101g\u0101 ar 17 000 sal\u0101m, kur miljoniem cilv\u0113ku dz\u012bvo kalnainos re\u0123ionos vai tuvu upju palien\u0113m, sezonas lietusg\u0101zes bie\u017ei vien izraisa pl\u016bdus un zemes nogruvumus.<\/p>\n","protected":false},"excerpt":{"rendered":"Indon\u0113zijas gl\u0101b\u0113ji turpina mekl\u0113t izdz\u012bvoju\u0161os pl\u016bdos un zemes nogruvumos Indon\u0113zij\u0101 turpin\u0101s intens\u012bva gl\u0101b\u0161anas oper\u0101cija p\u0113c posto\u0161iem pl\u016bdiem un&hellip;\n","protected":false},"author":2,"featured_media":62521,"comment_status":"","ping_status":"","sticky":false,"template":"","format":"standard","meta":{"footnotes":""},"categories":[14],"tags":[23,57,16447,28,29,32,33,16446,22,16443,16445,30,31,35,39,38,36,37,34,40,20,26,27,24,25,54,55,56,16444,21,58],"class_list":{"0":"post-62520","1":"post","2":"type-post","3":"status-publish","4":"format-standard","5":"has-post-thumbnail","7":"category-zinas-no-arvalstim","8":"tag-aktualitates","9":"tag-arvalstim","10":"tag-bojagajuso-skaits","11":"tag-breaking-news","12":"tag-breakingnews","13":"tag-featured-news","14":"tag-featurednews","15":"tag-glabsanas-darbi","16":"tag-headlines","17":"tag-indonezijas-pludi","18":"tag-katastrofu-parvaldiba-indonezija","19":"tag-latest-news","20":"tag-latestnews","21":"tag-latvia","22":"tag-latvian","23":"tag-latviesu","24":"tag-latviesu-valoda","25":"tag-latviesuvaloda","26":"tag-latvija","27":"tag-lv","28":"tag-news","29":"tag-popularakas-zinas","30":"tag-popularakaszinas","31":"tag-top-stories","32":"tag-topstories","33":"tag-world","34":"tag-world-news","35":"tag-worldnews","36":"tag-zemes-nogruvumi-sumatra","37":"tag-zinas","38":"tag-zinas-no-arvalstim"},"share_on_mastodon":{"url":"","error":"Validation failed: Text character limit of 500 exceeded"},"_links":{"self":[{"href":"https:\/\/www.europesays.com\/lv\/wp-json\/wp\/v2\/posts\/62520","targetHints":{"allow":["GET"]}}],"collection":[{"href":"https:\/\/www.europesays.com\/lv\/wp-json\/wp\/v2\/posts"}],"about":[{"href":"https:\/\/www.europesays.com\/lv\/wp-json\/wp\/v2\/types\/post"}],"author":[{"embeddable":true,"href":"https:\/\/www.europesays.com\/lv\/wp-json\/wp\/v2\/users\/2"}],"replies":[{"embeddable":true,"href":"https:\/\/www.europesays.com\/lv\/wp-json\/wp\/v2\/comments?post=62520"}],"version-history":[{"count":0,"href":"https:\/\/www.europesays.com\/lv\/wp-json\/wp\/v2\/posts\/62520\/revisions"}],"wp:featuredmedia":[{"embeddable":true,"href":"https:\/\/www.europesays.com\/lv\/wp-json\/wp\/v2\/media\/62521"}],"wp:attachment":[{"href":"https:\/\/www.europesays.com\/lv\/wp-json\/wp\/v2\/media?parent=62520"}],"wp:term":[{"taxonomy":"category","embeddable":true,"href":"https:\/\/www.europesays.com\/lv\/wp-json\/wp\/v2\/categories?post=62520"},{"taxonomy":"post_tag","embeddable":true,"href":"https:\/\/www.europesays.com\/lv\/wp-json\/wp\/v2\/tags?post=62520"}],"curies":[{"name":"wp","href":"https:\/\/api.w.org\/{rel}","templated":true}]}}